{"id":60625,"date":"2026-03-05T03:09:07","date_gmt":"2026-03-05T03:09:07","guid":{"rendered":"https:\/\/bihavadis.com\/?p=60625"},"modified":"2026-03-05T03:09:07","modified_gmt":"2026-03-05T03:09:07","slug":"kandira-belediye-meclisi-iftar-sofrasinda-bir-araya-geldi","status":"publish","type":"post","link":"https:\/\/bihavadis.com\/index.php\/2026\/03\/05\/kandira-belediye-meclisi-iftar-sofrasinda-bir-araya-geldi\/","title":{"rendered":"Kand\u0131ra Belediye Meclisi \u0130ftar Sofras\u0131&#8217;nda Bir Araya Geldi"},"content":{"rendered":"<p>Erol \u00d6lmez, geleneksel Ramazan bulu\u015fmalar\u0131 kapsam\u0131nda belediye meclis \u00fcyeleriyle G\u00f6n\u00fcl Sofras\u0131 iftar program\u0131nda bir araya geldi.\u00a0<br \/>Kand\u0131ra Belediyesi\u2019ne ait Seyrek Palamar Cafe &#038; Restaurant\u2019ta ger\u00e7ekle\u015fen G\u00f6n\u00fcl Sofras\u0131 iftar program\u0131na Kand\u0131ra Belediyesi meclis \u00fcyeleri yo\u011fun ilgi g\u00f6sterdi.<br \/>Meclis \u00dcyeleri Ayn\u0131 Sofrada Bulu\u015ftu.<br \/>Kand\u0131ra Belediye Ba\u015fkan\u0131 Erol \u00d6lmez, Ramazan ay\u0131n\u0131n manevi atmosferinde belediye meclis \u00fcyeleriyle ayn\u0131 sofray\u0131 payla\u015fman\u0131n mutlulu\u011funu ya\u015fad\u0131klar\u0131n\u0131 ifade etti.\u00a0<br \/>\u0130ftar program\u0131nda konu\u015fan Ba\u015fkan \u00d6lmez, Ramazan\u2019\u0131n birlik, beraberlik ve dayan\u0131\u015fma ay\u0131 oldu\u011funa vurgu yaparak, il\u00e7enin gelece\u011fine dair al\u0131nan kararlarda isti\u015fare k\u00fclt\u00fcr\u00fcn\u00fcn \u00f6nemine dikkat \u00e7ekti.<br \/>Meclis \u00fcyeleriyle kurulan g\u00fc\u00e7l\u00fc ileti\u015fim ve ortak akl\u0131n, Kand\u0131ra\u2019ya hizmet yolunda en b\u00fcy\u00fck g\u00fc\u00e7 oldu\u011funu belirten \u00d6lmez, yerel y\u00f6netimde uyum ve i\u015f birli\u011fi i\u00e7erisinde \u00e7al\u0131\u015fmaya devam edeceklerini s\u00f6yledi.<br \/>Ramazan\u2019\u0131n; payla\u015fmay\u0131, yard\u0131mla\u015fmay\u0131 ve g\u00f6n\u00fcl birli\u011fini peki\u015ftirdi\u011fini belirten Ba\u015fkan \u00d6lmez, ayn\u0131 sofrada bulu\u015fman\u0131n manevi de\u011ferine dikkat \u00e7ekti.<br \/>Ba\u015fkan \u00d6lmez Te\u015fekk\u00fcr Etti<br \/>Samimi bir ortamda ger\u00e7ekle\u015fen iftar program\u0131, kar\u015f\u0131l\u0131kl\u0131 iyi dilek ve temennilerle sona erdi. Ba\u015fkan \u00d6lmez, kat\u0131l\u0131m sa\u011flayan t\u00fcm meclis \u00fcyelerine te\u015fekk\u00fcr ederek, Kand\u0131ra halk\u0131 i\u00e7in \u00f6zveri ve heyecanla \u00e7al\u0131\u015fmay\u0131 s\u00fcrd\u00fcreceklerini ifade etti.<\/p>\n<p>\u00a0<\/p>\n<p>\u00a0<\/p>\n<p>Kaynak: (BYZHA) Beyaz Haber Ajans\u0131<\/p>\n","protected":false},"excerpt":{"rendered":"<p>Erol \u00d6lmez, geleneksel Ramazan bulu\u015fmalar\u0131 kapsam\u0131nda belediye meclis \u00fcyeleriyle G\u00f6n\u00fcl Sofras\u0131 iftar program\u0131nda bir araya geldi.\u00a0<\/p>\n","protected":false},"author":1,"featured_media":60626,"comment_status":"open","ping_status":"open","sticky":false,"template":"","format":"standard","meta":{"footnotes":""},"categories":[4],"tags":[516,372,7175,7174,4793],"class_list":["post-60625","post","type-post","status-publish","format-standard","has-post-thumbnail","hentry","category-gundem","tag-baskan","tag-belediye","tag-kandira","tag-meclis-uyeleri","tag-olmez"],"_links":{"self":[{"href":"https:\/\/bihavadis.com\/index.php\/wp-json\/wp\/v2\/posts\/60625","targetHints":{"allow":["GET"]}}],"collection":[{"href":"https:\/\/bihavadis.com\/index.php\/wp-json\/wp\/v2\/posts"}],"about":[{"href":"https:\/\/bihavadis.com\/index.php\/wp-json\/wp\/v2\/types\/post"}],"author":[{"embeddable":true,"href":"https:\/\/bihavadis.com\/index.php\/wp-json\/wp\/v2\/users\/1"}],"replies":[{"embeddable":true,"href":"https:\/\/bihavadis.com\/index.php\/wp-json\/wp\/v2\/comments?post=60625"}],"version-history":[{"count":1,"href":"https:\/\/bihavadis.com\/index.php\/wp-json\/wp\/v2\/posts\/60625\/revisions"}],"predecessor-version":[{"id":60627,"href":"https:\/\/bihavadis.com\/index.php\/wp-json\/wp\/v2\/posts\/60625\/revisions\/60627"}],"wp:featuredmedia":[{"embeddable":true,"href":"https:\/\/bihavadis.com\/index.php\/wp-json\/wp\/v2\/media\/60626"}],"wp:attachment":[{"href":"https:\/\/bihavadis.com\/index.php\/wp-json\/wp\/v2\/media?parent=60625"}],"wp:term":[{"taxonomy":"category","embeddable":true,"href":"https:\/\/bihavadis.com\/index.php\/wp-json\/wp\/v2\/categories?post=60625"},{"taxonomy":"post_tag","embeddable":true,"href":"https:\/\/bihavadis.com\/index.php\/wp-json\/wp\/v2\/tags?post=60625"}],"curies":[{"name":"wp","href":"https:\/\/api.w.org\/{rel}","templated":true}]}}