{"id":60638,"date":"2026-03-05T03:21:04","date_gmt":"2026-03-05T03:21:04","guid":{"rendered":"https:\/\/bihavadis.com\/?p=60638"},"modified":"2026-03-05T03:21:04","modified_gmt":"2026-03-05T03:21:04","slug":"abbas-erakci-teslim-olmuyoruz-cunku-iranliyiz","status":"publish","type":"post","link":"https:\/\/bihavadis.com\/index.php\/2026\/03\/05\/abbas-erakci-teslim-olmuyoruz-cunku-iranliyiz\/","title":{"rendered":"Abbas Erak\u00e7i: Teslim olmuyoruz \u00e7\u00fcnk\u00fc \u0130ranl\u0131y\u0131z"},"content":{"rendered":"<p>\u0130ran D\u0131\u015fi\u015fleri Bakan\u0131 Abbas Erak\u00e7i, ABD Ba\u015fkan\u0131 Donald Trump&#8217;\u0131n Ortado\u011fu \u00d6zel Temsilcisi Steve Witkoff&#8217;un a\u00e7\u0131klamas\u0131na sosyal medya hesab\u0131 \u00fczerinden yan\u0131t verdi.<\/p>\n<p>Erak\u00e7i, \u0130ran haritas\u0131n\u0131n bayrakla kapland\u0131\u011f\u0131 bir g\u00f6rsel payla\u015farak, <b><em>&#8220;Neden teslim olmad\u0131\u011f\u0131m\u0131z\u0131 m\u0131 merak ediyorsunuz? \u00c7\u00fcnk\u00fc biz \u0130ranl\u0131y\u0131z&#8221;<\/em><\/b> ifadelerini kulland\u0131.<\/p>\n<p><strong>&#8220;TRUMP, \u0130RAN&#8217;IN NEDEN TESL\u0130M OLMADI\u011eINI MERAK ED\u0130YOR&#8221;<\/strong><\/p>\n<p>Witkoff, ABD bas\u0131n\u0131na verdi\u011fi r\u00f6portajda ABD&#8217;nin Orta Do\u011fu&#8217;daki askeri varl\u0131\u011f\u0131n\u0131 art\u0131rmas\u0131na ra\u011fmen \u0130ran&#8217;\u0131n geri ad\u0131m atmad\u0131\u011f\u0131na dikkat \u00e7ekmi\u015fti.<\/p>\n<p>Trump&#8217;\u0131n \u0130ran&#8217;\u0131n yo\u011fun bask\u0131 ve b\u00f6lgedeki g\u00fc\u00e7l\u00fc ABD deniz konu\u015flanmas\u0131na ra\u011fmen ABD&#8217;ye, <b><em>&#8220;N\u00fckleer silah istemiyoruz, i\u015fte yapmaya haz\u0131r olduklar\u0131m\u0131z&#8221;<\/em><\/b> \u015feklinde bir ad\u0131m atmam\u0131\u015f olmas\u0131n\u0131 sorgulad\u0131\u011f\u0131n\u0131 belirten Witkoff, <b><em>&#8220;Teslim olmak ifadesini kullanmak istemiyorum ama Trump, \u0130ran&#8217;\u0131n neden hala teslim olmad\u0131\u011f\u0131n\u0131 merak ediyor&#8221;<\/em><\/b> demi\u015fti.<\/p>\n<div> <span><strong>Kaynak:<\/strong> \u0130hlas Haber Ajans\u0131 (\u0130HA)<\/span> <\/div>\n","protected":false},"excerpt":{"rendered":"<p>\u0130ran D\u0131\u015fi\u015fleri Bakan\u0131 Abbas Erak\u00e7i, ABD Ba\u015fkan\u0131 Donald Trump&#8217;\u0131n Ortado\u011fu \u00d6zel Temsilcisi Steve Witkoff&#8217;un a\u00e7\u0131klamas\u0131na sosyal medya hesab\u0131 \u00fczerinden yan\u0131t verdi. Erak\u00e7i, \u0130ran haritas\u0131n\u0131n bayrakla kapland\u0131\u011f\u0131 bir g\u00f6rsel payla\u015farak, &#8220;Neden teslim &#8230;<\/p>\n","protected":false},"author":1,"featured_media":60639,"comment_status":"open","ping_status":"open","sticky":false,"template":"","format":"standard","meta":{"footnotes":""},"categories":[6],"tags":[272,271],"class_list":["post-60638","post","type-post","status-publish","format-standard","has-post-thumbnail","hentry","category-dunya","tag-abd","tag-iran"],"_links":{"self":[{"href":"https:\/\/bihavadis.com\/index.php\/wp-json\/wp\/v2\/posts\/60638","targetHints":{"allow":["GET"]}}],"collection":[{"href":"https:\/\/bihavadis.com\/index.php\/wp-json\/wp\/v2\/posts"}],"about":[{"href":"https:\/\/bihavadis.com\/index.php\/wp-json\/wp\/v2\/types\/post"}],"author":[{"embeddable":true,"href":"https:\/\/bihavadis.com\/index.php\/wp-json\/wp\/v2\/users\/1"}],"replies":[{"embeddable":true,"href":"https:\/\/bihavadis.com\/index.php\/wp-json\/wp\/v2\/comments?post=60638"}],"version-history":[{"count":1,"href":"https:\/\/bihavadis.com\/index.php\/wp-json\/wp\/v2\/posts\/60638\/revisions"}],"predecessor-version":[{"id":60640,"href":"https:\/\/bihavadis.com\/index.php\/wp-json\/wp\/v2\/posts\/60638\/revisions\/60640"}],"wp:featuredmedia":[{"embeddable":true,"href":"https:\/\/bihavadis.com\/index.php\/wp-json\/wp\/v2\/media\/60639"}],"wp:attachment":[{"href":"https:\/\/bihavadis.com\/index.php\/wp-json\/wp\/v2\/media?parent=60638"}],"wp:term":[{"taxonomy":"category","embeddable":true,"href":"https:\/\/bihavadis.com\/index.php\/wp-json\/wp\/v2\/categories?post=60638"},{"taxonomy":"post_tag","embeddable":true,"href":"https:\/\/bihavadis.com\/index.php\/wp-json\/wp\/v2\/tags?post=60638"}],"curies":[{"name":"wp","href":"https:\/\/api.w.org\/{rel}","templated":true}]}}