{"id":60663,"date":"2026-03-05T03:45:06","date_gmt":"2026-03-05T03:45:06","guid":{"rendered":"https:\/\/bihavadis.com\/?p=60663"},"modified":"2026-03-05T03:45:06","modified_gmt":"2026-03-05T03:45:06","slug":"spor-malzemeleri-okul-mudurlerine-teslim-edildi","status":"publish","type":"post","link":"https:\/\/bihavadis.com\/index.php\/2026\/03\/05\/spor-malzemeleri-okul-mudurlerine-teslim-edildi\/","title":{"rendered":"Spor Malzemeleri Okul M\u00fcd\u00fcrlerine Teslim Edildi"},"content":{"rendered":"<p>Milli E\u011fitim Bakanl\u0131\u011f\u0131 Temel E\u011fitim Genel M\u00fcd\u00fcrl\u00fc\u011f\u00fcnce haz\u0131rlanarak Karaman&#8217; g\u00f6nderilen spor malzemeleri, okul m\u00fcd\u00fcrlerine teslim edildi.<\/p>\n<p>T\u00fcrkiye Y\u00fczy\u0131l\u0131 Maarif Modeli do\u011frultusunda \u00f6\u011frencilerin \u00e7ok y\u00f6nl\u00fc geli\u015fimlerini desteklemek amac\u0131yla \u00e7al\u0131\u015fma y\u00fcr\u00fct\u00fcl\u00fcyor.<\/p>\n<p>Bu kapsamda okullara da\u011f\u0131t\u0131lmak \u00fczere haz\u0131rlanan spor malzemeleri, \u0130l Milli E\u011fitim M\u00fcd\u00fcr\u00fc Mehmet \u00c7al\u0131\u015fkan \u00f6nc\u00fcl\u00fc\u011f\u00fcnde okul m\u00fcd\u00fcrlerine da\u011f\u0131t\u0131ld\u0131.<\/p>\n<p>\u00c7al\u0131\u015fkan, \u0130l Milli E\u011fitim M\u00fcd\u00fcrl\u00fc\u011f\u00fc bah\u00e7esinde d\u00fczenlenen t\u00f6rende, T\u00fcrkiye Y\u00fczy\u0131l\u0131 Maarif Modeli&#8217;nin \u00f6\u011frenciyi merkeze alan b\u00fct\u00fcnc\u00fcl bir yakla\u015f\u0131m\u0131 benimsedi\u011fini belirtti.<\/p>\n<p>E\u011fitimin yaln\u0131zca akademik ba\u015far\u0131dan ibaret olmad\u0131\u011f\u0131n\u0131 anlatan \u00c7al\u0131\u015fkan, &#8220;\u00d6\u011frencilerimizin bedensel, ruhsal ve sosyal geli\u015fimlerini de en az akademik kazan\u0131mlar kadar \u00f6nemsiyoruz. Okullar\u0131m\u0131zda kullan\u0131lmak \u00fczere g\u00f6nderilen spor malzemeleri, \u00f6\u011frencilerimizin daha aktif okul hayat\u0131 ya\u015famalar\u0131na katk\u0131 sunacakt\u0131r. Amac\u0131m\u0131z, \u00e7ocuklar\u0131n yeteneklerini ke\u015ffettikleri mutlu ve g\u00fcvenli bir e\u011fitim ortam\u0131 olu\u015fturmakt\u0131r.&#8221; ifadelerini kulland\u0131.<\/p>\n","protected":false},"excerpt":{"rendered":"<p>Karaman&#8217;da \u00f6\u011frenci geli\u015fimini desteklemek i\u00e7in spor malzemeleri okul m\u00fcd\u00fcrlerine da\u011f\u0131t\u0131ld\u0131.<\/p>\n","protected":false},"author":1,"featured_media":60664,"comment_status":"open","ping_status":"open","sticky":false,"template":"","format":"standard","meta":{"footnotes":""},"categories":[14],"tags":[233,316],"class_list":["post-60663","post","type-post","status-publish","format-standard","has-post-thumbnail","hentry","category-spor","tag-egitim","tag-okul"],"_links":{"self":[{"href":"https:\/\/bihavadis.com\/index.php\/wp-json\/wp\/v2\/posts\/60663","targetHints":{"allow":["GET"]}}],"collection":[{"href":"https:\/\/bihavadis.com\/index.php\/wp-json\/wp\/v2\/posts"}],"about":[{"href":"https:\/\/bihavadis.com\/index.php\/wp-json\/wp\/v2\/types\/post"}],"author":[{"embeddable":true,"href":"https:\/\/bihavadis.com\/index.php\/wp-json\/wp\/v2\/users\/1"}],"replies":[{"embeddable":true,"href":"https:\/\/bihavadis.com\/index.php\/wp-json\/wp\/v2\/comments?post=60663"}],"version-history":[{"count":1,"href":"https:\/\/bihavadis.com\/index.php\/wp-json\/wp\/v2\/posts\/60663\/revisions"}],"predecessor-version":[{"id":60665,"href":"https:\/\/bihavadis.com\/index.php\/wp-json\/wp\/v2\/posts\/60663\/revisions\/60665"}],"wp:featuredmedia":[{"embeddable":true,"href":"https:\/\/bihavadis.com\/index.php\/wp-json\/wp\/v2\/media\/60664"}],"wp:attachment":[{"href":"https:\/\/bihavadis.com\/index.php\/wp-json\/wp\/v2\/media?parent=60663"}],"wp:term":[{"taxonomy":"category","embeddable":true,"href":"https:\/\/bihavadis.com\/index.php\/wp-json\/wp\/v2\/categories?post=60663"},{"taxonomy":"post_tag","embeddable":true,"href":"https:\/\/bihavadis.com\/index.php\/wp-json\/wp\/v2\/tags?post=60663"}],"curies":[{"name":"wp","href":"https:\/\/api.w.org\/{rel}","templated":true}]}}