{"id":60771,"date":"2026-03-05T05:18:05","date_gmt":"2026-03-05T05:18:05","guid":{"rendered":"https:\/\/bihavadis.com\/?p=60771"},"modified":"2026-03-05T05:18:05","modified_gmt":"2026-03-05T05:18:05","slug":"nilufer-belediyesi-ve-yasavdan-kiz-ogrenciler-icin-yurt-protokolu","status":"publish","type":"post","link":"https:\/\/bihavadis.com\/index.php\/2026\/03\/05\/nilufer-belediyesi-ve-yasavdan-kiz-ogrenciler-icin-yurt-protokolu\/","title":{"rendered":"Nil\u00fcfer Belediyesi ve YASAV&#8217;dan k\u0131z \u00f6\u011frenciler i\u00e7in yurt protokol\u00fc"},"content":{"rendered":"<p><b>Nil\u00fcfer Belediyesi ile Yar\u0131na \u015eans Ver Derne\u011fi (YASAV) aras\u0131nda, Y\u00fcz\u00fcnc\u00fcy\u0131l Mahallesi\u2019nde hayata ge\u00e7irilecek 144 kapasiteli y\u00fcksek\u00f6\u011frenim k\u0131z yurdu i\u00e7in i\u015f birli\u011fi protokol\u00fc imzaland\u0131.<\/b><\/p>\n<p>Nil\u00fcfer Belediyesi, Y\u00fcz\u00fcnc\u00fcy\u0131l Mahallesi\u2019nde yap\u0131lmas\u0131 planlanan 144 \u00f6\u011frenci kapasiteli y\u00fcksek\u00f6\u011frenim k\u0131z yurdunun yap\u0131m\u0131na destek veren Yar\u0131na \u015eans Ver Derne\u011fi (YASAV) ile bir protokol imzalad\u0131.<\/p>\n<p>Nil\u00fcfer Belediyesi Halk Evi Ba\u015fkanl\u0131k Makam\u0131\u2019nda d\u00fczenlenen imza t\u00f6renine; Nil\u00fcfer Belediye Ba\u015fkan\u0131 \u015eadi \u00d6zdemir ve e\u015fi Nuray \u00d6zdemir, Belediye Ba\u015fkan Yard\u0131mc\u0131lar\u0131 Bukle Erman ve Mahmut Demir\u00f6z, YASAV Ba\u015fkan\u0131 Emire Cant\u00fcrk Eren ile YASAV Y\u00f6netim Kurulu \u00dcyeleri kat\u0131ld\u0131.<\/p>\n<p><b>\u201cKIZ \u00c7OCUKLARININ BARINMA SORUNUNU DAYANI\u015eMAYLA \u00c7\u00d6ZECE\u011e\u0130Z\u201d<\/b><\/p>\n<p>T\u00f6rende konu\u015fan Nil\u00fcfer Belediye Ba\u015fkan\u0131 \u015eadi \u00d6zdemir, dayan\u0131\u015fma k\u00fclt\u00fcr\u00fcn\u00fcn il\u00e7e i\u00e7in ta\u015f\u0131d\u0131\u011f\u0131 de\u011fere dikkat \u00e7ekti. Herkesin kendini rahat ve mutlu hissetti\u011fi bir kent i\u00e7in \u00e7al\u0131\u015ft\u0131klar\u0131n\u0131 belirten Ba\u015fkan \u015eadi \u00d6zdemir, \u015funlar\u0131 s\u00f6yledi:<\/p>\n<p>\u201cHer zaman dayan\u0131\u015fman\u0131n sesi Nil\u00fcfer diyoruz. Nil\u00fcfer bir kad\u0131n kentidir ve b\u00f6yle bir kentin belediye ba\u015fkan\u0131 olarak sizlerle ortak proje \u00fcretmekten b\u00fcy\u00fck mutluluk duyuyorum. K\u0131z \u00e7ocuklar\u0131m\u0131z\u0131n sa\u011fl\u0131kl\u0131 bir \u015fekilde e\u011fitime eri\u015febilmesi i\u00e7in \u00f6ncelikle g\u00fcvenli ve hijyenik ortamlarda bar\u0131nma sorunlar\u0131n\u0131n \u00e7\u00f6z\u00fclmesi gerekiyor. Hayata ge\u00e7irmek istedi\u011fimiz k\u0131z yurduna verdi\u011finiz destekten \u00f6t\u00fcr\u00fc YASAV\u2019a te\u015fekk\u00fcr ediyorum.\u201d<\/p>\n<p>Nil\u00fcfer\u2019de kad\u0131nlara, \u00e7ocuklara, gen\u00e7lere, dezavantajl\u0131 gruplara ve tar\u0131ma y\u00f6nelik hassasiyetlerin alt\u0131n\u0131 \u00e7izen Ba\u015fkan \u015eadi \u00d6zdemir, il\u00e7ede yap\u0131m\u0131 devam eden \u00fc\u00e7 yeni kre\u015f projesinin de yine bu dayan\u0131\u015fma ruhuyla ilerledi\u011fini s\u00f6zlerine ekledi.<\/p>\n<p><b>\u201cHER KIZ \u00c7OCU\u011eU YARININ KEND\u0130S\u0130D\u0130R\u201d<\/b><\/p>\n<p>YASAV Ba\u015fkan\u0131 Emire Cant\u00fcrk Eren ise dernek olarak k\u0131z \u00e7ocuklar\u0131n\u0131n e\u011fitim, sosyal ya\u015fam, spor ve sanat alanlar\u0131nda e\u015fit f\u0131rsatlarla yer almalar\u0131n\u0131 \u00f6nemsediklerini belirtti. Eren, \u201cYASAV Turna K\u0131zlar\u0131 projemizle k\u0131z \u00e7ocuklar\u0131m\u0131z\u0131n potansiyellerini ke\u015ffetmelerini ve \u00f6zg\u00fcvenlerini art\u0131rmalar\u0131n\u0131 hedefliyoruz. Bu imza ile k\u0131zlar\u0131m\u0131za destek olmak ad\u0131na b\u00fcy\u00fck bir ad\u0131m at\u0131yoruz. \u00c7\u00fcnk\u00fc biz biliyoruz ki, her k\u0131z \u00e7ocu\u011fu yar\u0131na \u015fans de\u011fil; yar\u0131n\u0131n kendisidir\u201d dedi.<\/p>\n<p>Konu\u015fmalar\u0131n ard\u0131ndan, Y\u00fcz\u00fcncuy\u0131l Mahallesi\u2019nde in\u015fa edilmesi planlanan yurt i\u00e7in protokol imzaland\u0131.<\/p>\n<p>\u00a0<\/p>\n<p>\u00a0<\/p>\n<p>Kaynak: (BYZHA) Beyaz Haber Ajans\u0131<\/p>\n","protected":false},"excerpt":{"rendered":"<p>Nil\u00fcfer Belediyesi ile Yar\u0131na \u015eans Ver Derne\u011fi (YASAV) aras\u0131nda, Y\u00fcz\u00fcnc\u00fcy\u0131l Mahallesi\u2019nde hayata ge\u00e7irilecek 144 kapasiteli y\u00fcksek\u00f6\u011frenim k\u0131z yurdu i\u00e7in i\u015f birli\u011fi protokol\u00fc imzaland\u0131.<\/p>\n","protected":false},"author":1,"featured_media":60772,"comment_status":"open","ping_status":"open","sticky":false,"template":"","format":"standard","meta":{"footnotes":""},"categories":[7],"tags":[372,463,1703,1213,7188],"class_list":["post-60771","post","type-post","status-publish","format-standard","has-post-thumbnail","hentry","category-egitim","tag-belediye","tag-kiz","tag-nilufer","tag-ozdemir","tag-yasav"],"_links":{"self":[{"href":"https:\/\/bihavadis.com\/index.php\/wp-json\/wp\/v2\/posts\/60771","targetHints":{"allow":["GET"]}}],"collection":[{"href":"https:\/\/bihavadis.com\/index.php\/wp-json\/wp\/v2\/posts"}],"about":[{"href":"https:\/\/bihavadis.com\/index.php\/wp-json\/wp\/v2\/types\/post"}],"author":[{"embeddable":true,"href":"https:\/\/bihavadis.com\/index.php\/wp-json\/wp\/v2\/users\/1"}],"replies":[{"embeddable":true,"href":"https:\/\/bihavadis.com\/index.php\/wp-json\/wp\/v2\/comments?post=60771"}],"version-history":[{"count":1,"href":"https:\/\/bihavadis.com\/index.php\/wp-json\/wp\/v2\/posts\/60771\/revisions"}],"predecessor-version":[{"id":60773,"href":"https:\/\/bihavadis.com\/index.php\/wp-json\/wp\/v2\/posts\/60771\/revisions\/60773"}],"wp:featuredmedia":[{"embeddable":true,"href":"https:\/\/bihavadis.com\/index.php\/wp-json\/wp\/v2\/media\/60772"}],"wp:attachment":[{"href":"https:\/\/bihavadis.com\/index.php\/wp-json\/wp\/v2\/media?parent=60771"}],"wp:term":[{"taxonomy":"category","embeddable":true,"href":"https:\/\/bihavadis.com\/index.php\/wp-json\/wp\/v2\/categories?post=60771"},{"taxonomy":"post_tag","embeddable":true,"href":"https:\/\/bihavadis.com\/index.php\/wp-json\/wp\/v2\/tags?post=60771"}],"curies":[{"name":"wp","href":"https:\/\/api.w.org\/{rel}","templated":true}]}}