{"id":60888,"date":"2026-03-05T06:51:12","date_gmt":"2026-03-05T06:51:12","guid":{"rendered":"https:\/\/bihavadis.com\/?p=60888"},"modified":"2026-03-05T06:51:12","modified_gmt":"2026-03-05T06:51:12","slug":"meksikada-kartel-lideri-el-menchoya-operasyon-olduruldu","status":"publish","type":"post","link":"https:\/\/bihavadis.com\/index.php\/2026\/03\/05\/meksikada-kartel-lideri-el-menchoya-operasyon-olduruldu\/","title":{"rendered":"Meksika&#8217;da kartel lideri &#8216;El Mencho&#8217;ya operasyon: \u00d6ld\u00fcr\u00fcld\u00fc"},"content":{"rendered":"<p>Meksika federal g\u00fcvenlik g\u00fc\u00e7leri ve ordusu, Jalisco eyaletinin Tapalpa kasabas\u0131nda (Guadalajara&#8217;ya yakla\u015f\u0131k 130 km g\u00fcneyde) Jalisco Yeni Nesil Karteli&#8217;ne (CJNG) y\u00f6nelik y\u00fcksek hassasiyetli bir askeri operasyon d\u00fczenledi.<\/p>\n<p>Operasyonda CJNG&#8217;nin lideri ve \u00fclkenin en \u00e7ok aranan uyu\u015fturucu baronu Nemesio Oseguera Cervantes (El Mencho), \u00e7at\u0131\u015fmada a\u011f\u0131r yaraland\u0131.<\/p>\n<p><strong>OPERASYONDA 3 ASKER DE YARALANDI<\/strong><\/p>\n<p>60 ya\u015f\u0131ndaki eski polis memuru Cervantes, Mexico City&#8217;ye hava yoluyla sevk edilirken ald\u0131\u011f\u0131 yaralar nedeniyle hayat\u0131n\u0131 kaybetti.<\/p>\n<p>Operasyonda ayr\u0131ca 4 kartel \u00fcyesi olay yerinde \u00f6ld\u00fcr\u00fcld\u00fc, 2 ki\u015fi g\u00f6zalt\u0131na al\u0131nd\u0131 ve 3 asker yaraland\u0131.<\/p>\n<p><img decoding=\"async\" src=\"https:\/\/bihavadis.com\/wp-content\/uploads\/2026\/03\/meksikada-kartel-lideri-el-menchoya-operasyon-olduruldu-0-KGPJMfnu.jpg\"\/><\/p>\n<p><strong>KARTEL L\u0130DER\u0130 EL MENCHO, \u00d6LD\u00dcR\u00dcLD\u00dc<\/strong><\/p>\n<p>Yetkililer, operasyonun detaylar\u0131na ili\u015fkin hen\u00fcz ayr\u0131nt\u0131 payla\u015fmazken, \u00e7at\u0131\u015fmada CJNG eleba\u015f\u0131 El Mencho&#8217;nun \u00f6ld\u00fcr\u00fcld\u00fc\u011f\u00fcn\u00fc bildirdi.<\/p>\n<p>El Mencho&#8217;nun \u00f6ld\u00fcr\u00fclmesi, eyalette b\u00fcy\u00fck bir \u015fiddet dalgas\u0131n\u0131 tetikledi.<\/p>\n<p><img decoding=\"async\" src=\"https:\/\/bihavadis.com\/wp-content\/uploads\/2026\/03\/meksikada-kartel-lideri-el-menchoya-operasyon-olduruldu-1-c2QYDjTn.jpg\"\/><\/p>\n<p><strong>\u00dcLKEDE KAOS \u00c7IKTI<\/strong><\/p>\n<p>Operasyonun ard\u0131ndan, su\u00e7 \u00f6rg\u00fct\u00fcn\u00fcn muhtemel misillemesi olarak Jalisco ve \u00fclkenin di\u011fer baz\u0131 eyaletlerinde \u00e7ok say\u0131da yol kapatma eylemi ile ara\u00e7 ve i\u015f yeri kundaklama olaylar\u0131 ya\u015fand\u0131.<\/p>\n<p>El Mencho&#8217;nun \u00f6l\u00fcm\u00fc sonras\u0131 CJNG ba\u011flant\u0131l\u0131 gruplar h\u0131zl\u0131 misillemeye ge\u00e7ti. Jalisco eyaleti ba\u015fta olmak \u00fczere Michoacan, Colima, Nayarit, Aguascalientes, Tamaulipas, Guanajuato ve di\u011fer eyaletlerde yol kapatma eylemleri, ara\u00e7 ve i\u015f yeri kundaklamalar\u0131, otob\u00fcs terminallerinde silah sesleri ile patlamalar ya\u015fand\u0131.<\/p>\n<p><img decoding=\"async\" src=\"https:\/\/bihavadis.com\/wp-content\/uploads\/2026\/03\/meksikada-kartel-lideri-el-menchoya-operasyon-olduruldu-2-63JCcCc1.jpg\"\/><\/p>\n<p><strong>&#8216;KIRMIZI ALARM&#8217; \u0130LAN ED\u0130LD\u0130<\/strong><\/p>\n<p>G\u00f6r\u00fcnt\u00fclerde yanm\u0131\u015f ara\u00e7lar, y\u00fckselen dumanlar ve panik anlar\u0131 yer ald\u0131.<\/p>\n<p>Jalisco eyalet h\u00fck\u00fcmeti halka evde kalma \u00e7a\u011fr\u0131s\u0131 yapt\u0131, toplu ta\u015f\u0131may\u0131 ask\u0131ya ald\u0131 ve &#8216;k\u0131rm\u0131z\u0131 alarm&#8217; ilan etti.<\/p>\n<p>Federal, eyalet ve yerel y\u00f6netimler ortak g\u00fcvenlik masas\u0131 kurdu.<\/p>\n<p><img decoding=\"async\" src=\"https:\/\/bihavadis.com\/wp-content\/uploads\/2026\/03\/meksikada-kartel-lideri-el-menchoya-operasyon-olduruldu-3-OxcMFlgJ.jpg\"\/><\/p>\n<p><strong>U\u00c7U\u015eLAR \u0130PTAL ED\u0130LD\u0130<\/strong><\/p>\n<p>2026 D\u00fcnya Kupas\u0131&#8217;na ev sahipli\u011fi yapacak Guadalajara dahil bir\u00e7ok \u015fehirde rapor tutuldu.<\/p>\n<p>Uluslararas\u0131 havayollar\u0131 (United Airlines, American Airlines, Air Canada) Puerto Vallarta ve Guadalajara u\u00e7u\u015flar\u0131n\u0131 iptal etti.<\/p>\n<p><img decoding=\"async\" src=\"https:\/\/bihavadis.com\/wp-content\/uploads\/2026\/03\/meksikada-kartel-lideri-el-menchoya-operasyon-olduruldu-4-VBKC3x9Q.jpg\"\/><\/p>\n<p><strong>ABD VATANDA\u015eLARINA &#8216;DI\u015eARI \u00c7IKMAYIN&#8217; UYARISI<\/strong><\/p>\n<p>ABD D\u0131\u015fi\u015fleri Bakanl\u0131\u011f\u0131, Jalisco, Tamaulipas, Michoacan, Guerrero ve Nuevo Leon&#8217;un baz\u0131 b\u00f6lgelerinde ABD vatanda\u015flar\u0131na &#8216;d\u0131\u015far\u0131 \u00e7\u0131kmama&#8217; uyar\u0131s\u0131 yay\u0131mlad\u0131.<\/p>\n<p>Meksika Devlet Ba\u015fkan\u0131 Claudia Sheinbaum halk\u0131 sakin olmaya \u00e7a\u011f\u0131rd\u0131.<\/p>\n<p><img decoding=\"async\" src=\"https:\/\/bihavadis.com\/wp-content\/uploads\/2026\/03\/meksikada-kartel-lideri-el-menchoya-operasyon-olduruldu-5-ElCvlqdG.jpg\"\/><\/p>\n<p><strong>KARTEL L\u0130DER\u0130N\u0130N BA\u015eINA 15 M\u0130LYON DOLAR \u00d6D\u00dcL KONULMU\u015eTU<\/strong><\/p>\n<p>El Mencho, CJNG&#8217;nin ba\u015f\u0131nda y\u0131llard\u0131r kokain, metamfetamin ve \u00f6zellikle fentanil ba\u015fta olmak \u00fczere b\u00fcy\u00fck miktarda uyu\u015fturucu ka\u00e7ak\u00e7\u0131l\u0131\u011f\u0131ndan sorumlu tutuluyordu.<\/p>\n<p>ABD y\u00f6netimi, CJNG&#8217;yi ter\u00f6r \u00f6rg\u00fct\u00fc olarak s\u0131n\u0131fland\u0131rm\u0131\u015f ve El Mencho&#8217;nun yakalanmas\u0131 veya mahkum edilmesi i\u00e7in 15 milyon dolara kadar \u00f6d\u00fcl koymu\u015ftu.<\/p>\n<p><img decoding=\"async\" src=\"https:\/\/bihavadis.com\/wp-content\/uploads\/2026\/03\/meksikada-kartel-lideri-el-menchoya-operasyon-olduruldu-6-8Lyk5LLn.jpg\"\/><\/p>\n<p><strong>OPERASYONDA, ABD&#8217;N\u0130N \u0130ST\u0130HBARAT DESTE\u011e\u0130 ALINDI<\/strong><\/p>\n<p>Operasyon, ABD&#8217;nin istihbarat deste\u011fiyle ger\u00e7ekle\u015ftirildi.<\/p>\n<p>Beyaz Saray ve ABD&#8217;li yetkililer, Meksika&#8217;ya &#8216;tamamlay\u0131c\u0131 bilgiler&#8217; ve istihbarat sa\u011fland\u0131\u011f\u0131n\u0131 do\u011frulad\u0131.<\/p>\n<p>Bu deste\u011fin, Aral\u0131k ay\u0131nda kurulan ABD-Meksika ortak g\u00f6rev g\u00fcc\u00fc (JITF-CC) \u00fczerinden geldi\u011fi belirtildi.<\/p>\n<p><img decoding=\"async\" src=\"https:\/\/bihavadis.com\/wp-content\/uploads\/2026\/03\/meksikada-kartel-lideri-el-menchoya-operasyon-olduruldu-7-OBI9kLHd.jpg\"\/><\/p>\n<p><strong>TRUMP, KARTELLERE SAVA\u015e A\u00c7MI\u015eTI<\/strong><\/p>\n<p>G\u00f6rev g\u00fcc\u00fc ABD ordusu Tu\u011fgenerali Maurizio Calabrese taraf\u0131ndan y\u00f6netildi\u011fi ve kartel a\u011flar\u0131n\u0131 haritaland\u0131rmada deneyim kullan\u0131ld\u0131\u011f\u0131 ifade edildi.<\/p>\n<p>ABD Ba\u015fkan\u0131 Donald Trump y\u00f6netimi, Meksika kartellerini ter\u00f6r \u00f6rg\u00fct\u00fc ilan ederek bu t\u00fcr yard\u0131mlar\u0131n \u00f6n\u00fcn\u00fc a\u00e7m\u0131\u015ft\u0131.<\/p>\n<p><img decoding=\"async\" src=\"https:\/\/bihavadis.com\/wp-content\/uploads\/2026\/03\/meksikada-kartel-lideri-el-menchoya-operasyon-olduruldu-8-nryatNur.jpg\"\/><\/p>\n<p><img decoding=\"async\" src=\"https:\/\/bihavadis.com\/wp-content\/uploads\/2026\/03\/meksikada-kartel-lideri-el-menchoya-operasyon-olduruldu-9-bmrRBc6c.jpg\"\/><\/p>\n<p><img decoding=\"async\" src=\"https:\/\/bihavadis.com\/wp-content\/uploads\/2026\/03\/meksikada-kartel-lideri-el-menchoya-operasyon-olduruldu-10-3dRskZ46.jpg\"\/><\/p>\n<p><img decoding=\"async\" src=\"https:\/\/bihavadis.com\/wp-content\/uploads\/2026\/03\/meksikada-kartel-lideri-el-menchoya-operasyon-olduruldu-11-YGUk2IyA.jpg\"\/><\/p>\n<p><img decoding=\"async\" src=\"https:\/\/bihavadis.com\/wp-content\/uploads\/2026\/03\/meksikada-kartel-lideri-el-menchoya-operasyon-olduruldu-12-PC2mHLFS.jpg\"\/><\/p>\n<p><img decoding=\"async\" src=\"https:\/\/bihavadis.com\/wp-content\/uploads\/2026\/03\/meksikada-kartel-lideri-el-menchoya-operasyon-olduruldu-13-9UkBU6N2.jpg\"\/> <\/p>\n<div> <span><strong>Kaynak:<\/strong> Ensonhaber Haber Merkezi<\/span> <\/div>\n","protected":false},"excerpt":{"rendered":"<p>Meksika federal g\u00fcvenlik g\u00fc\u00e7leri ve ordusu, Jalisco eyaletinin Tapalpa kasabas\u0131nda (Guadalajara&#8217;ya yakla\u015f\u0131k 130 km g\u00fcneyde) Jalisco Yeni Nesil Karteli&#8217;ne (CJNG) y\u00f6nelik y\u00fcksek hassasiyetli bir askeri operasyon d\u00fczenledi. Operasyonda CJNG&#8217;nin lideri &#8230;<\/p>\n","protected":false},"author":1,"featured_media":60889,"comment_status":"open","ping_status":"open","sticky":false,"template":"","format":"standard","meta":{"footnotes":""},"categories":[6],"tags":[272,7199,5082,7176,318],"class_list":["post-60888","post","type-post","status-publish","format-standard","has-post-thumbnail","hentry","category-dunya","tag-abd","tag-cjng","tag-eyalet","tag-kartel","tag-operasyon"],"_links":{"self":[{"href":"https:\/\/bihavadis.com\/index.php\/wp-json\/wp\/v2\/posts\/60888","targetHints":{"allow":["GET"]}}],"collection":[{"href":"https:\/\/bihavadis.com\/index.php\/wp-json\/wp\/v2\/posts"}],"about":[{"href":"https:\/\/bihavadis.com\/index.php\/wp-json\/wp\/v2\/types\/post"}],"author":[{"embeddable":true,"href":"https:\/\/bihavadis.com\/index.php\/wp-json\/wp\/v2\/users\/1"}],"replies":[{"embeddable":true,"href":"https:\/\/bihavadis.com\/index.php\/wp-json\/wp\/v2\/comments?post=60888"}],"version-history":[{"count":1,"href":"https:\/\/bihavadis.com\/index.php\/wp-json\/wp\/v2\/posts\/60888\/revisions"}],"predecessor-version":[{"id":60904,"href":"https:\/\/bihavadis.com\/index.php\/wp-json\/wp\/v2\/posts\/60888\/revisions\/60904"}],"wp:featuredmedia":[{"embeddable":true,"href":"https:\/\/bihavadis.com\/index.php\/wp-json\/wp\/v2\/media\/60889"}],"wp:attachment":[{"href":"https:\/\/bihavadis.com\/index.php\/wp-json\/wp\/v2\/media?parent=60888"}],"wp:term":[{"taxonomy":"category","embeddable":true,"href":"https:\/\/bihavadis.com\/index.php\/wp-json\/wp\/v2\/categories?post=60888"},{"taxonomy":"post_tag","embeddable":true,"href":"https:\/\/bihavadis.com\/index.php\/wp-json\/wp\/v2\/tags?post=60888"}],"curies":[{"name":"wp","href":"https:\/\/api.w.org\/{rel}","templated":true}]}}