{"id":60996,"date":"2026-03-05T08:03:06","date_gmt":"2026-03-05T08:03:06","guid":{"rendered":"https:\/\/bihavadis.com\/?p=60996"},"modified":"2026-03-05T08:03:06","modified_gmt":"2026-03-05T08:03:06","slug":"unlu-fenomen-okan-boyar-ramazan-ayinda-da-iyilik-seferberligini-surduruyor","status":"publish","type":"post","link":"https:\/\/bihavadis.com\/index.php\/2026\/03\/05\/unlu-fenomen-okan-boyar-ramazan-ayinda-da-iyilik-seferberligini-surduruyor\/","title":{"rendered":"\u00dcnl\u00fc Fenomen Okan Boyar Ramazan Ay\u0131nda da \u0130yilik Seferberli\u011fini S\u00fcrd\u00fcr\u00fcyor"},"content":{"rendered":"<p>Sosyal medyada geni\u015f bir kitleye hitap eden \u00fcnl\u00fc fenomen Okan Boyar, Ramazan ay\u0131nda da ihtiya\u00e7 sahiplerini yaln\u0131z b\u0131rakmad\u0131. Her y\u0131l oldu\u011fu gibi bu y\u0131l da yard\u0131m \u00e7al\u0131\u015fmalar\u0131n\u0131 art\u0131rarak s\u00fcrd\u00fcren Boyar, dayan\u0131\u015fma ve payla\u015fma ruhunu sahaya ta\u015f\u0131d\u0131.<\/p>\n<p>Ramazan\u2019\u0131n manevi atmosferini sadece s\u00f6zle de\u011fil, somut projelerle destekleyen Okan Boyar; ihtiya\u00e7 sahiplerine g\u0131da kolisi da\u011f\u0131t\u0131m\u0131, temel ihtiya\u00e7 yard\u0131mlar\u0131 ve \u00e7e\u015fitli sosyal destek projeleriyle y\u00fczlerce aileye ula\u015ft\u0131. \u00d6zellikle dar gelirli aileler, ya\u015fl\u0131 bireyler ve \u00e7ocuklu haneler \u00f6ncelikli olarak belirlenirken, yard\u0131mlar do\u011frudan ve titizlikle teslim edildi.<\/p>\n<p>Yard\u0131m organizasyonlar\u0131n\u0131n b\u00fcy\u00fck bir k\u0131sm\u0131n\u0131 bizzat sahada takip eden Boyar, sosyal medya hesaplar\u0131 \u00fczerinden de fark\u0131ndal\u0131k \u00e7a\u011fr\u0131s\u0131 yaparak takip\u00e7ilerini iyilik hareketine ortak olmaya davet etti. \u201cRamazan payla\u015fmakt\u0131r\u201d mesaj\u0131yla yola \u00e7\u0131kan fenomen isim, yaln\u0131zca maddi destek de\u011fil, toplumsal bilin\u00e7 olu\u015fturmay\u0131 da hedefliyor.<\/p>\n<p>Okan Boyar yapt\u0131\u011f\u0131 a\u00e7\u0131klamada, \u201cRamazan ay\u0131 birlik ve beraberli\u011fin en g\u00fc\u00e7l\u00fc hissedildi\u011fi d\u00f6nem. \u0130mkan\u0131 olan herkesin bir aileye dokunmas\u0131, bir sofraya katk\u0131 sa\u011flamas\u0131 b\u00fcy\u00fck bir de\u011fer. Biz de ekibimizle birlikte elimizden geleni yapmaya devam ediyoruz.\u201d ifadelerini kulland\u0131.<\/p>\n<p>Her y\u0131l artan destek\u00e7i say\u0131s\u0131yla daha fazla haneye ula\u015fmay\u0131 hedefleyen Okan Boyar\u2019\u0131n yard\u0131m \u00e7al\u0131\u015fmalar\u0131, Ramazan ay\u0131 boyunca devam edecek.<\/p>\n<p>Toplumsal dayan\u0131\u015fmay\u0131 g\u00fc\u00e7lendiren bu \u00e7al\u0131\u015fmalar, sosyal medyan\u0131n yaln\u0131zca e\u011flence de\u011fil; ayn\u0131 zamanda sosyal sorumluluk i\u00e7in de g\u00fc\u00e7l\u00fc bir mecra oldu\u011funu bir kez daha g\u00f6steriyor.<\/p>\n<p>Kaynak: (BYZHA) Beyaz Haber Ajans\u0131<\/p>\n","protected":false},"excerpt":{"rendered":"<p>Sosyal medyada geni\u015f bir kitleye hitap eden \u00fcnl\u00fc fenomen Okan Boyar, Ramazan ay\u0131nda da ihtiya\u00e7 sahiplerini yaln\u0131z b\u0131rakmad\u0131.<\/p>\n","protected":false},"author":1,"featured_media":60997,"comment_status":"open","ping_status":"open","sticky":false,"template":"","format":"standard","meta":{"footnotes":""},"categories":[1],"tags":[7213,172],"class_list":["post-60996","post","type-post","status-publish","format-standard","has-post-thumbnail","hentry","category-uncategorized","tag-boyar","tag-sosyal"],"_links":{"self":[{"href":"https:\/\/bihavadis.com\/index.php\/wp-json\/wp\/v2\/posts\/60996","targetHints":{"allow":["GET"]}}],"collection":[{"href":"https:\/\/bihavadis.com\/index.php\/wp-json\/wp\/v2\/posts"}],"about":[{"href":"https:\/\/bihavadis.com\/index.php\/wp-json\/wp\/v2\/types\/post"}],"author":[{"embeddable":true,"href":"https:\/\/bihavadis.com\/index.php\/wp-json\/wp\/v2\/users\/1"}],"replies":[{"embeddable":true,"href":"https:\/\/bihavadis.com\/index.php\/wp-json\/wp\/v2\/comments?post=60996"}],"version-history":[{"count":1,"href":"https:\/\/bihavadis.com\/index.php\/wp-json\/wp\/v2\/posts\/60996\/revisions"}],"predecessor-version":[{"id":60998,"href":"https:\/\/bihavadis.com\/index.php\/wp-json\/wp\/v2\/posts\/60996\/revisions\/60998"}],"wp:featuredmedia":[{"embeddable":true,"href":"https:\/\/bihavadis.com\/index.php\/wp-json\/wp\/v2\/media\/60997"}],"wp:attachment":[{"href":"https:\/\/bihavadis.com\/index.php\/wp-json\/wp\/v2\/media?parent=60996"}],"wp:term":[{"taxonomy":"category","embeddable":true,"href":"https:\/\/bihavadis.com\/index.php\/wp-json\/wp\/v2\/categories?post=60996"},{"taxonomy":"post_tag","embeddable":true,"href":"https:\/\/bihavadis.com\/index.php\/wp-json\/wp\/v2\/tags?post=60996"}],"curies":[{"name":"wp","href":"https:\/\/api.w.org\/{rel}","templated":true}]}}