{"id":61006,"date":"2026-03-05T08:09:19","date_gmt":"2026-03-05T08:09:19","guid":{"rendered":"https:\/\/bihavadis.com\/?p=61006"},"modified":"2026-03-05T08:09:19","modified_gmt":"2026-03-05T08:09:19","slug":"tirin-altinda-kalan-motosiklet-surucusu-kurtarildi","status":"publish","type":"post","link":"https:\/\/bihavadis.com\/index.php\/2026\/03\/05\/tirin-altinda-kalan-motosiklet-surucusu-kurtarildi\/","title":{"rendered":"TIR\u2019\u0131n Alt\u0131nda Kalan Motosiklet S\u00fcr\u00fcc\u00fcs\u00fc Kurtar\u0131ld\u0131"},"content":{"rendered":"<p>\n<p>ADANA&#8217;da TIR&#8217;\u0131n alt\u0131nda kal\u0131p s\u0131k\u0131\u015fan motosikletin s\u00fcr\u00fcc\u00fcs\u00fc, kask\u0131 ve koruyucu k\u0131yafetleri sayesinde kazay\u0131 hafif s\u0131yr\u0131klarla atlatt\u0131.<\/p>\n<p>Kaza, d\u00fcn Seyhan il\u00e7esi B\u00fcy\u00fckdikili Mahallesi&#8217;nde meydana geldi. S\u00fcr\u00fcc\u00fclerinin ismi \u00f6\u011frenilemeyen 01 CSH 28 plakal\u0131 motosiklet ile 42 YV 515 plakal\u0131 TIR, \u00e7arp\u0131\u015ft\u0131. Kazada motosiklet ve s\u00fcr\u00fcc\u00fcs\u00fc, TIR&#8217;\u0131n \u00e7ekicisinin alt\u0131nda kalarak s\u0131k\u0131\u015ft\u0131. \u00c7evredekilerin ihbar\u0131yla kaza yerine sa\u011fl\u0131k, polis ve itfaiye ekipleri sevk edildi. Sa\u011fl\u0131k ekiplerini beklerken s\u00fcr\u00fcc\u00fcye yard\u0131ma ko\u015fan vatanda\u015flar, pani\u011fe kap\u0131l\u0131p korkmamas\u0131 i\u00e7in onu sakinle\u015ftirmeye \u00e7al\u0131\u015ft\u0131. S\u00fcr\u00fcc\u00fcn\u00fcn ise so\u011fukkanl\u0131 \u015fekilde, &#8220;Korkmuyorum, siz de korkmay\u0131n&#8221; \u015feklinde kar\u015f\u0131l\u0131k vermesi dikkat \u00e7ekti. Motosiklet s\u00fcr\u00fcc\u00fcs\u00fc, kask\u0131 ve koruyucu k\u0131yafetleri sayesinde kazay\u0131 hafif s\u0131yr\u0131klarla atlatt\u0131. \u0130tfaiye ekipleri taraf\u0131ndan s\u0131k\u0131\u015ft\u0131\u011f\u0131 yerden kurtar\u0131ld\u0131ktan sonra sa\u011fl\u0131k ekiplerine sevk edilen s\u00fcr\u00fcc\u00fc, ambulansla hastaneye kald\u0131r\u0131ld\u0131. <\/p>\n<p>Kazayla ilgili inceleme ba\u015flat\u0131ld\u0131. <\/p>\n","protected":false},"excerpt":{"rendered":"<p>Adana&#8217;da motosiklet s\u00fcr\u00fcc\u00fcs\u00fc TIR alt\u0131nda kal\u0131p hafif yaralarla kurtuldu. Olayla ilgili inceleme ba\u015flat\u0131ld\u0131.<\/p>\n","protected":false},"author":1,"featured_media":61007,"comment_status":"open","ping_status":"open","sticky":false,"template":"","format":"standard","meta":{"footnotes":""},"categories":[9,4,13],"tags":[283],"class_list":["post-61006","post","type-post","status-publish","format-standard","has-post-thumbnail","hentry","category-genel","category-gundem","category-son-dakika","tag-kaza"],"_links":{"self":[{"href":"https:\/\/bihavadis.com\/index.php\/wp-json\/wp\/v2\/posts\/61006","targetHints":{"allow":["GET"]}}],"collection":[{"href":"https:\/\/bihavadis.com\/index.php\/wp-json\/wp\/v2\/posts"}],"about":[{"href":"https:\/\/bihavadis.com\/index.php\/wp-json\/wp\/v2\/types\/post"}],"author":[{"embeddable":true,"href":"https:\/\/bihavadis.com\/index.php\/wp-json\/wp\/v2\/users\/1"}],"replies":[{"embeddable":true,"href":"https:\/\/bihavadis.com\/index.php\/wp-json\/wp\/v2\/comments?post=61006"}],"version-history":[{"count":1,"href":"https:\/\/bihavadis.com\/index.php\/wp-json\/wp\/v2\/posts\/61006\/revisions"}],"predecessor-version":[{"id":61008,"href":"https:\/\/bihavadis.com\/index.php\/wp-json\/wp\/v2\/posts\/61006\/revisions\/61008"}],"wp:featuredmedia":[{"embeddable":true,"href":"https:\/\/bihavadis.com\/index.php\/wp-json\/wp\/v2\/media\/61007"}],"wp:attachment":[{"href":"https:\/\/bihavadis.com\/index.php\/wp-json\/wp\/v2\/media?parent=61006"}],"wp:term":[{"taxonomy":"category","embeddable":true,"href":"https:\/\/bihavadis.com\/index.php\/wp-json\/wp\/v2\/categories?post=61006"},{"taxonomy":"post_tag","embeddable":true,"href":"https:\/\/bihavadis.com\/index.php\/wp-json\/wp\/v2\/tags?post=61006"}],"curies":[{"name":"wp","href":"https:\/\/api.w.org\/{rel}","templated":true}]}}