{"id":6102,"date":"2026-01-30T10:36:11","date_gmt":"2026-01-30T10:36:11","guid":{"rendered":"https:\/\/bihavadis.com\/?p=6102"},"modified":"2026-01-30T10:36:11","modified_gmt":"2026-01-30T10:36:11","slug":"ypgnin-ayn-el-arab-bolgesinde-insa-ettigi-yer-alti-sehri-goruntulendi","status":"publish","type":"post","link":"https:\/\/bihavadis.com\/index.php\/2026\/01\/30\/ypgnin-ayn-el-arab-bolgesinde-insa-ettigi-yer-alti-sehri-goruntulendi\/","title":{"rendered":"YPG&#8217;nin Ayn el-Arab b\u00f6lgesinde in\u015fa etti\u011fi yer alt\u0131 \u015fehri g\u00f6r\u00fcnt\u00fclendi"},"content":{"rendered":"<p>Suriye&#8217;de YPG\/PKK sorunu devam ediyor&#8230;<\/p>\n<p>Suriye h\u00fck\u00fcmeti ile ter\u00f6r \u00f6rg\u00fct\u00fc PKK&#8217;n\u0131n Suriye uzant\u0131s\u0131 SDG aras\u0131nda \u015eam\u2019da y\u00fcr\u00fct\u00fclen entegrasyon ve \u00e7at\u0131\u015fmalar\u0131 sonland\u0131rma ama\u00e7l\u0131 g\u00f6r\u00fc\u015fmeler t\u0131kanm\u0131\u015f durumda.<\/p>\n<p><strong>YER ALTI \u015eEHR\u0130 G\u00d6R\u00dcNT\u00dcLEND\u0130<\/strong><\/p>\n<p>YPG&#8217;nin\u00a0Ayn el-Arab b\u00f6lgesine ba\u011fl\u0131 S\u0131rrin beldesinde in\u015fa etti\u011fi &#8216;yer alt\u0131 \u015fehri&#8217; g\u00f6r\u00fcnt\u00fclendi.<\/p>\n<p>Suriye ordusu, d\u00fczenledi\u011fi operasyon sonras\u0131 YPG&#8217;nin i\u015fgalinden kurtard\u0131\u011f\u0131 S\u0131rrin beldesindeki bir da\u011f\u0131n alt\u0131na in\u015fa edilmi\u015f t\u00fcnel a\u011f\u0131n\u0131 ortaya \u00e7\u0131kard\u0131.<\/p>\n<p><img decoding=\"async\" src=\"https:\/\/bihavadis.com\/wp-content\/uploads\/2026\/01\/ypgnin-ayn-el-arab-bolgesinde-insa-ettigi-yer-alti-sehri-goruntulendi-0-GSM6YqTt.jpg\"\/><\/p>\n<p><strong>M\u00dcH\u0130MMAT VE D\u00d6K\u00dcMANLAR ELE GE\u00c7\u0130R\u0130LD\u0130<\/strong><\/p>\n<p>Birbirlerine ba\u011flant\u0131l\u0131 \u015fekilde ve 3 kat olarak in\u015fa edilen bu t\u00fcnellerin i\u00e7erisinde ter\u00f6r \u00f6rg\u00fct\u00fcne ait \u00e7ok say\u0131da m\u00fchimmat ve d\u00f6k\u00fcman ele ge\u00e7irildi.<\/p>\n<p>Yer alt\u0131 \u015fehrini and\u0131ran t\u00fcnellerin baz\u0131 yerlerinin, araba veya kamyonetlerin rahat\u00e7a girebilece\u011fi b\u00fcy\u00fckl\u00fck ve geni\u015flikte in\u015fa edilmesi dikkati \u00e7ekiyor.<\/p>\n<p>Elektrik ve su \u015febekesi hatlar\u0131n\u0131n da \u00e7ekildi\u011fi \u00e7ok say\u0131da t\u00fcnel adeta labirenti and\u0131r\u0131yor. Birbirine ba\u011fl\u0131 t\u00fcnellerin baz\u0131 k\u0131s\u0131mlar\u0131nda da z\u0131rhl\u0131 kap\u0131lar yer al\u0131yor.<\/p>\n<p><img decoding=\"async\" src=\"https:\/\/bihavadis.com\/wp-content\/uploads\/2026\/01\/ypgnin-ayn-el-arab-bolgesinde-insa-ettigi-yer-alti-sehri-goruntulendi-1-JCF3EJaW.jpg\"\/><\/p>\n<p><strong>YER ALTI \u015eEHR\u0130 G\u00d6R\u00dcNT\u00dcLEND\u0130<\/strong><\/p>\n<p>Ter\u00f6r \u00f6rg\u00fct\u00fc mensuplar\u0131n\u0131n kalmas\u0131 i\u00e7in in\u015fa edilen<em><b> &#8220;yer alt\u0131 \u015fehrinde&#8221; <\/b><\/em>\u00e7ok say\u0131da mutfak ve yatak odas\u0131 bulunuyor.<\/p>\n<p>\u00d6rg\u00fct sembolleri ve afi\u015flerinin yer ald\u0131\u011f\u0131 <em><b>&#8220;yer alt\u0131 \u015fehri&#8221; <\/b><\/em>i\u00e7erisinde sinema salonu, amfi ve f\u0131r\u0131n da yer al\u0131yor.<\/p>\n<p>Yap\u0131n\u0131n i\u00e7erisinde \u00f6rg\u00fct sembollerinin yan\u0131 s\u0131ra t\u00fcnellerin kaz\u0131lmas\u0131 i\u00e7in kullan\u0131lan ara\u00e7 ve gere\u00e7lerin de sergilendi\u011fi g\u00f6r\u00fcl\u00fcyor.<\/p>\n<p>S\u0131rrin&#8217;deki bu yer, Suriye ordusunun ter\u00f6r \u00f6rg\u00fct\u00fcnden geri ald\u0131\u011f\u0131 b\u00f6lgelerde tespit edilen en b\u00fcy\u00fck t\u00fcnel a\u011flar\u0131ndan biri olarak \u00f6ne \u00e7\u0131k\u0131yor.<\/p>\n<p><img decoding=\"async\" src=\"https:\/\/bihavadis.com\/wp-content\/uploads\/2026\/01\/ypgnin-ayn-el-arab-bolgesinde-insa-ettigi-yer-alti-sehri-goruntulendi-2-c6qDHx4r.jpg\"\/><\/p>\n<p><strong>ORTAYA \u00c7IKARILAN T\u00dcNEL TER\u00d6R \u00d6RG\u00dcT\u00dcN\u00dcN &#8216;KOMUTA MERKEZLER\u0130NDEN&#8217; B\u0130R\u0130<\/strong><\/p>\n<p>Suriye ordusuna ba\u011fl\u0131 76. T\u00fcmen Komutan\u0131 Tu\u011fgeneral Seyf Polat, S\u0131rrin&#8217;deki t\u00fcnelde yapt\u0131\u011f\u0131 incelemeler s\u0131ras\u0131nda de\u011ferlendirmelerde bulundu.<\/p>\n<p>Polat, S\u0131rrin&#8217;deki bu yap\u0131n\u0131n ter\u00f6r \u00f6rg\u00fct\u00fcn\u00fcn<em><b> &#8220;komuta merkezlerinden&#8221;<\/b><\/em> biri oldu\u011funu belirtti.<\/p>\n<p>Bu yer alt\u0131 \u015fehrinin \u00f6rg\u00fct i\u00e7in \u00f6nemli strateji merkezlerinden biri oldu\u011funu dile getiren Polat, Suriye ordusunun hakimiyeti sa\u011flad\u0131\u011f\u0131 t\u00fcnellerde g\u00fcvenlik \u00f6nlemlerini ald\u0131\u011f\u0131n\u0131 ve \u00f6rg\u00fct\u00fcn d\u00f6\u015fedi\u011fi may\u0131nlar\u0131 temizlediklerini kaydetti.<\/p>\n<p><img decoding=\"async\" src=\"https:\/\/bihavadis.com\/wp-content\/uploads\/2026\/01\/ypgnin-ayn-el-arab-bolgesinde-insa-ettigi-yer-alti-sehri-goruntulendi-3-CrOv4wKX.jpg\"\/><\/p>\n<p><strong>&#8220;DEVLET KURMA HAYALLER\u0130 YOK ED\u0130LM\u0130\u015eT\u0130R&#8221;<\/strong><\/p>\n<p>T\u00fcnellerde ter\u00f6r \u00f6rg\u00fct\u00fcne ait \u00e7ok say\u0131da yay\u0131n\u0131n da yer ald\u0131\u011f\u0131n\u0131 aktaran Polat, \u015funlar\u0131 s\u00f6yledi:<\/p>\n<p>Ter\u00f6r \u00f6rg\u00fct\u00fc, bunlar\u0131 K\u00fcrt \u00e7ocuklar\u0131na ter\u00f6rist y\u00f6ntemlere ba\u015fvurmalar\u0131 ve hayatlar\u0131n\u0131 de\u011fi\u015ftirmeleri i\u00e7in kullanm\u0131\u015ft\u0131r. K\u00fcrt gen\u00e7lerinin ak\u0131llar\u0131n\u0131 \u00e7elmek, Araplar, K\u00fcrtler, A\u015furiler ve T\u00fcrkmenlerin aras\u0131na bozgunculuk ve ayr\u0131l\u0131k tohumlar\u0131 ekerek Suriye\u2019nin dokusunu bozmak maksad\u0131yla bunlar\u0131 haz\u0131rlam\u0131\u015ft\u0131r. Ancak t\u00fcm bunlar, (ter\u00f6r \u00f6rg\u00fct\u00fcn\u00fcn) Suriye\u2019nin kuzeydo\u011fusunda kurmay\u0131 planlad\u0131\u011f\u0131 devlet kurma hayalleri Allah Teala\u2019n\u0131n izniyle Suriye Savunma Bakanl\u0131\u011f\u0131 kahramanlar\u0131 sayesinde yok edilmi\u015ftir.<\/p>\n<p><img decoding=\"async\" src=\"https:\/\/bihavadis.com\/wp-content\/uploads\/2026\/01\/ypgnin-ayn-el-arab-bolgesinde-insa-ettigi-yer-alti-sehri-goruntulendi-4-pFSTm7DJ.jpg\"\/><\/p>\n<p><img decoding=\"async\" src=\"https:\/\/bihavadis.com\/wp-content\/uploads\/2026\/01\/ypgnin-ayn-el-arab-bolgesinde-insa-ettigi-yer-alti-sehri-goruntulendi-5-8P2wfnls.jpg\"\/><\/p>\n<p><img decoding=\"async\" src=\"https:\/\/bihavadis.com\/wp-content\/uploads\/2026\/01\/ypgnin-ayn-el-arab-bolgesinde-insa-ettigi-yer-alti-sehri-goruntulendi-6-W52rKIXq.jpg\"\/><\/p>\n<p><img decoding=\"async\" src=\"https:\/\/bihavadis.com\/wp-content\/uploads\/2026\/01\/ypgnin-ayn-el-arab-bolgesinde-insa-ettigi-yer-alti-sehri-goruntulendi-7-WqW8kX83.jpg\"\/><\/p>\n<p><img decoding=\"async\" src=\"https:\/\/bihavadis.com\/wp-content\/uploads\/2026\/01\/ypgnin-ayn-el-arab-bolgesinde-insa-ettigi-yer-alti-sehri-goruntulendi-8-Z21IN6i2.jpg\"\/><\/p>\n<p><img decoding=\"async\" src=\"https:\/\/bihavadis.com\/wp-content\/uploads\/2026\/01\/ypgnin-ayn-el-arab-bolgesinde-insa-ettigi-yer-alti-sehri-goruntulendi-9-m8iSqWJe.jpg\"\/><\/p>\n<p><img decoding=\"async\" src=\"https:\/\/bihavadis.com\/wp-content\/uploads\/2026\/01\/ypgnin-ayn-el-arab-bolgesinde-insa-ettigi-yer-alti-sehri-goruntulendi-10-LLb9m22n.jpg\"\/><\/p>\n","protected":false},"excerpt":{"rendered":"<p>Ter\u00f6r \u00f6rg\u00fct\u00fc YPG&#8217;nin Ayn el-Arab b\u00f6lgesine ba\u011fl\u0131 S\u0131rrin beldesindeki bir da\u011f\u0131n alt\u0131na in\u015fa etti\u011fi ve \u00e7ok say\u0131da t\u00fcnellerle birbirine ba\u011flanan 3 katl\u0131 &#8220;yer alt\u0131 \u015fehri&#8221; ortaya \u00e7\u0131kar\u0131ld\u0131.<\/p>\n","protected":false},"author":1,"featured_media":6103,"comment_status":"open","ping_status":"open","sticky":false,"template":"","format":"standard","meta":{"footnotes":""},"categories":[6],"tags":[1435,361,360,359,1434],"class_list":["post-6102","post","type-post","status-publish","format-standard","has-post-thumbnail","hentry","category-dunya","tag-orgut","tag-suriye","tag-teror-orgutu","tag-tunel","tag-yer-alti-sehri"],"_links":{"self":[{"href":"https:\/\/bihavadis.com\/index.php\/wp-json\/wp\/v2\/posts\/6102","targetHints":{"allow":["GET"]}}],"collection":[{"href":"https:\/\/bihavadis.com\/index.php\/wp-json\/wp\/v2\/posts"}],"about":[{"href":"https:\/\/bihavadis.com\/index.php\/wp-json\/wp\/v2\/types\/post"}],"author":[{"embeddable":true,"href":"https:\/\/bihavadis.com\/index.php\/wp-json\/wp\/v2\/users\/1"}],"replies":[{"embeddable":true,"href":"https:\/\/bihavadis.com\/index.php\/wp-json\/wp\/v2\/comments?post=6102"}],"version-history":[{"count":1,"href":"https:\/\/bihavadis.com\/index.php\/wp-json\/wp\/v2\/posts\/6102\/revisions"}],"predecessor-version":[{"id":6115,"href":"https:\/\/bihavadis.com\/index.php\/wp-json\/wp\/v2\/posts\/6102\/revisions\/6115"}],"wp:featuredmedia":[{"embeddable":true,"href":"https:\/\/bihavadis.com\/index.php\/wp-json\/wp\/v2\/media\/6103"}],"wp:attachment":[{"href":"https:\/\/bihavadis.com\/index.php\/wp-json\/wp\/v2\/media?parent=6102"}],"wp:term":[{"taxonomy":"category","embeddable":true,"href":"https:\/\/bihavadis.com\/index.php\/wp-json\/wp\/v2\/categories?post=6102"},{"taxonomy":"post_tag","embeddable":true,"href":"https:\/\/bihavadis.com\/index.php\/wp-json\/wp\/v2\/tags?post=6102"}],"curies":[{"name":"wp","href":"https:\/\/api.w.org\/{rel}","templated":true}]}}