{"id":61061,"date":"2026-03-05T08:57:06","date_gmt":"2026-03-05T08:57:06","guid":{"rendered":"https:\/\/bihavadis.com\/?p=61061"},"modified":"2026-03-05T08:57:06","modified_gmt":"2026-03-05T08:57:06","slug":"mahkeme-frenledi-beyaz-saray-alternatif-yollara-yoneldi","status":"publish","type":"post","link":"https:\/\/bihavadis.com\/index.php\/2026\/03\/05\/mahkeme-frenledi-beyaz-saray-alternatif-yollara-yoneldi\/","title":{"rendered":"Mahkeme frenledi, Beyaz Saray alternatif yollara y\u00f6neldi"},"content":{"rendered":"<p>ABD Y\u00fcksek Mahkemesi\u2019nin ba\u015fkan\u0131n acil g\u00fcmr\u00fck vergisi yetkilerini s\u0131n\u0131rlayan karar\u0131na ra\u011fmen, Trump y\u00f6netiminin g\u00fcmr\u00fck tarifesi stratejisinden vazge\u00e7meyece\u011fi ve di\u011fer yasal yollar\u0131 kullanarak bu politikay\u0131 s\u00fcrd\u00fcrmeye kararl\u0131 oldu\u011fudur.<\/p>\n<p>ABD Ticaret Temsilcisi, Y\u00fcksek Mahkeme&#8217;nin ba\u015fkan\u0131n tek tarafl\u0131 acil g\u00fcmr\u00fck vergisi yetkilerini s\u0131n\u0131rlayan karar\u0131na ra\u011fmen, Trump y\u00f6netiminin temel g\u00fcmr\u00fck vergisi stratejisini s\u00fcrd\u00fcrece\u011fini ve mevcut ticaret anla\u015fmalar\u0131na sayg\u0131 g\u00f6sterece\u011fini s\u00f6yledi.<\/p>\n<p>CBS&#8217;in Margaret Brennan ile birlikte sundu\u011fu &#8220;Face the Nation&#8221; program\u0131nda konu\u015fan Jamieson Greer, ticaret ortaklar\u0131n\u0131n m\u00fczakere edilmi\u015f anla\u015fmalardan vazge\u00e7me niyetinde olduklar\u0131na dair herhangi bir i\u015faret vermediklerini s\u00f6yledi.<\/p>\n<p><strong>D\u0130\u011eER YASALAR UYGULANACAK<\/strong><\/p>\n<p>Yetkili, g\u00fcmr\u00fck vergisi uygulama yollar\u0131ndan birinin engellenmi\u015f olmas\u0131na ra\u011fmen, cumhurba\u015fkan\u0131n\u0131n \u00f6zellikle haks\u0131z ticaret uygulamalar\u0131 ve ulusal g\u00fcvenlik endi\u015felerini ele alan di\u011fer mevcut yasalar kapsam\u0131nda yetkisini korudu\u011funu s\u00f6yledi.<\/p>\n<p>Greer, y\u00f6netimin ba\u015fkan\u0131n g\u00fcmr\u00fck tarifesi program\u0131n\u0131 bu kanallar arac\u0131l\u0131\u011f\u0131yla ilerletme konusundaki kararl\u0131l\u0131\u011f\u0131n\u0131n alt\u0131n\u0131 \u00e7izerek,<b> &#8220;\u015eimdilik Kongre&#8217;nin zaten uzatt\u0131\u011f\u0131 yetkileri kullanaca\u011f\u0131z.\u201d <\/b>dedi.<\/p>\n<p><strong>Y\u00dcKSEK MAHKEME KARARI Y\u00dcR\u00dcTMEN\u0130N YETK\u0130 A\u015eIMINA Y\u00d6NEL\u0130K \u00d6NEML\u0130 B\u0130R DENET\u0130M<\/strong><\/p>\n<p>Avrupa Merkez Bankas\u0131 Ba\u015fkan\u0131 Christine Lagarde, daha \u00f6nce Y\u00fcksek Mahkeme karar\u0131n\u0131 y\u00fcr\u00fctmenin yetki a\u015f\u0131m\u0131na y\u00f6nelik &#8220;\u00f6nemli bir denetim&#8221; olarak nitelendirmi\u015fti. S\u00fcregelen ticaret belirsizli\u011finin k\u00fcresel b\u00fcy\u00fcmeyi olumsuz etkileyebilece\u011fi konusunda uyar\u0131da bulunan Lagarde, ABD-AB ticaret ili\u015fkilerindeki son d\u00f6nemdeki istikrar\u0131 korumak i\u00e7in i\u015fletmelerin daha fazla \u00f6ng\u00f6r\u00fclebilirli\u011fe ihtiya\u00e7 duydu\u011funu s\u00f6yledi.<\/p>\n<p>ABD ve Avrupa Birli\u011fi aras\u0131ndaki ticaret gerilimleri Trump&#8217;\u0131n ikinci d\u00f6neminde de devam etti. 2025 y\u0131l\u0131nda y\u00f6netim, \u00e7elik, al\u00fcminyum ve otomobillere y\u00fcksek g\u00fcmr\u00fck vergilerini yeniden uygulamaya koydu, kar\u015f\u0131l\u0131kl\u0131 g\u00fcmr\u00fck vergileri tehdidinde bulundu ve Temmuz 2025&#8217;te bir\u00e7ok AB ihracat\u0131n\u0131n ABD&#8217;ye olan g\u00fcmr\u00fck vergilerini y\u00fczde 15 ile s\u0131n\u0131rlayan bir anla\u015fmaya vard\u0131. Bu anla\u015fman\u0131n uygulanmas\u0131, yeniden artan g\u00fcmr\u00fck vergileri ve belirsizlik nedeniyle gecikmelerle kar\u015f\u0131la\u015ft\u0131.<\/p>\n<p>Y\u00fcksek Mahkeme, 20 \u015eubat&#8217;ta 6&#8217;ya 3&#8217;l\u00fck bir kararla, Uluslararas\u0131 Acil Ekonomik Yetkiler Yasas\u0131 kapsam\u0131nda uygulanan ve itiraz konusu olan g\u00fcmr\u00fck vergilerini ge\u00e7ersiz k\u0131ld\u0131.<\/p>\n<div> <span><strong>Kaynak:<\/strong> Anadolu Ajans\u0131 (AA)<\/span> <\/div>\n","protected":false},"excerpt":{"rendered":"<p>ABD Y\u00fcksek Mahkemesi\u2019nin ba\u015fkan\u0131n acil g\u00fcmr\u00fck vergisi yetkilerini s\u0131n\u0131rlayan karar\u0131na ra\u011fmen, Trump y\u00f6netiminin g\u00fcmr\u00fck tarifesi stratejisinden vazge\u00e7meyece\u011fi ve di\u011fer yasal yollar\u0131 kullanarak bu politikay\u0131 s\u00fcrd\u00fcrmeye kararl\u0131 oldu\u011fudur. ABD Ticaret &#8230;<\/p>\n","protected":false},"author":1,"featured_media":61062,"comment_status":"open","ping_status":"open","sticky":false,"template":"","format":"standard","meta":{"footnotes":""},"categories":[8],"tags":[272,1905,7215,406,1650],"class_list":["post-61061","post","type-post","status-publish","format-standard","has-post-thumbnail","hentry","category-ekonomi","tag-abd","tag-gumruk","tag-gumruk-vergileri","tag-ticaret","tag-yetki"],"_links":{"self":[{"href":"https:\/\/bihavadis.com\/index.php\/wp-json\/wp\/v2\/posts\/61061","targetHints":{"allow":["GET"]}}],"collection":[{"href":"https:\/\/bihavadis.com\/index.php\/wp-json\/wp\/v2\/posts"}],"about":[{"href":"https:\/\/bihavadis.com\/index.php\/wp-json\/wp\/v2\/types\/post"}],"author":[{"embeddable":true,"href":"https:\/\/bihavadis.com\/index.php\/wp-json\/wp\/v2\/users\/1"}],"replies":[{"embeddable":true,"href":"https:\/\/bihavadis.com\/index.php\/wp-json\/wp\/v2\/comments?post=61061"}],"version-history":[{"count":1,"href":"https:\/\/bihavadis.com\/index.php\/wp-json\/wp\/v2\/posts\/61061\/revisions"}],"predecessor-version":[{"id":61063,"href":"https:\/\/bihavadis.com\/index.php\/wp-json\/wp\/v2\/posts\/61061\/revisions\/61063"}],"wp:featuredmedia":[{"embeddable":true,"href":"https:\/\/bihavadis.com\/index.php\/wp-json\/wp\/v2\/media\/61062"}],"wp:attachment":[{"href":"https:\/\/bihavadis.com\/index.php\/wp-json\/wp\/v2\/media?parent=61061"}],"wp:term":[{"taxonomy":"category","embeddable":true,"href":"https:\/\/bihavadis.com\/index.php\/wp-json\/wp\/v2\/categories?post=61061"},{"taxonomy":"post_tag","embeddable":true,"href":"https:\/\/bihavadis.com\/index.php\/wp-json\/wp\/v2\/tags?post=61061"}],"curies":[{"name":"wp","href":"https:\/\/api.w.org\/{rel}","templated":true}]}}