{"id":61090,"date":"2026-03-05T09:21:10","date_gmt":"2026-03-05T09:21:10","guid":{"rendered":"https:\/\/bihavadis.com\/?p=61090"},"modified":"2026-03-05T09:21:10","modified_gmt":"2026-03-05T09:21:10","slug":"2026-milano-cortina-kis-olimpiyatlari-sona-erdi","status":"publish","type":"post","link":"https:\/\/bihavadis.com\/index.php\/2026\/03\/05\/2026-milano-cortina-kis-olimpiyatlari-sona-erdi\/","title":{"rendered":"2026 Milano-Cortina K\u0131\u015f Olimpiyatlar\u0131 sona erdi"},"content":{"rendered":"<p>\u0130talya&#8217;n\u0131n Milano ve Cortina kentlerinde 6 \u015eubat&#8217;ta ba\u015flayan 25. K\u0131\u015f Olimpiyatlar\u0131, kapan\u0131\u015f t\u00f6reniyle sona erdi.<\/p>\n<p>Verona Olimpik Arena&#8217;daki kapan\u0131\u015f seremonisinde Uluslararas\u0131 Olimpiyat Komitesi (IOC) Ba\u015fkan\u0131 Kirsty Coventry, \u00e7ok say\u0131da diplomat, IOC \u00fcyeleri ve oyunlarda m\u00fccadele eden \u00fclkelerin olimpiyat komitesi ba\u015fkanlar\u0131 haz\u0131r bulundu.<\/p>\n<p>\u0130talyan k\u00fclt\u00fcr\u00fcn\u00fc yans\u0131tan g\u00f6sterilerin yan\u0131 s\u0131ra t\u00f6rende modern dans ve m\u00fczik performanslar\u0131 da sahnelendi.<\/p>\n<p>Konserlerle ba\u015flayan etkinliklerin ard\u0131ndan \u00fclke bayraklar\u0131yla ge\u00e7it t\u00f6reni yap\u0131ld\u0131.<\/p>\n<p><strong>MADALYA T\u00d6REN\u0130<\/strong><\/p>\n<p>Kayakl\u0131 ko\u015fu bran\u015f\u0131n\u0131n son iki yar\u0131\u015f\u0131n\u0131n madalyalar\u0131, t\u00f6ren program\u0131nda sahiplerine verildi.<\/p>\n<p>Kad\u0131nlar 50 kilometre toplu \u00e7\u0131k\u0131\u015f klasikte ilk 3&#8217;e giren \u0130sve\u00e7li Ebba Andersson, Norve\u00e7li Heidi Weng ve \u0130svi\u00e7reli Nadja Kaelin ile erkekler 50 kilometre toplu \u00e7\u0131k\u0131\u015f klasikte dereceye giren Norve\u00e7li sporcular Johannes Hoesflot Klaebo, Martin Loewstroem Nyenget ve Emil Iversen&#8217;e madalyalar\u0131 takdim edildi.<\/p>\n<p><img decoding=\"async\" src=\"https:\/\/bihavadis.com\/wp-content\/uploads\/2026\/03\/2026-milano-cortina-kis-olimpiyatlari-sona-erdi-0-vN2Ij38R.jpg\"\/><\/p>\n<p><strong>2030&#8217;UN EV SAH\u0130B\u0130 FRANSA, OL\u0130MP\u0130YAT BAYRA\u011eINI TESL\u0130M ALDI<\/strong><\/p>\n<p>2030 K\u0131\u015f Olimpiyat Oyunlar\u0131&#8217;na ev sahipli\u011fi yapacak Fransa, IOC Ba\u015fkan\u0131 Coventry&#8217;nin de kat\u0131ld\u0131\u011f\u0131 t\u00f6renle olimpiyat bayra\u011f\u0131n\u0131 devrald\u0131.<\/p>\n<p>Devir teslim t\u00f6reni, Fransa bayra\u011f\u0131n\u0131n milli mar\u015f e\u015fli\u011finde g\u00f6ndere \u00e7ekilmesiyle tamamland\u0131.<\/p>\n<p>IOC Ba\u015fkan\u0131 Coventry&#8217;nin organizasyonun ba\u015far\u0131yla ger\u00e7ekle\u015fti\u011fini belirterek te\u015fekk\u00fcr etti\u011fi konu\u015fmas\u0131n\u0131n ard\u0131ndan Milano ve Cortina kentlerinde sembolik olarak olimpiyat ate\u015fleri s\u00f6nd\u00fcr\u00fcld\u00fc.<\/p>\n<p><img decoding=\"async\" src=\"https:\/\/bihavadis.com\/wp-content\/uploads\/2026\/03\/2026-milano-cortina-kis-olimpiyatlari-sona-erdi-1-fU1uwO3W.jpg\"\/><\/p>\n<p><img decoding=\"async\" src=\"https:\/\/bihavadis.com\/wp-content\/uploads\/2026\/03\/2026-milano-cortina-kis-olimpiyatlari-sona-erdi-2-t57eC8nv.jpg\"\/><\/p>\n<p><img decoding=\"async\" src=\"https:\/\/bihavadis.com\/wp-content\/uploads\/2026\/03\/2026-milano-cortina-kis-olimpiyatlari-sona-erdi-3-wwVqanOs.jpg\"\/><\/p>\n<p><img decoding=\"async\" src=\"https:\/\/bihavadis.com\/wp-content\/uploads\/2026\/03\/2026-milano-cortina-kis-olimpiyatlari-sona-erdi-4-ak2Ku9iZ.jpg\"\/><\/p>\n<p><img decoding=\"async\" src=\"https:\/\/bihavadis.com\/wp-content\/uploads\/2026\/03\/2026-milano-cortina-kis-olimpiyatlari-sona-erdi-5-QbzE6awM.jpg\"\/><\/p>\n<p><img decoding=\"async\" src=\"https:\/\/bihavadis.com\/wp-content\/uploads\/2026\/03\/2026-milano-cortina-kis-olimpiyatlari-sona-erdi-6-cUCFeji3.jpg\"\/><\/p>\n<p><img decoding=\"async\" src=\"https:\/\/bihavadis.com\/wp-content\/uploads\/2026\/03\/2026-milano-cortina-kis-olimpiyatlari-sona-erdi-7-l8Q8HSjJ.jpg\"\/> <\/p>\n<div> <span><strong>Kaynak:<\/strong> Ensonhaber Haber Merkezi<\/span> <\/div>\n","protected":false},"excerpt":{"rendered":"<p>\u0130talya&#8217;n\u0131n Milano ve Cortina kentlerinde 6 \u015eubat&#8217;ta ba\u015flayan 25. K\u0131\u015f Olimpiyatlar\u0131, kapan\u0131\u015f t\u00f6reniyle sona erdi. Verona Olimpik Arena&#8217;daki kapan\u0131\u015f seremonisinde Uluslararas\u0131 Olimpiyat Komitesi (IOC) Ba\u015fkan\u0131 Kirsty Coventry, \u00e7ok say\u0131da diplomat, IOC &#8230;<\/p>\n","protected":false},"author":1,"featured_media":61091,"comment_status":"open","ping_status":"open","sticky":false,"template":"","format":"standard","meta":{"footnotes":""},"categories":[14],"tags":[501,2168],"class_list":["post-61090","post","type-post","status-publish","format-standard","has-post-thumbnail","hentry","category-spor","tag-olimpiyat","tag-toren"],"_links":{"self":[{"href":"https:\/\/bihavadis.com\/index.php\/wp-json\/wp\/v2\/posts\/61090","targetHints":{"allow":["GET"]}}],"collection":[{"href":"https:\/\/bihavadis.com\/index.php\/wp-json\/wp\/v2\/posts"}],"about":[{"href":"https:\/\/bihavadis.com\/index.php\/wp-json\/wp\/v2\/types\/post"}],"author":[{"embeddable":true,"href":"https:\/\/bihavadis.com\/index.php\/wp-json\/wp\/v2\/users\/1"}],"replies":[{"embeddable":true,"href":"https:\/\/bihavadis.com\/index.php\/wp-json\/wp\/v2\/comments?post=61090"}],"version-history":[{"count":1,"href":"https:\/\/bihavadis.com\/index.php\/wp-json\/wp\/v2\/posts\/61090\/revisions"}],"predecessor-version":[{"id":61100,"href":"https:\/\/bihavadis.com\/index.php\/wp-json\/wp\/v2\/posts\/61090\/revisions\/61100"}],"wp:featuredmedia":[{"embeddable":true,"href":"https:\/\/bihavadis.com\/index.php\/wp-json\/wp\/v2\/media\/61091"}],"wp:attachment":[{"href":"https:\/\/bihavadis.com\/index.php\/wp-json\/wp\/v2\/media?parent=61090"}],"wp:term":[{"taxonomy":"category","embeddable":true,"href":"https:\/\/bihavadis.com\/index.php\/wp-json\/wp\/v2\/categories?post=61090"},{"taxonomy":"post_tag","embeddable":true,"href":"https:\/\/bihavadis.com\/index.php\/wp-json\/wp\/v2\/tags?post=61090"}],"curies":[{"name":"wp","href":"https:\/\/api.w.org\/{rel}","templated":true}]}}