{"id":61213,"date":"2026-03-05T10:54:06","date_gmt":"2026-03-05T10:54:06","guid":{"rendered":"https:\/\/bihavadis.com\/?p=61213"},"modified":"2026-03-05T10:54:06","modified_gmt":"2026-03-05T10:54:06","slug":"yeni-transferlerden-ikisi-yok-iste-fenerbahcede-uefa-avrupa-ligi-kadrosu","status":"publish","type":"post","link":"https:\/\/bihavadis.com\/index.php\/2026\/03\/05\/yeni-transferlerden-ikisi-yok-iste-fenerbahcede-uefa-avrupa-ligi-kadrosu\/","title":{"rendered":"Yeni transferlerden ikisi yok! \u0130\u015fte Fenerbah\u00e7e&#8217;de UEFA Avrupa Ligi kadrosu"},"content":{"rendered":"<p>UEFA Avrupa Ligi Play-Off turunda Nottingham Forest ile e\u015fle\u015fen Fenerbah\u00e7e, Avrupa kupalar\u0131nda kullanaca\u011f\u0131 kadroyu UEFA&#8217;ya bildirdi. Sar\u0131-lacivertliler, ara transfer d\u00f6neminde kadroya kat\u0131lan \u00fc\u00e7 ismi listeye eklerken baz\u0131 dikkat \u00e7eken oyuncular Avrupa kadrosu d\u0131\u015f\u0131nda kald\u0131.<\/p>\n<p><b>YEN\u0130 TRANSFERLER L\u0130STEDE<\/b><\/p>\n<p>Fenerbah\u00e7e, yeni transferlerden N&#8217;Golo Kant\u00e9, Matt\u00e9o Guendouzi ve gen\u00e7 forvet Sidiki Cherif&#8217;i UEFA Avrupa Ligi kadrosuna dahil etti. Teknik direkt\u00f6r Domenico Tedesco, UEFA&#8217;ya en fazla \u00fc\u00e7 yeni oyuncu yazabildiklerini belirterek tercihini bu isimlerden yana kulland\u0131.<\/p>\n<p><b>TEDESCO&#8217;DAN NET A\u00c7IKLAMA<\/b><\/p>\n<p>Kadroyla ilgili konu\u015fan Domenico Tedesco, listeye al\u0131nmayan isimleri de a\u00e7\u0131klad\u0131. Tedesco, Mert G\u00fcnok ve Musaba&#8217;n\u0131n UEFA listesinde yer almayaca\u011f\u0131n\u0131 belirterek bu karar\u0131 oyuncularla birebir payla\u015ft\u0131\u011f\u0131n\u0131 s\u00f6yledi. Tecr\u00fcbeli teknik adam, Musaba&#8217;n\u0131n durumu olgunlukla kar\u015f\u0131lad\u0131\u011f\u0131n\u0131 ve lig ile kupa ma\u00e7lar\u0131 i\u00e7in her zaman haz\u0131r oldu\u011funu ifade etti.<\/p>\n<p><b>KALE, SAVUNMA VE ORTA SAHA KADROSU<\/b><\/p>\n<p>Fenerbah\u00e7e&#8217;nin UEFA listesinde kalede Ederson, Tar\u0131k \u00c7etin, Engin Can Biterge ve Hulusi Ceylan yer ald\u0131. Savunma hatt\u0131nda \u00c7a\u011flar S\u00f6y\u00fcnc\u00fc, Yi\u011fit Efe Demir, Mert M\u00fcld\u00fcr, Jayden Oosterwolde, N\u00e9lson Semedo, Milan Skriniar, Levent Mercan, Archie Brown, Kamil Efe \u00dcregen ve Boran Elig\u00fczel bulunuyor.<\/p>\n<p>Orta sahada ise N&#8217;Golo Kant\u00e9, Matt\u00e9o Guendouzi, \u0130smail Y\u00fcksek, Fred, Edson \u00c1lvarez, O\u011fuz Ayd\u0131n, Yasir Boz ve Anderson Talisca gibi \u00f6nemli isimler UEFA kadrosunda yer ald\u0131.<\/p>\n<p><b>H\u00dcCUM HATTI BELL\u0130 OLDU<\/b><\/p>\n<p>Sar\u0131-lacivertlilerin h\u00fccum hatt\u0131nda Kerem Akt\u00fcrko\u011flu, Sidiki Cherif, Marco Asensio, Dorgeles Nene ve Alaettin Ekici g\u00f6rev yapacak oyuncular olarak listelendi.<\/p>\n<p><b>UEFA L\u0130STES\u0130NDEN \u00c7IKARILAN \u0130S\u0130MLER<\/b><\/p>\n<p>Fenerbah\u00e7e&#8217;de Youssef En-Nesyri, Sebastian Szymanski, \u0130rfan Can Kahveci, \u0130rfan Can E\u011fribayat ve Jhon Duran UEFA Avrupa Ligi kadrosunda yer almayan isimler oldu.<\/p>\n<p><b>TRANSFER D\u00d6NEM\u0130 SONA ER\u0130YOR<\/b><\/p>\n<p>T\u00fcrkiye&#8217;de k\u0131\u015f transfer d\u00f6nemi 6 \u015eubat 2026 saat 23.59 itibar\u0131yla sona erecek. Avrupa&#8217;n\u0131n be\u015f b\u00fcy\u00fck liginde ise ara transfer d\u00f6nemi tamamlanm\u0131\u015f durumda.<\/p>\n","protected":false},"excerpt":{"rendered":"<p>Fenerbah\u00e7e, UEFA Avrupa Ligi Play-Off turunda Nottingham Forest ile e\u015fle\u015fmesi \u00f6ncesi Avrupa kadrosunu a\u00e7\u0131klad\u0131. Yeni transferler N&#8217;Golo Kante, Matteo Guendouzi ve Sidiki Cherif kadroya dahil edildi. Ancak, Mert G\u00fcnok ve Musaba gibi isimler UEFA listesinde yer almad\u0131.<\/p>\n","protected":false},"author":1,"featured_media":61214,"comment_status":"open","ping_status":"open","sticky":false,"template":"","format":"standard","meta":{"footnotes":""},"categories":[14],"tags":[1090,2276,6887,597,1881],"class_list":["post-61213","post","type-post","status-publish","format-standard","has-post-thumbnail","hentry","category-spor","tag-avrupa","tag-isimler","tag-kadrosu","tag-lig","tag-uefa"],"_links":{"self":[{"href":"https:\/\/bihavadis.com\/index.php\/wp-json\/wp\/v2\/posts\/61213","targetHints":{"allow":["GET"]}}],"collection":[{"href":"https:\/\/bihavadis.com\/index.php\/wp-json\/wp\/v2\/posts"}],"about":[{"href":"https:\/\/bihavadis.com\/index.php\/wp-json\/wp\/v2\/types\/post"}],"author":[{"embeddable":true,"href":"https:\/\/bihavadis.com\/index.php\/wp-json\/wp\/v2\/users\/1"}],"replies":[{"embeddable":true,"href":"https:\/\/bihavadis.com\/index.php\/wp-json\/wp\/v2\/comments?post=61213"}],"version-history":[{"count":1,"href":"https:\/\/bihavadis.com\/index.php\/wp-json\/wp\/v2\/posts\/61213\/revisions"}],"predecessor-version":[{"id":61215,"href":"https:\/\/bihavadis.com\/index.php\/wp-json\/wp\/v2\/posts\/61213\/revisions\/61215"}],"wp:featuredmedia":[{"embeddable":true,"href":"https:\/\/bihavadis.com\/index.php\/wp-json\/wp\/v2\/media\/61214"}],"wp:attachment":[{"href":"https:\/\/bihavadis.com\/index.php\/wp-json\/wp\/v2\/media?parent=61213"}],"wp:term":[{"taxonomy":"category","embeddable":true,"href":"https:\/\/bihavadis.com\/index.php\/wp-json\/wp\/v2\/categories?post=61213"},{"taxonomy":"post_tag","embeddable":true,"href":"https:\/\/bihavadis.com\/index.php\/wp-json\/wp\/v2\/tags?post=61213"}],"curies":[{"name":"wp","href":"https:\/\/api.w.org\/{rel}","templated":true}]}}