{"id":61229,"date":"2026-03-05T11:06:07","date_gmt":"2026-03-05T11:06:07","guid":{"rendered":"https:\/\/bihavadis.com\/?p=61229"},"modified":"2026-03-05T11:06:07","modified_gmt":"2026-03-05T11:06:07","slug":"guven-endeksi-subatta-perakende-ticarette-artti-insaatta-azaldi","status":"publish","type":"post","link":"https:\/\/bihavadis.com\/index.php\/2026\/03\/05\/guven-endeksi-subatta-perakende-ticarette-artti-insaatta-azaldi\/","title":{"rendered":"G\u00fcven endeksi \u015fubatta perakende ticarette artt\u0131, in\u015faatta azald\u0131"},"content":{"rendered":"<p>T\u00fcrkiye&#8217;nin periyodik olarak payla\u015ft\u0131\u011f\u0131 verilerden biri de farkl\u0131 sekt\u00f6rlerdeki g\u00fcven endeksleri oldu.<\/p>\n<p>T\u00fcrkiye \u0130statistik Kurumu (T\u00dc\u0130K), \u015fubat ay\u0131na ili\u015fkin hizmet, perakende ticaret ve in\u015faat g\u00fcven endekslerini a\u00e7\u0131klad\u0131.<\/p>\n<p>Buna g\u00f6re, mevsim etkilerinden ar\u0131nd\u0131r\u0131lm\u0131\u015f g\u00fcven endeksi \u015fubatta ayl\u0131k bazda hizmet sekt\u00f6r\u00fcnde ayn\u0131 d\u00fczeyde kalarak 113,8, perakende ticaret sekt\u00f6r\u00fcnde y\u00fczde 2,9 artarak 115,9 ve in\u015faat sekt\u00f6r\u00fcnde ise y\u00fczde 2,1 azalarak 83,9 de\u011ferini ald\u0131.<\/p>\n<p><strong>H\u0130ZMET SEKT\u00d6R\u00dc<\/strong><\/p>\n<p>Hizmet sekt\u00f6r\u00fcnde, \u015fubatta bir \u00f6nceki aya oranla son 3 ayl\u0131k d\u00f6nemde i\u015f durumu y\u00fczde 0,8, son 3 ayl\u0131k d\u00f6nemde hizmetlere olan talep y\u00fczde 1,3 azal\u0131rken gelecek 3 ayl\u0131k d\u00f6nemde hizmetlere olan talep beklentisi y\u00fczde 2,1 y\u00fckseldi.<\/p>\n<p><strong>PERAKENDE SEKT\u00d6R\u00dc<\/strong><\/p>\n<p>Perakende ticaret sekt\u00f6r\u00fcnde, son 3 ayl\u0131k d\u00f6nemde i\u015f hacmi-sat\u0131\u015flar y\u00fczde 1,6, mevcut mal stok seviyesi y\u00fczde 3,2, gelecek 3 ayl\u0131k d\u00f6nemde i\u015f hacmi-sat\u0131\u015flar beklentisi y\u00fczde 4 art\u0131\u015f kaydetti.<\/p>\n<p><img decoding=\"async\" src=\"https:\/\/bihavadis.com\/wp-content\/uploads\/2026\/03\/guven-endeksi-subatta-perakende-ticarette-artti-insaatta-azaldi-0-TxZikWUg.jpg\"\/><\/p>\n<p><strong>\u0130N\u015eAAT SEKT\u00d6R\u00dc<\/strong><\/p>\n<p>\u0130n\u015faat sekt\u00f6r\u00fcnde de al\u0131nan kay\u0131tl\u0131 sipari\u015flerin mevcut d\u00fczeyi y\u00fczde 0,3 artarken gelecek 3 ayl\u0131k d\u00f6nemde toplam \u00e7al\u0131\u015fan say\u0131s\u0131 beklentisi y\u00fczde 4,2 geriledi.<\/p>\n<p><img decoding=\"async\" src=\"https:\/\/bihavadis.com\/wp-content\/uploads\/2026\/03\/guven-endeksi-subatta-perakende-ticarette-artti-insaatta-azaldi-1-ABWlBFHL.jpg\"\/> <\/p>\n<div> <span><strong>Kaynak:<\/strong> Anadolu Ajans\u0131 (AA)<\/span> <\/div>\n","protected":false},"excerpt":{"rendered":"<p>T\u00fcrkiye&#8217;nin periyodik olarak payla\u015ft\u0131\u011f\u0131 verilerden biri de farkl\u0131 sekt\u00f6rlerdeki g\u00fcven endeksleri oldu. T\u00fcrkiye \u0130statistik Kurumu (T\u00dc\u0130K), \u015fubat ay\u0131na ili\u015fkin hizmet, perakende ticaret ve in\u015faat g\u00fcven endekslerini a\u00e7\u0131klad\u0131. Buna g\u00f6re, mevsim &#8230;<\/p>\n","protected":false},"author":1,"featured_media":61230,"comment_status":"open","ping_status":"open","sticky":false,"template":"","format":"standard","meta":{"footnotes":""},"categories":[8],"tags":[315,4880],"class_list":["post-61229","post","type-post","status-publish","format-standard","has-post-thumbnail","hentry","category-ekonomi","tag-hizmet","tag-sektorunde"],"_links":{"self":[{"href":"https:\/\/bihavadis.com\/index.php\/wp-json\/wp\/v2\/posts\/61229","targetHints":{"allow":["GET"]}}],"collection":[{"href":"https:\/\/bihavadis.com\/index.php\/wp-json\/wp\/v2\/posts"}],"about":[{"href":"https:\/\/bihavadis.com\/index.php\/wp-json\/wp\/v2\/types\/post"}],"author":[{"embeddable":true,"href":"https:\/\/bihavadis.com\/index.php\/wp-json\/wp\/v2\/users\/1"}],"replies":[{"embeddable":true,"href":"https:\/\/bihavadis.com\/index.php\/wp-json\/wp\/v2\/comments?post=61229"}],"version-history":[{"count":1,"href":"https:\/\/bihavadis.com\/index.php\/wp-json\/wp\/v2\/posts\/61229\/revisions"}],"predecessor-version":[{"id":61233,"href":"https:\/\/bihavadis.com\/index.php\/wp-json\/wp\/v2\/posts\/61229\/revisions\/61233"}],"wp:featuredmedia":[{"embeddable":true,"href":"https:\/\/bihavadis.com\/index.php\/wp-json\/wp\/v2\/media\/61230"}],"wp:attachment":[{"href":"https:\/\/bihavadis.com\/index.php\/wp-json\/wp\/v2\/media?parent=61229"}],"wp:term":[{"taxonomy":"category","embeddable":true,"href":"https:\/\/bihavadis.com\/index.php\/wp-json\/wp\/v2\/categories?post=61229"},{"taxonomy":"post_tag","embeddable":true,"href":"https:\/\/bihavadis.com\/index.php\/wp-json\/wp\/v2\/tags?post=61229"}],"curies":[{"name":"wp","href":"https:\/\/api.w.org\/{rel}","templated":true}]}}