{"id":61289,"date":"2026-03-05T11:51:08","date_gmt":"2026-03-05T11:51:08","guid":{"rendered":"https:\/\/bihavadis.com\/?p=61289"},"modified":"2026-03-05T11:51:08","modified_gmt":"2026-03-05T11:51:08","slug":"bursada-esini-katleden-saniga-agirlastirilmis-muebbet-istemi","status":"publish","type":"post","link":"https:\/\/bihavadis.com\/index.php\/2026\/03\/05\/bursada-esini-katleden-saniga-agirlastirilmis-muebbet-istemi\/","title":{"rendered":"Bursa&#8217;da e\u015fini katleden san\u0131\u011fa a\u011f\u0131rla\u015ft\u0131r\u0131lm\u0131\u015f m\u00fcebbet istemi"},"content":{"rendered":"<p>Bursa&#8217;n\u0131n Nil\u00fcfer il\u00e7esi Ba\u011flarba\u015f\u0131 Mahallesi Yalman Sokak&#8217;ta bir kad\u0131n daha e\u015fi taraf\u0131ndan katledildi.\u00a0<\/p>\n<p>K\u0131z\u0131 Z.\u00c7. ve o\u011flu A.E.\u00c7. ile evine giden Yasemin Uluda\u011f \u00c7etin, kendisini takip eden bo\u015fanma a\u015famas\u0131ndaki e\u015fi di\u015f teknikeri Atilla \u00c7etin&#8217;in sald\u0131r\u0131s\u0131na u\u011frad\u0131.<\/p>\n<p>Atilla \u00c7etin, e\u015fini evinin bulundu\u011fu binan\u0131n \u00f6n\u00fcne geldi\u011finde ba\u015f\u0131ndan tabancayla vurdu.<\/p>\n<p>2 \u00e7ocuk annesi Yasemin Uluda\u011f \u00c7etin yere y\u0131\u011f\u0131ld\u0131, ihbarla adrese polis ve sa\u011fl\u0131k ekipleri sevk edildi.<\/p>\n<p><strong>KURTARILAMADI<\/strong><\/p>\n<p>Yaralanan Yasemin Uluda\u011f \u00c7etin, sa\u011fl\u0131k ekiplerinin ilk m\u00fcdahalesinin ard\u0131ndan ambulansla \u00c7ekirge Devlet Hastanesi&#8217;ne kald\u0131r\u0131ld\u0131 ancak kurtar\u0131lamad\u0131. G\u00f6zalt\u0131na al\u0131nan Atilla \u00c7etin, \u00e7\u0131kar\u0131ld\u0131\u011f\u0131 mahkemede tutukland\u0131.<\/p>\n<p><img decoding=\"async\" src=\"https:\/\/bihavadis.com\/wp-content\/uploads\/2026\/03\/bursada-esini-katleden-saniga-agirlastirilmis-muebbet-istemi-0-irWTnVcG.jpg\"\/><\/p>\n<p><strong>&#8216;BABAM B\u0130ZE S\u00dcREKL\u0130 \u015e\u0130DDET UYGULUYORDU&#8221;<\/strong><\/p>\n<p>Atilla \u00c7etin hakk\u0131nda <em><b>&#8216;E\u015fe kar\u015f\u0131 kasten \u00f6ld\u00fcrmek&#8217;<\/b><\/em> su\u00e7undan a\u011f\u0131rla\u015ft\u0131r\u0131lm\u0131\u015f m\u00fcebbet hapis cezas\u0131 istemiyle dava a\u00e7\u0131ld\u0131. \u0130ddianamede, \u00e7iftin \u00e7ocuklar\u0131n\u0131n da ifadesine yer verildi.<\/p>\n<p>Babas\u0131n\u0131n kendisini \u00f6ld\u00fcrmeye \u00e7al\u0131\u015ft\u0131\u011f\u0131n\u0131 s\u00f6yleyen \u00e7iftin k\u0131z\u0131 Z.\u00c7., <em><b>&#8220;Babam 1,5 y\u0131l \u00f6nce evde bana sald\u0131r\u0131p, \u00f6ld\u00fcrmek istedi. Hakk\u0131nda \u015fikayet\u00e7i olmu\u015ftum. Bu olay sonras\u0131 uzakla\u015ft\u0131rma karar\u0131 da alm\u0131\u015ft\u0131. Olay g\u00fcn\u00fc annem ve karde\u015fimle kahve i\u00e7ip, evimizin \u00f6n\u00fcne geldi\u011fimizde babam da geldi.<\/b><\/em><\/p>\n<p><em><b> Arac\u0131n\u0131 yol ortas\u0131nda park edip anneme, &#8216;Namussuz, \u015ferefsiz&#8217; gibi hakaretler ya\u011fd\u0131r\u0131p, \u00fczerine geldi. Onu uzakla\u015ft\u0131rmak isterken, arac\u0131ndan ald\u0131\u011f\u0131 silahla anneme ate\u015f etti&#8221; <\/b><\/em>dedi.<\/p>\n<p>\u00c7iftin o\u011flu A.E.\u00c7. ise &#8220;<em><b>Babam, bana, ablama ve anneme s\u00fcrekli \u015fiddet uyguluyordu. Kendisini polise \u015fikayet ettik. <\/b><\/em><em><b>Annem bo\u015fanmak i\u00e7in dava a\u00e7t\u0131.<\/b><\/em><\/p>\n<p><em><b> Buna ra\u011fmen babam bizi rahats\u0131z etmeye devam etti. Olay g\u00fcn\u00fc, ablam\u0131n ve benim yan\u0131mda annemi \u00f6ld\u00fcrd\u00fc<\/b><\/em>&#8221; diye konu\u015ftu.<\/p>\n<p><img decoding=\"async\" src=\"https:\/\/bihavadis.com\/wp-content\/uploads\/2026\/03\/bursada-esini-katleden-saniga-agirlastirilmis-muebbet-istemi-1-3GqwhHKT.jpg\"\/><\/p>\n<p><strong>G\u00d6R\u00dcNT\u00dcL\u00dc KAYIT ALINDI<\/strong><\/p>\n<p>Emniyetteki ve savc\u0131l\u0131ktaki sorgusunda, bo\u015fanma a\u015famas\u0131ndaki e\u015finin kendisini 2 ki\u015fi ile aldatt\u0131\u011f\u0131n\u0131 iddia eden ve amac\u0131n\u0131n korkutmak oldu\u011funu s\u00f6yleyen Atilla \u00c7etin, <em><b>&#8220;Olay g\u00fcn\u00fc konu\u015fmak i\u00e7in yan\u0131na gitti\u011fimde, hakaretlerine maruz kal\u0131nca sinirlenip, yan\u0131mda bulunan tabancayla ona ate\u015f ettim. Amac\u0131m, \u00f6ld\u00fcrmek ve yaralamak de\u011fil, sadece korkutmakt\u0131&#8221;<\/b><\/em> dedi.<\/p>\n<p>Atilla \u00c7etin\u2019in yarg\u0131lanmas\u0131na Bursa 18\u2019inci A\u011f\u0131r Ceza Mahkemesi\u2019nde devam edildi. Tutuklu san\u0131k, m\u00fc\u015fteki avukatlar\u0131n\u0131n talebiyle, taraflar\u0131n ifadelerinin g\u00f6r\u00fcnt\u00fcl\u00fc olarak kayda al\u0131nd\u0131\u011f\u0131 duru\u015fmaya, Burdur Y\u00fcksek G\u00fcvenlikli Kapal\u0131 Ceza \u0130nfaz Kurumu\u2019ndan Ses ve G\u00f6r\u00fcnt\u00fc Bili\u015fim Sistemi (SEGB\u0130S) ile kat\u0131ld\u0131.<\/p>\n<p>Duru\u015fmada s\u00f6z hakk\u0131 alan m\u00fc\u015fteki avukatlar\u0131, san\u0131\u011f\u0131n, at\u0131l\u0131 su\u00e7u tasarlayarak i\u015fledi\u011finin sabit oldu\u011funu ve hi\u00e7bir indirim yap\u0131lmaks\u0131z\u0131n en \u00fcst s\u0131n\u0131rdan cezaland\u0131r\u0131lmas\u0131n\u0131 talep etti.<\/p>\n<p><img decoding=\"async\" src=\"https:\/\/bihavadis.com\/wp-content\/uploads\/2026\/03\/bursada-esini-katleden-saniga-agirlastirilmis-muebbet-istemi-2-MKtUqp9D.jpg\"\/><\/p>\n<p><strong>SAVCI M\u00dcTALAASINI VERD\u0130<\/strong><\/p>\n<p>Taraflar\u0131n dinlenmesinin ard\u0131ndan esas hakk\u0131ndaki m\u00fctalaas\u0131n\u0131 veren savc\u0131, tutuklu san\u0131\u011f\u0131n,<em><b> \u2018E\u015fe kar\u015f\u0131 kasten \u00f6ld\u00fcrme ve kad\u0131na kar\u015f\u0131 kasten \u00f6ld\u00fcrme<\/b><\/em>\u2019 su\u00e7undan a\u011f\u0131rla\u015ft\u0131r\u0131lm\u0131\u015f m\u00fcebbet, <em><b>\u2018Ruhsats\u0131z silah ta\u015f\u0131ma ve mermileri sat\u0131n alma\u2019<\/b><\/em> su\u00e7undan da 1&#8217;den 3 y\u0131la kadar hapsini istedi.<\/p>\n<p><img decoding=\"async\" src=\"https:\/\/bihavadis.com\/wp-content\/uploads\/2026\/03\/bursada-esini-katleden-saniga-agirlastirilmis-muebbet-istemi-3-OHNftx99.jpg\"\/><\/p>\n<p><strong>MAHKEMEY\u0130 SU\u00c7LADI<\/strong><\/p>\n<p>M\u00fctalaaya kar\u015f\u0131 savunmas\u0131 sorulan Atilla \u00c7etin, bo\u015fanma davalar\u0131 devam ederken hakk\u0131nda uzakla\u015ft\u0131rma karar\u0131 veren Aile Mahkemesi hakimi ile \u00f6ld\u00fcrd\u00fc\u011f\u00fc e\u015fini su\u00e7layarak, <em><b>\u201cBen bo\u015fanma davas\u0131 a\u015famas\u0131nda Aile Mahkemesi&#8217;nce ma\u011fdur edildim. Sokaklarda kald\u0131m. Son noktaya geldim. Maktul iki \u00e7ocu\u011fumu benden koparm\u0131\u015ft\u0131r. Sonu\u00e7 bu a\u015famaya gelmi\u015ftir<\/b><\/em>\u201d dedi.<\/p>\n<p>Mahkeme heyeti, san\u0131k avukatlar\u0131n\u0131n m\u00fctalaaya kar\u015f\u0131 savunma i\u00e7in ek s\u00fcre talep etmesi \u00fczerine duru\u015fmay\u0131 erteledi.\u00a0<\/p>\n<p><img decoding=\"async\" src=\"https:\/\/bihavadis.com\/wp-content\/uploads\/2026\/03\/bursada-esini-katleden-saniga-agirlastirilmis-muebbet-istemi-4-N27h6EMQ.jpg\"\/> <\/p>\n<div> <span><strong>Kaynak:<\/strong> Demir\u00f6ren Haber Ajans\u0131 (DHA)<\/span> <\/div>\n","protected":false},"excerpt":{"rendered":"<p>Bursa&#8217;n\u0131n Nil\u00fcfer il\u00e7esi Ba\u011flarba\u015f\u0131 Mahallesi Yalman Sokak&#8217;ta bir kad\u0131n daha e\u015fi taraf\u0131ndan katledildi.\u00a0 K\u0131z\u0131 Z.\u00c7. ve o\u011flu A.E.\u00c7. ile evine giden Yasemin Uluda\u011f \u00c7etin, kendisini takip eden bo\u015fanma a\u015famas\u0131ndaki e\u015fi di\u015f teknikeri Atilla \u00c7etin&#8217;in &#8230;<\/p>\n","protected":false},"author":1,"featured_media":61290,"comment_status":"open","ping_status":"open","sticky":false,"template":"","format":"standard","meta":{"footnotes":""},"categories":[4,13],"tags":[7226,4112,1503,427,3354],"class_list":["post-61289","post","type-post","status-publish","format-standard","has-post-thumbnail","hentry","category-gundem","category-son-dakika","tag-atilla-cetin","tag-babam","tag-hakki","tag-mahkeme","tag-oldurme"],"_links":{"self":[{"href":"https:\/\/bihavadis.com\/index.php\/wp-json\/wp\/v2\/posts\/61289","targetHints":{"allow":["GET"]}}],"collection":[{"href":"https:\/\/bihavadis.com\/index.php\/wp-json\/wp\/v2\/posts"}],"about":[{"href":"https:\/\/bihavadis.com\/index.php\/wp-json\/wp\/v2\/types\/post"}],"author":[{"embeddable":true,"href":"https:\/\/bihavadis.com\/index.php\/wp-json\/wp\/v2\/users\/1"}],"replies":[{"embeddable":true,"href":"https:\/\/bihavadis.com\/index.php\/wp-json\/wp\/v2\/comments?post=61289"}],"version-history":[{"count":1,"href":"https:\/\/bihavadis.com\/index.php\/wp-json\/wp\/v2\/posts\/61289\/revisions"}],"predecessor-version":[{"id":61296,"href":"https:\/\/bihavadis.com\/index.php\/wp-json\/wp\/v2\/posts\/61289\/revisions\/61296"}],"wp:featuredmedia":[{"embeddable":true,"href":"https:\/\/bihavadis.com\/index.php\/wp-json\/wp\/v2\/media\/61290"}],"wp:attachment":[{"href":"https:\/\/bihavadis.com\/index.php\/wp-json\/wp\/v2\/media?parent=61289"}],"wp:term":[{"taxonomy":"category","embeddable":true,"href":"https:\/\/bihavadis.com\/index.php\/wp-json\/wp\/v2\/categories?post=61289"},{"taxonomy":"post_tag","embeddable":true,"href":"https:\/\/bihavadis.com\/index.php\/wp-json\/wp\/v2\/tags?post=61289"}],"curies":[{"name":"wp","href":"https:\/\/api.w.org\/{rel}","templated":true}]}}