{"id":61297,"date":"2026-03-05T11:54:10","date_gmt":"2026-03-05T11:54:10","guid":{"rendered":"https:\/\/bihavadis.com\/?p=61297"},"modified":"2026-03-05T11:54:10","modified_gmt":"2026-03-05T11:54:10","slug":"izmirde-saganak-alt-gecitte-can-kaybi","status":"publish","type":"post","link":"https:\/\/bihavadis.com\/index.php\/2026\/03\/05\/izmirde-saganak-alt-gecitte-can-kaybi\/","title":{"rendered":"\u0130zmir&#8217;de Sa\u011fanak: Alt Ge\u00e7itte Can Kayb\u0131"},"content":{"rendered":"<p>\n<p>\u0130ZM\u0130R&#8217;in Torbal\u0131 il\u00e7esinde etkili olan kuvvetli sa\u011fanak sonras\u0131 Mehmet Ekinci&#8217;nin (58) ya\u015fam\u0131n\u0131 yitirdi\u011fi alt ge\u00e7ide dolan su, itfaiye ekiplerin \u00e7al\u0131\u015fmas\u0131yla tahliye edildi. Etraf\u0131ndaki yollar bariyerlerle kapat\u0131lan alt ge\u00e7it ve \u00e7evresi dron ile g\u00f6r\u00fcnt\u00fclendi. G\u00f6rg\u00fc tan\u0131\u011f\u0131 Ozan \u00d6zsoy (43), daha \u00f6nce ayn\u0131 alt ge\u00e7itte kendi o\u011flunun da bo\u011fulma tehlikesi ge\u00e7irdi\u011fi belirtip, &#8220;Okula giderlerken, servis arac\u0131 yar\u0131ya kadar suyun i\u00e7inde kald\u0131. Arkada\u015f\u0131m o\u011flumu omzuna alarak oradan \u00e7\u0131kard\u0131&#8221; dedi.<\/p>\n<p>Kentte d\u00fcn ak\u015fam saatlerinde etkili olan sa\u011fanak, hayat\u0131 olumsuz etkiledi. Torbal\u0131 il\u00e7esi Pancar Mahallesi&#8217;ndeki \u0130ZBAN alt ge\u00e7idinde su birikti. Alt ge\u00e7itten ge\u00e7mek isteyen Mehmet Ekinci, 45 E 3077 plakal\u0131 kamyonetinin su birikintisinde &#8216;stop&#8217; etmesi \u00fczerine mahsur kal\u0131p, telefonla yard\u0131m istedi. \u0130hbar \u00fczerine olay yerine itfaiye, sa\u011fl\u0131k ve jandarma ekipleri sevk edildi. \u0130tfaiyenin yo\u011fun \u00e7al\u0131\u015fmas\u0131 sonucu ara\u00e7 bulundu\u011fu yerden \u00e7\u0131kar\u0131l\u0131rken, sa\u011fl\u0131k ekiplerinin kontrol\u00fcnde s\u00fcr\u00fcc\u00fc Ekinci&#8217;nin hayat\u0131n\u0131 kaybetti\u011fi belirlendi. Mehmet Ekinci&#8217;nin cenazesi, yap\u0131lan incelemenin ard\u0131ndan \u0130zmir Adli T\u0131p Kurumu morguna g\u00f6t\u00fcr\u00fcld\u00fc. Sa\u011fanak nedeniyle bir\u00e7ok sokak ve cadde sular alt\u0131nda kal\u0131rken, Pancar \u0130ZBAN \u0130stasyonu da i\u00e7erisine dolan su nedeniyle ge\u00e7ici s\u00fcre ula\u015f\u0131ma kapat\u0131ld\u0131.<\/p>\n<p>DRONLA G\u00d6R\u00dcNT\u00dcLEND\u0130<\/p>\n<p>Bu sabah itibar\u0131yla Torbal\u0131&#8217;da ya\u011fmur etkisini yitirdi. Alt ge\u00e7ide giden yollar bariyerlerle kapat\u0131ld\u0131. Belediye ekipleri ise su tahliye \u00e7al\u0131\u015fmas\u0131 yapt\u0131. Alt ge\u00e7itteki su tamamen bo\u015falt\u0131ld\u0131. Alt ge\u00e7it ve \u00e7evresi dronla g\u00f6r\u00fcnt\u00fclendi.<\/p>\n<p>&#8216;GER\u0130 G\u0130DEREK \u00c7IKMAYA \u00c7ALI\u015eTI\u011eINI G\u00d6RD\u00dcM&#8217;<\/p>\n<p>\u00d6te yandan olay\u0131n g\u00f6rg\u00fc tan\u0131klar\u0131ndan evli, 3 \u00e7ocuk babas\u0131 Ozan \u00d6zsoy, &#8220;\u00c7ocu\u011fumu hastaneye g\u00f6t\u00fcrecektim. Ancak ya\u011fmur nedeniyle d\u00f6nmek zorunda kald\u0131k. Yollar sa\u011fanak ya\u011fmur nedeniyle suyla doldu\u011fundan k\u00f6t\u00fc vaziyetteydi. Bu s\u0131rada bir kamyonetin alt ge\u00e7itte geri geri giderek \u00e7\u0131kmaya \u00e7al\u0131\u015ft\u0131\u011f\u0131n\u0131 g\u00f6rd\u00fcm. Sonras\u0131nda ise kamyonet s\u00fcr\u00fcc\u00fcs\u00fcn\u00fcn, suyla dolan alt ge\u00e7itte bo\u011fularak ya\u015fam\u0131n\u0131 yitirdi\u011fini \u00f6\u011frendik. Ya\u011fmur ya\u011f\u0131nca \u015ferit \u00e7ekildi, pek giren olmad\u0131. Fark edemeyen arkada\u015f girmi\u015f. Su bas\u0131n\u00e7 yap\u0131nca da kap\u0131y\u0131 a\u00e7amay\u0131p mahsur kalm\u0131\u015f. Sonras\u0131nda Jandarma Olay Yeri \u0130nceleme ekipleri geldi&#8221; dedi.<\/p>\n<p>&#8216;ARKADA\u015eIM, O\u011eLUMU OMZUNA ALARAK \u00c7IKARDI&#8217;<\/p>\n<p>Daha \u00f6nce ayn\u0131 alt ge\u00e7itte kendi o\u011flunun da bo\u011fulma tehlikesi ge\u00e7irdi\u011fi belirten \u00d6zsoy, &#8220;Okula giderlerken, servis arac\u0131 yar\u0131ya kadar suyun i\u00e7inde kald\u0131. Arkada\u015f\u0131m o\u011flumu omzuna alarak oradan \u00e7\u0131kard\u0131&#8221; diye konu\u015ftu. <\/p>\n","protected":false},"excerpt":{"rendered":"<p>\u0130zmir Torbal\u0131&#8217;da sa\u011fanak sonras\u0131 alt ge\u00e7itte mahsur kalan Mehmet Ekinci ya\u015fam\u0131n\u0131 yitirdi.<\/p>\n","protected":false},"author":1,"featured_media":61298,"comment_status":"open","ping_status":"open","sticky":false,"template":"","format":"standard","meta":{"footnotes":""},"categories":[9,4,13],"tags":[4889],"class_list":["post-61297","post","type-post","status-publish","format-standard","has-post-thumbnail","hentry","category-genel","category-gundem","category-son-dakika","tag-alt-gecit"],"_links":{"self":[{"href":"https:\/\/bihavadis.com\/index.php\/wp-json\/wp\/v2\/posts\/61297","targetHints":{"allow":["GET"]}}],"collection":[{"href":"https:\/\/bihavadis.com\/index.php\/wp-json\/wp\/v2\/posts"}],"about":[{"href":"https:\/\/bihavadis.com\/index.php\/wp-json\/wp\/v2\/types\/post"}],"author":[{"embeddable":true,"href":"https:\/\/bihavadis.com\/index.php\/wp-json\/wp\/v2\/users\/1"}],"replies":[{"embeddable":true,"href":"https:\/\/bihavadis.com\/index.php\/wp-json\/wp\/v2\/comments?post=61297"}],"version-history":[{"count":1,"href":"https:\/\/bihavadis.com\/index.php\/wp-json\/wp\/v2\/posts\/61297\/revisions"}],"predecessor-version":[{"id":61299,"href":"https:\/\/bihavadis.com\/index.php\/wp-json\/wp\/v2\/posts\/61297\/revisions\/61299"}],"wp:featuredmedia":[{"embeddable":true,"href":"https:\/\/bihavadis.com\/index.php\/wp-json\/wp\/v2\/media\/61298"}],"wp:attachment":[{"href":"https:\/\/bihavadis.com\/index.php\/wp-json\/wp\/v2\/media?parent=61297"}],"wp:term":[{"taxonomy":"category","embeddable":true,"href":"https:\/\/bihavadis.com\/index.php\/wp-json\/wp\/v2\/categories?post=61297"},{"taxonomy":"post_tag","embeddable":true,"href":"https:\/\/bihavadis.com\/index.php\/wp-json\/wp\/v2\/tags?post=61297"}],"curies":[{"name":"wp","href":"https:\/\/api.w.org\/{rel}","templated":true}]}}