{"id":61320,"date":"2026-03-05T12:09:25","date_gmt":"2026-03-05T12:09:25","guid":{"rendered":"https:\/\/bihavadis.com\/?p=61320"},"modified":"2026-03-05T12:09:25","modified_gmt":"2026-03-05T12:09:25","slug":"meksikada-kartel-lideri-olduruldu-ulke-genelinde-siddet-dalgasi-buyuyor","status":"publish","type":"post","link":"https:\/\/bihavadis.com\/index.php\/2026\/03\/05\/meksikada-kartel-lideri-olduruldu-ulke-genelinde-siddet-dalgasi-buyuyor\/","title":{"rendered":"Meksika\u2019da kartel lideri \u00f6ld\u00fcr\u00fcld\u00fc, \u00fclke genelinde \u015fiddet dalgas\u0131 b\u00fcy\u00fcyor"},"content":{"rendered":"<p>Meksika\u2019da federal g\u00fcvenlik g\u00fc\u00e7lerinin d\u00fczenledi\u011fi operasyonda, Jalisco Yeni Nesil Karteli (CJNG) lideri ve \u00fclkenin en \u00e7ok aranan uyu\u015fturucu baronlar\u0131ndan \u201cEl Mencho\u201d lakapl\u0131 Nemesio Oseguera Cervantes\u2019in \u00f6ld\u00fcr\u00fcld\u00fc\u011f\u00fc bildirildi. Operasyonun ard\u0131ndan ba\u015fta Jalisco olmak \u00fczere bir\u00e7ok eyalette yol kapatma eylemleri, ara\u00e7 ve i\u015f yeri kundaklamalar\u0131 ya\u015fand\u0131; \u00e7ok say\u0131da u\u00e7u\u015f iptal edildi.<\/p>\n<p><strong>TAPALPA&#8217;DA ASKER\u0130 OPERASYON <\/strong><\/p>\n<p>Ulusal bas\u0131na g\u00f6re, Jalisco eyaletinin ba\u015fkenti Guadalajara\u2019n\u0131n yakla\u015f\u0131k 130 kilometre g\u00fcneyindeki Tapalpa kasabas\u0131nda CJNG\u2019ye y\u00f6nelik askeri operasyon d\u00fczenlendi.<\/p>\n<p>Yetkililer operasyonun ayr\u0131nt\u0131lar\u0131n\u0131 payla\u015fmazken, \u00e7\u0131kan \u00e7at\u0131\u015fmada kartel lideri Oseguera Cervantes\u2019in \u00f6ld\u00fcr\u00fcld\u00fc\u011f\u00fcn\u00fc duyurdu.<\/p>\n<p><strong>EYALETLERDE KUNDAKLAMA VE YOL KAPATMALAR<\/strong><\/p>\n<p>Operasyonun ard\u0131ndan kartelin misilleme eylemleri ba\u015flatt\u0131\u011f\u0131 bildirildi. Sosyal medya ve yerel bas\u0131na yans\u0131yan g\u00f6r\u00fcnt\u00fclerde Jalisco\u2019nun yan\u0131 s\u0131ra Michoacan, Colima, Nayarit, Aguascalientes, Tamaulipas ve Guanajuato eyaletlerinde ate\u015fe verilen ara\u00e7lar ve y\u00fckselen dumanlar g\u00f6r\u00fcld\u00fc.<\/p>\n<p>Sabah saatlerinden itibaren bir\u00e7ok otoyol ve kent i\u00e7i g\u00fczerg\u00e2h ula\u015f\u0131ma kapat\u0131ld\u0131. Jalisco h\u00fck\u00fcmeti toplu ta\u015f\u0131may\u0131 ask\u0131ya al\u0131rken, halktan evlerinde kalmalar\u0131n\u0131 istedi ve<b><em> \u201ck\u0131rm\u0131z\u0131 alarm\u201d<\/em><\/b> uygulamas\u0131n\u0131 devreye soktu. Federal ve yerel y\u00f6netimler aras\u0131nda ortak g\u00fcvenlik masas\u0131 olu\u015fturuldu.<\/p>\n<p>Turistik merkez Puerto Vallarta\u2019dan gelen g\u00f6r\u00fcnt\u00fclerde yo\u011fun duman ve silah sesleri nedeniyle panik ya\u015fand\u0131\u011f\u0131 g\u00f6r\u00fcld\u00fc.<\/p>\n<p><img decoding=\"async\" src=\"https:\/\/bihavadis.com\/wp-content\/uploads\/2026\/03\/meksikada-kartel-lideri-olduruldu-ulke-genelinde-siddet-dalgasi-buyuyor-0-ETc8hMbi.jpg\"\/><\/p>\n<p><em><b>\u015eiddet olaylar\u0131n\u0131n patlak verdi\u011fi eyaletler<\/b><\/em><\/p>\n<p><strong>WASHINGTON, CJNG&#8217;Y\u0130 TER\u00d6R \u00d6RG\u00dcT\u00dc \u0130LAN ETM\u0130\u015eT\u0130<\/strong><\/p>\n<p>ABD y\u00f6netimi, El Mencho\u2019yu Meksika\u2019da <b><em>\u201cter\u00f6r saltanat\u0131 y\u00fcr\u00fctmek\u201d <\/em><\/b>ve \u00f6zellikle fentanil ka\u00e7ak\u00e7\u0131l\u0131\u011f\u0131yla ba\u011flant\u0131l\u0131 olmakla su\u00e7luyordu. Washington, yakalanmas\u0131na ya da mahk\u00fbm edilmesine yard\u0131mc\u0131 olacak bilgiler i\u00e7in 15 milyon dolara kadar \u00f6d\u00fcl teklif etmi\u015fti.<\/p>\n<p><strong>ABD \u0130ST\u0130HBARAT VERD\u0130, OPERASYON SONRASI \u00dcLKE KARI\u015eTI<\/strong><\/p>\n<p>ABD istihbarat\u0131, kartel liderine operasyon yap\u0131lmas\u0131 i\u00e7in bilgi vermi\u015fti. Meksika kolluk kuvvetlerinin ald\u0131\u011f\u0131 istihbaratla d\u00fczenledi\u011fi operasyon sonras\u0131, \u00fclke adeta sava\u015f alan\u0131na d\u00f6nd\u00fc.<\/p>\n<p>CJNG, ABD taraf\u0131ndan ter\u00f6r \u00f6rg\u00fct\u00fc olarak ilan edilen Meksikal\u0131 karteller aras\u0131nda yer al\u0131yor.<\/p>\n<p><img decoding=\"async\" src=\"https:\/\/bihavadis.com\/wp-content\/uploads\/2026\/03\/meksikada-kartel-lideri-olduruldu-ulke-genelinde-siddet-dalgasi-buyuyor-1-jQD9FRSq.jpg\"\/><\/p>\n<p><em><b>\u015eiddet olaylar\u0131n\u0131n patlak verdi\u011fi eyaletler<\/b><\/em><\/p>\n<p><strong>ABD VE KANADA&#8217;DAN &#8220;YER\u0130N\u0130ZDE KALIN&#8221; \u00c7A\u011eRISI<\/strong><\/p>\n<p>\u015eiddet olaylar\u0131n\u0131n ard\u0131ndan Amerika Birle\u015fik Devletleri ve Kanada, Meksika\u2019daki vatanda\u015flar\u0131na bulunduklar\u0131 yerde kalmalar\u0131 y\u00f6n\u00fcnde uyar\u0131 yapt\u0131.<\/p>\n<p>ABD\u2019nin Meksika\u2019daki B\u00fcy\u00fckel\u00e7ili\u011fi, devam eden g\u00fcvenlik operasyonlar\u0131 ve yol kapatmalar nedeniyle vatanda\u015flar\u0131na hareketliliklerini k\u0131s\u0131tlama \u00e7a\u011fr\u0131s\u0131nda bulundu.<\/p>\n<p>Kanada h\u00fck\u00fcmeti de \u00f6zellikle Guadalajara ve Puerto Vallarta\u2019n\u0131n da i\u00e7inde bulundu\u011fu Jalisco eyaleti ile baz\u0131 di\u011fer b\u00f6lgelerde g\u00fcvenlik risklerinin artt\u0131\u011f\u0131n\u0131 belirterek dikkatli olunmas\u0131 gerekti\u011fini duyurdu.<\/p>\n<p><img decoding=\"async\" src=\"https:\/\/bihavadis.com\/wp-content\/uploads\/2026\/03\/meksikada-kartel-lideri-olduruldu-ulke-genelinde-siddet-dalgasi-buyuyor-2-VcfiNwE5.jpg\"\/><\/p>\n<p><strong>U\u00c7U\u015eLAR \u0130PTAL ED\u0130LD\u0130<\/strong><\/p>\n<p>\u015eiddet olaylar\u0131n\u0131n ard\u0131ndan \u00e7ok say\u0131da hava yolu \u015firketi seferlerini durdurdu. Kanada merkezli Air Canada, Puerto Vallarta operasyonlar\u0131n\u0131 ge\u00e7ici olarak ask\u0131ya ald\u0131\u011f\u0131n\u0131 a\u00e7\u0131klad\u0131.<\/p>\n<p>ABD merkezli United Airlines, Southwest Airlines ve American Airlines, ba\u015fta Puerto Vallarta, Guadalajara ve Mazatlan olmak \u00fczere baz\u0131 kentlere y\u00f6nelik 22 \u015eubat u\u00e7u\u015flar\u0131n\u0131 iptal etti.<\/p>\n<p><img decoding=\"async\" src=\"https:\/\/bihavadis.com\/wp-content\/uploads\/2026\/03\/meksikada-kartel-lideri-olduruldu-ulke-genelinde-siddet-dalgasi-buyuyor-3-DjKBsic8.jpg\"\/><\/p>\n<p><strong>T\u00dcRK\u0130YE&#8217;N\u0130N MEKS\u0130KA B\u00dcY\u00dcKEL\u00c7\u0130L\u0130\u011e\u0130NDEN DUYURU<\/strong><\/p>\n<p>T\u00fcrkiye&#8217;nin Meksika B\u00fcy\u00fckel\u00e7ili\u011fi, ya\u015fanan geli\u015fmelerin yak\u0131ndan takip edildi\u011fini belirterek T\u00fcrk vatanda\u015flar\u0131na dikkatli olmalar\u0131 \u00e7a\u011fr\u0131s\u0131nda bulundu.<\/p>\n<p>B\u00fcy\u00fckel\u00e7ilik, Jalisco ba\u015fta olmak \u00fczere \u00e7e\u015fitli eyaletlerdeki g\u00fcvenlik durumuna ili\u015fkin uyar\u0131 yay\u0131mlayarak vatanda\u015flar\u0131n yerel makamlar\u0131n y\u00f6nlendirmelerini takip etmelerini ve acil durumlarda diplomatik temsilcilikle ileti\u015fime ge\u00e7melerini istedi.<\/p>\n<p><img decoding=\"async\" src=\"https:\/\/bihavadis.com\/wp-content\/uploads\/2026\/03\/meksikada-kartel-lideri-olduruldu-ulke-genelinde-siddet-dalgasi-buyuyor-4-FNK1ReyL.jpg\"\/><\/p>\n<p><strong>\u00dcLKEDE GER\u0130L\u0130M S\u00dcR\u00dcYOR<\/strong><\/p>\n<p>El Mencho\u2019nun \u00f6ld\u00fcr\u00fclmesinin ard\u0131ndan ba\u015flayan \u015fiddet olaylar\u0131n\u0131n bir\u00e7ok eyalette aral\u0131klarla s\u00fcrd\u00fc\u011f\u00fc, g\u00fcvenlik g\u00fc\u00e7lerinin geni\u015f \u00e7apl\u0131 operasyonlar\u0131na devam etti\u011fi bildirildi. Yetkililer, durumun kontrol alt\u0131na al\u0131nmas\u0131 i\u00e7in ek g\u00fcvenlik \u00f6nlemlerinin devreye sokuldu\u011funu a\u00e7\u0131klad\u0131.<\/p>\n<p><img decoding=\"async\" src=\"https:\/\/bihavadis.com\/wp-content\/uploads\/2026\/03\/meksikada-kartel-lideri-olduruldu-ulke-genelinde-siddet-dalgasi-buyuyor-5-gK2i6gOB.jpg\"\/><\/p>\n<p><img decoding=\"async\" src=\"https:\/\/bihavadis.com\/wp-content\/uploads\/2026\/03\/meksikada-kartel-lideri-olduruldu-ulke-genelinde-siddet-dalgasi-buyuyor-6-T8XNgDCQ.jpg\"\/><\/p>\n<p><img decoding=\"async\" src=\"https:\/\/bihavadis.com\/wp-content\/uploads\/2026\/03\/meksikada-kartel-lideri-olduruldu-ulke-genelinde-siddet-dalgasi-buyuyor-7-NU7qqZjU.jpg\"\/><\/p>\n<p><img decoding=\"async\" src=\"https:\/\/bihavadis.com\/wp-content\/uploads\/2026\/03\/meksikada-kartel-lideri-olduruldu-ulke-genelinde-siddet-dalgasi-buyuyor-8-ONrbNvrA.jpg\"\/><\/p>\n<p><img decoding=\"async\" src=\"https:\/\/bihavadis.com\/wp-content\/uploads\/2026\/03\/meksikada-kartel-lideri-olduruldu-ulke-genelinde-siddet-dalgasi-buyuyor-9-CPh8Hk74.jpg\"\/><\/p>\n<p><img decoding=\"async\" src=\"https:\/\/bihavadis.com\/wp-content\/uploads\/2026\/03\/meksikada-kartel-lideri-olduruldu-ulke-genelinde-siddet-dalgasi-buyuyor-10-SMgMSevE.jpg\"\/><\/p>\n<p><img decoding=\"async\" src=\"https:\/\/bihavadis.com\/wp-content\/uploads\/2026\/03\/meksikada-kartel-lideri-olduruldu-ulke-genelinde-siddet-dalgasi-buyuyor-11-UEEnCVbW.jpg\"\/><\/p>\n<p><img decoding=\"async\" src=\"https:\/\/bihavadis.com\/wp-content\/uploads\/2026\/03\/meksikada-kartel-lideri-olduruldu-ulke-genelinde-siddet-dalgasi-buyuyor-12-pBKjSQIL.jpg\"\/><\/p>\n<p><img decoding=\"async\" src=\"https:\/\/bihavadis.com\/wp-content\/uploads\/2026\/03\/meksikada-kartel-lideri-olduruldu-ulke-genelinde-siddet-dalgasi-buyuyor-13-X6mgjxkH.jpg\"\/><\/p>\n<p><img decoding=\"async\" src=\"https:\/\/bihavadis.com\/wp-content\/uploads\/2026\/03\/meksikada-kartel-lideri-olduruldu-ulke-genelinde-siddet-dalgasi-buyuyor-14-k6Kvvy4J.jpg\"\/><\/p>\n<p><img decoding=\"async\" src=\"https:\/\/bihavadis.com\/wp-content\/uploads\/2026\/03\/meksikada-kartel-lideri-olduruldu-ulke-genelinde-siddet-dalgasi-buyuyor-15-EU8ORr7f.jpg\"\/><\/p>\n<p><img decoding=\"async\" src=\"https:\/\/bihavadis.com\/wp-content\/uploads\/2026\/03\/meksikada-kartel-lideri-olduruldu-ulke-genelinde-siddet-dalgasi-buyuyor-16-eI91syaV.jpg\"\/><\/p>\n<p><img decoding=\"async\" src=\"https:\/\/bihavadis.com\/wp-content\/uploads\/2026\/03\/meksikada-kartel-lideri-olduruldu-ulke-genelinde-siddet-dalgasi-buyuyor-17-5BgsfSbD.jpg\"\/><\/p>\n<p><img decoding=\"async\" src=\"https:\/\/bihavadis.com\/wp-content\/uploads\/2026\/03\/meksikada-kartel-lideri-olduruldu-ulke-genelinde-siddet-dalgasi-buyuyor-18-NJIwA9e3.jpg\"\/><\/p>\n<p><img decoding=\"async\" src=\"https:\/\/bihavadis.com\/wp-content\/uploads\/2026\/03\/meksikada-kartel-lideri-olduruldu-ulke-genelinde-siddet-dalgasi-buyuyor-19-eQ25lDEw.jpg\"\/><\/p>\n<p><img decoding=\"async\" src=\"https:\/\/bihavadis.com\/wp-content\/uploads\/2026\/03\/meksikada-kartel-lideri-olduruldu-ulke-genelinde-siddet-dalgasi-buyuyor-20-2RJkXHM2.jpg\"\/><\/p>\n<p><img decoding=\"async\" src=\"https:\/\/bihavadis.com\/wp-content\/uploads\/2026\/03\/meksikada-kartel-lideri-olduruldu-ulke-genelinde-siddet-dalgasi-buyuyor-21-x67priH9.jpg\"\/><\/p>\n<p><img decoding=\"async\" src=\"https:\/\/bihavadis.com\/wp-content\/uploads\/2026\/03\/meksikada-kartel-lideri-olduruldu-ulke-genelinde-siddet-dalgasi-buyuyor-22-UHUxj8k5.jpg\"\/><\/p>\n<p><img decoding=\"async\" src=\"https:\/\/bihavadis.com\/wp-content\/uploads\/2026\/03\/meksikada-kartel-lideri-olduruldu-ulke-genelinde-siddet-dalgasi-buyuyor-23-WIbskbPO.jpg\"\/><\/p>\n<p><img decoding=\"async\" src=\"https:\/\/bihavadis.com\/wp-content\/uploads\/2026\/03\/meksikada-kartel-lideri-olduruldu-ulke-genelinde-siddet-dalgasi-buyuyor-24-ZNrZ2qZk.jpg\"\/><\/p>\n<p><img decoding=\"async\" src=\"https:\/\/bihavadis.com\/wp-content\/uploads\/2026\/03\/meksikada-kartel-lideri-olduruldu-ulke-genelinde-siddet-dalgasi-buyuyor-25-h2KnxgdO.jpg\"\/><\/p>\n<p><img decoding=\"async\" src=\"https:\/\/bihavadis.com\/wp-content\/uploads\/2026\/03\/meksikada-kartel-lideri-olduruldu-ulke-genelinde-siddet-dalgasi-buyuyor-26-yCWEDtBH.jpg\"\/><\/p>\n<p><img decoding=\"async\" src=\"https:\/\/bihavadis.com\/wp-content\/uploads\/2026\/03\/meksikada-kartel-lideri-olduruldu-ulke-genelinde-siddet-dalgasi-buyuyor-27-HxAhcEa7.jpg\"\/><\/p>\n<p><img decoding=\"async\" src=\"https:\/\/bihavadis.com\/wp-content\/uploads\/2026\/03\/meksikada-kartel-lideri-olduruldu-ulke-genelinde-siddet-dalgasi-buyuyor-28-nYX9ye7F.jpg\"\/><\/p>\n<p><img decoding=\"async\" src=\"https:\/\/bihavadis.com\/wp-content\/uploads\/2026\/03\/meksikada-kartel-lideri-olduruldu-ulke-genelinde-siddet-dalgasi-buyuyor-29-jkbx2EKs.jpg\"\/><\/p>\n<p><img decoding=\"async\" src=\"https:\/\/bihavadis.com\/wp-content\/uploads\/2026\/03\/meksikada-kartel-lideri-olduruldu-ulke-genelinde-siddet-dalgasi-buyuyor-30-qxEj52Te.jpg\"\/><\/p>\n<p><img decoding=\"async\" src=\"https:\/\/bihavadis.com\/wp-content\/uploads\/2026\/03\/meksikada-kartel-lideri-olduruldu-ulke-genelinde-siddet-dalgasi-buyuyor-31-r383HKrx.jpg\"\/><\/p>\n<p><img decoding=\"async\" src=\"https:\/\/bihavadis.com\/wp-content\/uploads\/2026\/03\/meksikada-kartel-lideri-olduruldu-ulke-genelinde-siddet-dalgasi-buyuyor-32-lBLFzeex.jpg\"\/><\/p>\n<p><img decoding=\"async\" src=\"https:\/\/bihavadis.com\/wp-content\/uploads\/2026\/03\/meksikada-kartel-lideri-olduruldu-ulke-genelinde-siddet-dalgasi-buyuyor-33-Bn53PjFr.jpg\"\/><\/p>\n<p><img decoding=\"async\" src=\"https:\/\/bihavadis.com\/wp-content\/uploads\/2026\/03\/meksikada-kartel-lideri-olduruldu-ulke-genelinde-siddet-dalgasi-buyuyor-34-PShbAWAD.jpg\"\/><\/p>\n<p><img decoding=\"async\" src=\"https:\/\/bihavadis.com\/wp-content\/uploads\/2026\/03\/meksikada-kartel-lideri-olduruldu-ulke-genelinde-siddet-dalgasi-buyuyor-35-DPVqwuGA.jpg\"\/><\/p>\n<p><img decoding=\"async\" src=\"https:\/\/bihavadis.com\/wp-content\/uploads\/2026\/03\/meksikada-kartel-lideri-olduruldu-ulke-genelinde-siddet-dalgasi-buyuyor-36-MbAQvvvn.jpg\"\/><\/p>\n<p><img decoding=\"async\" src=\"https:\/\/bihavadis.com\/wp-content\/uploads\/2026\/03\/meksikada-kartel-lideri-olduruldu-ulke-genelinde-siddet-dalgasi-buyuyor-37-rMBfsMRG.jpg\"\/><\/p>\n<p><img decoding=\"async\" src=\"https:\/\/bihavadis.com\/wp-content\/uploads\/2026\/03\/meksikada-kartel-lideri-olduruldu-ulke-genelinde-siddet-dalgasi-buyuyor-38-g3t2rVTj.jpg\"\/> <\/p>\n<div> <span><strong>Kaynak:<\/strong> Anadolu Ajans\u0131 (AA)<\/span> <\/div>\n","protected":false},"excerpt":{"rendered":"<p>Meksika\u2019da federal g\u00fcvenlik g\u00fc\u00e7lerinin d\u00fczenledi\u011fi operasyonda, Jalisco Yeni Nesil Karteli (CJNG) lideri ve \u00fclkenin en \u00e7ok aranan uyu\u015fturucu baronlar\u0131ndan \u201cEl Mencho\u201d lakapl\u0131 Nemesio Oseguera Cervantes\u2019in \u00f6ld\u00fcr\u00fcld\u00fc\u011f\u00fc bildirildi. Operasyonun ard\u0131ndan &#8230;<\/p>\n","protected":false},"author":1,"featured_media":61321,"comment_status":"open","ping_status":"open","sticky":false,"template":"","format":"standard","meta":{"footnotes":""},"categories":[6],"tags":[272,737,7232,3023,318],"class_list":["post-61320","post","type-post","status-publish","format-standard","has-post-thumbnail","hentry","category-dunya","tag-abd","tag-guvenlik","tag-jalisco","tag-meksika","tag-operasyon"],"_links":{"self":[{"href":"https:\/\/bihavadis.com\/index.php\/wp-json\/wp\/v2\/posts\/61320","targetHints":{"allow":["GET"]}}],"collection":[{"href":"https:\/\/bihavadis.com\/index.php\/wp-json\/wp\/v2\/posts"}],"about":[{"href":"https:\/\/bihavadis.com\/index.php\/wp-json\/wp\/v2\/types\/post"}],"author":[{"embeddable":true,"href":"https:\/\/bihavadis.com\/index.php\/wp-json\/wp\/v2\/users\/1"}],"replies":[{"embeddable":true,"href":"https:\/\/bihavadis.com\/index.php\/wp-json\/wp\/v2\/comments?post=61320"}],"version-history":[{"count":1,"href":"https:\/\/bihavadis.com\/index.php\/wp-json\/wp\/v2\/posts\/61320\/revisions"}],"predecessor-version":[{"id":61361,"href":"https:\/\/bihavadis.com\/index.php\/wp-json\/wp\/v2\/posts\/61320\/revisions\/61361"}],"wp:featuredmedia":[{"embeddable":true,"href":"https:\/\/bihavadis.com\/index.php\/wp-json\/wp\/v2\/media\/61321"}],"wp:attachment":[{"href":"https:\/\/bihavadis.com\/index.php\/wp-json\/wp\/v2\/media?parent=61320"}],"wp:term":[{"taxonomy":"category","embeddable":true,"href":"https:\/\/bihavadis.com\/index.php\/wp-json\/wp\/v2\/categories?post=61320"},{"taxonomy":"post_tag","embeddable":true,"href":"https:\/\/bihavadis.com\/index.php\/wp-json\/wp\/v2\/tags?post=61320"}],"curies":[{"name":"wp","href":"https:\/\/api.w.org\/{rel}","templated":true}]}}