{"id":61389,"date":"2026-03-05T12:33:07","date_gmt":"2026-03-05T12:33:07","guid":{"rendered":"https:\/\/bihavadis.com\/?p=61389"},"modified":"2026-03-05T12:33:07","modified_gmt":"2026-03-05T12:33:07","slug":"gultekin-gencer-yeniden-dosiad-baskani","status":"publish","type":"post","link":"https:\/\/bihavadis.com\/index.php\/2026\/03\/05\/gultekin-gencer-yeniden-dosiad-baskani\/","title":{"rendered":"G\u00fcltekin Gencer Yeniden D\u00d6S\u0130AD Ba\u015fkan\u0131"},"content":{"rendered":"<p>D\u00f6\u015femealt\u0131 Sanayici ve \u0130\u015fadamlar\u0131 Derne\u011fi (D\u00d6S\u0130AD) ba\u015fkanl\u0131\u011f\u0131na G\u00fcltekin Gencer&#8217;in yeniden se\u00e7ildi\u011fi bildirildi.<\/p>\n<p>Dernekten yap\u0131lan a\u00e7\u0131klamaya g\u00f6re, dernek binas\u0131nda yap\u0131lan genel kurulda, ba\u015fkanl\u0131k se\u00e7iminde mevcut ba\u015fkan G\u00fcltekin Gencer&#8217;in yer ald\u0131\u011f\u0131 tek liste oyland\u0131.<\/p>\n<p>Oylama sonucunda, Gencer, yeniden dernek ba\u015fkanl\u0131\u011f\u0131na se\u00e7ildi. D\u00d6S\u0130AD \u00fcyeleri se\u00e7imin ard\u0131ndan foto\u011fraf \u00e7ektirdi.<\/p>\n<p>G\u00fcltekin Gencer, genel kurulda yapt\u0131\u011f\u0131 konu\u015fmada, ge\u00e7mi\u015f d\u00f6nemde elde edilen kazan\u0131mlar\u0131 hat\u0131rlatarak, &#8220;Yeni d\u00f6nemde de \u00fcretmeye, i\u015f d\u00fcnyas\u0131n\u0131n sesini duyurmaya ve \u00fcyelerimizin ulusal ve uluslararas\u0131 arenadaki f\u0131rsatlar\u0131n\u0131 art\u0131rmaya devam edece\u011fiz.&#8221; ifadelerini kulland\u0131.<\/p>\n","protected":false},"excerpt":{"rendered":"<p>G\u00fcltekin Gencer, D\u00d6S\u0130AD ba\u015fkanl\u0131\u011f\u0131na yeniden se\u00e7ildi. Yeni d\u00f6nemde hedeflerini a\u00e7\u0131klad\u0131.<\/p>\n","protected":false},"author":1,"featured_media":61390,"comment_status":"open","ping_status":"open","sticky":false,"template":"","format":"standard","meta":{"footnotes":""},"categories":[8],"tags":[],"class_list":["post-61389","post","type-post","status-publish","format-standard","has-post-thumbnail","hentry","category-ekonomi"],"_links":{"self":[{"href":"https:\/\/bihavadis.com\/index.php\/wp-json\/wp\/v2\/posts\/61389","targetHints":{"allow":["GET"]}}],"collection":[{"href":"https:\/\/bihavadis.com\/index.php\/wp-json\/wp\/v2\/posts"}],"about":[{"href":"https:\/\/bihavadis.com\/index.php\/wp-json\/wp\/v2\/types\/post"}],"author":[{"embeddable":true,"href":"https:\/\/bihavadis.com\/index.php\/wp-json\/wp\/v2\/users\/1"}],"replies":[{"embeddable":true,"href":"https:\/\/bihavadis.com\/index.php\/wp-json\/wp\/v2\/comments?post=61389"}],"version-history":[{"count":1,"href":"https:\/\/bihavadis.com\/index.php\/wp-json\/wp\/v2\/posts\/61389\/revisions"}],"predecessor-version":[{"id":61391,"href":"https:\/\/bihavadis.com\/index.php\/wp-json\/wp\/v2\/posts\/61389\/revisions\/61391"}],"wp:featuredmedia":[{"embeddable":true,"href":"https:\/\/bihavadis.com\/index.php\/wp-json\/wp\/v2\/media\/61390"}],"wp:attachment":[{"href":"https:\/\/bihavadis.com\/index.php\/wp-json\/wp\/v2\/media?parent=61389"}],"wp:term":[{"taxonomy":"category","embeddable":true,"href":"https:\/\/bihavadis.com\/index.php\/wp-json\/wp\/v2\/categories?post=61389"},{"taxonomy":"post_tag","embeddable":true,"href":"https:\/\/bihavadis.com\/index.php\/wp-json\/wp\/v2\/tags?post=61389"}],"curies":[{"name":"wp","href":"https:\/\/api.w.org\/{rel}","templated":true}]}}