{"id":61411,"date":"2026-03-05T12:51:04","date_gmt":"2026-03-05T12:51:04","guid":{"rendered":"https:\/\/bihavadis.com\/?p=61411"},"modified":"2026-03-05T12:51:04","modified_gmt":"2026-03-05T12:51:04","slug":"suriye-hukumeti-ile-ypg-arasinda-orduya-entegrasyon-gorusmesi","status":"publish","type":"post","link":"https:\/\/bihavadis.com\/index.php\/2026\/03\/05\/suriye-hukumeti-ile-ypg-arasinda-orduya-entegrasyon-gorusmesi\/","title":{"rendered":"Suriye h\u00fck\u00fcmeti ile YPG aras\u0131nda &#8216;orduya entegrasyon&#8217; g\u00f6r\u00fc\u015fmesi"},"content":{"rendered":"<p>Genelkurmay Ba\u015fkan\u0131 el-Nasan\u00a0ba\u015fkanl\u0131\u011f\u0131ndaki \u015eam heyeti, ba\u015fkentte ter\u00f6r \u00f6rg\u00fct\u00fc PKK&#8217;n\u0131n Suriye kolu YPG\/SDG temsilcileriyle bir araya geldi. Suriye Ge\u00e7ici H\u00fck\u00fcmeti Genelkurmay Ba\u015fkan\u0131 s\u0131fat\u0131yla toplant\u0131ya kat\u0131lan el-Nasan ile SDG heyeti aras\u0131ndaki g\u00f6r\u00fc\u015fmenin ana g\u00fcndem maddesini, SDG unsurlar\u0131n\u0131n ordu b\u00fcnyesine entegrasyonu olu\u015fturdu.<\/p>\n<p><strong>ASKER\u0130 KONU\u015eLANMA \u0130DAR\u0130 ADIMLAR DA ELE ALINDI<\/strong><\/p>\n<p>Suriye Arap Haber Ajans\u0131 (SANA) taraf\u0131ndan aktar\u0131lan bilgilere g\u00f6re, toplant\u0131da entegrasyon s\u00fcrecinin \u00e7er\u00e7evesi de\u011ferlendirildi.<\/p>\n<p>\u015eam y\u00f6netiminin Savunma Bakanl\u0131\u011f\u0131\u2019ndan yap\u0131lan a\u00e7\u0131klamada ise g\u00f6r\u00fc\u015fmede yaln\u0131zca entegrasyon de\u011fil, askeri konu\u015flanma planlamalar\u0131 ve s\u00fcrece ili\u015fkin idari ad\u0131mlar\u0131n da ele al\u0131nd\u0131\u011f\u0131 belirtildi.<\/p>\n<p><strong>30 OCAK ANLA\u015eMASI SONRASI D\u0130PLOMAS\u0130 TRAF\u0130\u011e\u0130<\/strong><\/p>\n<p>Taraflar aras\u0131nda 30 Ocak\u2019ta sa\u011flanan mutabakat\u0131n ard\u0131ndan siyasi ve askeri d\u00fczeyde temaslar\u0131n devam etti\u011fi ifade ediliyor. G\u00f6r\u00fc\u015fmelerin, sahadaki dengeler ve merkezi otoriteyle koordinasyon a\u00e7\u0131s\u0131ndan kritik \u00f6nem ta\u015f\u0131d\u0131\u011f\u0131 de\u011ferlendiriliyor.<\/p>\n<div> <span><strong>Kaynak:<\/strong> Ensonhaber Haber Merkezi<\/span> <\/div>\n","protected":false},"excerpt":{"rendered":"<p>Genelkurmay Ba\u015fkan\u0131 el-Nasan\u00a0ba\u015fkanl\u0131\u011f\u0131ndaki \u015eam heyeti, ba\u015fkentte ter\u00f6r \u00f6rg\u00fct\u00fc PKK&#8217;n\u0131n Suriye kolu YPG\/SDG temsilcileriyle bir araya geldi. Suriye Ge\u00e7ici H\u00fck\u00fcmeti Genelkurmay Ba\u015fkan\u0131 s\u0131fat\u0131yla toplant\u0131ya kat\u0131lan el-Nasan ile SDG heyeti aras\u0131ndaki &#8230;<\/p>\n","protected":false},"author":1,"featured_media":61412,"comment_status":"open","ping_status":"open","sticky":false,"template":"","format":"standard","meta":{"footnotes":""},"categories":[6],"tags":[],"class_list":["post-61411","post","type-post","status-publish","format-standard","has-post-thumbnail","hentry","category-dunya"],"_links":{"self":[{"href":"https:\/\/bihavadis.com\/index.php\/wp-json\/wp\/v2\/posts\/61411","targetHints":{"allow":["GET"]}}],"collection":[{"href":"https:\/\/bihavadis.com\/index.php\/wp-json\/wp\/v2\/posts"}],"about":[{"href":"https:\/\/bihavadis.com\/index.php\/wp-json\/wp\/v2\/types\/post"}],"author":[{"embeddable":true,"href":"https:\/\/bihavadis.com\/index.php\/wp-json\/wp\/v2\/users\/1"}],"replies":[{"embeddable":true,"href":"https:\/\/bihavadis.com\/index.php\/wp-json\/wp\/v2\/comments?post=61411"}],"version-history":[{"count":1,"href":"https:\/\/bihavadis.com\/index.php\/wp-json\/wp\/v2\/posts\/61411\/revisions"}],"predecessor-version":[{"id":61413,"href":"https:\/\/bihavadis.com\/index.php\/wp-json\/wp\/v2\/posts\/61411\/revisions\/61413"}],"wp:featuredmedia":[{"embeddable":true,"href":"https:\/\/bihavadis.com\/index.php\/wp-json\/wp\/v2\/media\/61412"}],"wp:attachment":[{"href":"https:\/\/bihavadis.com\/index.php\/wp-json\/wp\/v2\/media?parent=61411"}],"wp:term":[{"taxonomy":"category","embeddable":true,"href":"https:\/\/bihavadis.com\/index.php\/wp-json\/wp\/v2\/categories?post=61411"},{"taxonomy":"post_tag","embeddable":true,"href":"https:\/\/bihavadis.com\/index.php\/wp-json\/wp\/v2\/tags?post=61411"}],"curies":[{"name":"wp","href":"https:\/\/api.w.org\/{rel}","templated":true}]}}