{"id":61699,"date":"2026-03-05T15:57:08","date_gmt":"2026-03-05T15:57:08","guid":{"rendered":"https:\/\/bihavadis.com\/?p=61699"},"modified":"2026-03-05T15:57:08","modified_gmt":"2026-03-05T15:57:08","slug":"burdurda-trafo-yangini","status":"publish","type":"post","link":"https:\/\/bihavadis.com\/index.php\/2026\/03\/05\/burdurda-trafo-yangini\/","title":{"rendered":"Burdur\u2019da trafo yang\u0131n\u0131"},"content":{"rendered":"<p>Bug\u00fcn saat 12.00 s\u0131ralar\u0131nda, Burdur&#8217;un B\u00fclent Ecevit Bulvar\u0131 \u00fczerinde bulunan bir elektrik trafosunda hen\u00fcz belirlenemeyen bir nedenle \u00e7\u0131kan yang\u0131nda y\u00fckselen dumanlar\u0131 fark eden \u00e7evre sakinleri, durumu 112 Acil \u00c7a\u011fr\u0131 Merkezi\u2019ne bildirdi.<\/p>\n<p><strong>YANGIN KISA S\u00dcREDE S\u00d6ND\u00dcR\u00dcLD\u00dc<\/strong><\/p>\n<p>\u0130hbar \u00fczerine olay yerine sevk edilen itfaiye ekipleri, yang\u0131na h\u0131zl\u0131 \u015fekilde m\u00fcdahale etti. Alevler \u00e7evreye s\u0131\u00e7ramadan kontrol alt\u0131na al\u0131narak s\u00f6nd\u00fcr\u00fcld\u00fc.<\/p>\n<p>Yang\u0131n\u0131n \u00e7\u0131k\u0131\u015f nedenine ili\u015fkin inceleme ba\u015flat\u0131ld\u0131\u011f\u0131 \u00f6\u011frenildi.<\/p>\n<p><img decoding=\"async\" src=\"https:\/\/bihavadis.com\/wp-content\/uploads\/2026\/03\/burdurda-trafo-yangini-0-FbYMs51m.jpg\"\/><\/p>\n<p><img decoding=\"async\" src=\"https:\/\/bihavadis.com\/wp-content\/uploads\/2026\/03\/burdurda-trafo-yangini-1-9qQl6zN3.jpg\"\/><\/p>\n<p><img decoding=\"async\" src=\"https:\/\/bihavadis.com\/wp-content\/uploads\/2026\/03\/burdurda-trafo-yangini-2-dNGf55xN.jpg\"\/> <\/p>\n<div> <span><strong>Kaynak:<\/strong> \u0130hlas Haber Ajans\u0131 (\u0130HA)<\/span> <\/div>\n","protected":false},"excerpt":{"rendered":"<p>Bug\u00fcn saat 12.00 s\u0131ralar\u0131nda, Burdur&#8217;un B\u00fclent Ecevit Bulvar\u0131 \u00fczerinde bulunan bir elektrik trafosunda hen\u00fcz belirlenemeyen bir nedenle \u00e7\u0131kan yang\u0131nda y\u00fckselen dumanlar\u0131 fark eden \u00e7evre sakinleri, durumu 112 Acil \u00c7a\u011fr\u0131 Merkezi\u2019ne bildirdi. YANGIN &#8230;<\/p>\n","protected":false},"author":1,"featured_media":61700,"comment_status":"open","ping_status":"open","sticky":false,"template":"","format":"standard","meta":{"footnotes":""},"categories":[4,13],"tags":[],"class_list":["post-61699","post","type-post","status-publish","format-standard","has-post-thumbnail","hentry","category-gundem","category-son-dakika"],"_links":{"self":[{"href":"https:\/\/bihavadis.com\/index.php\/wp-json\/wp\/v2\/posts\/61699","targetHints":{"allow":["GET"]}}],"collection":[{"href":"https:\/\/bihavadis.com\/index.php\/wp-json\/wp\/v2\/posts"}],"about":[{"href":"https:\/\/bihavadis.com\/index.php\/wp-json\/wp\/v2\/types\/post"}],"author":[{"embeddable":true,"href":"https:\/\/bihavadis.com\/index.php\/wp-json\/wp\/v2\/users\/1"}],"replies":[{"embeddable":true,"href":"https:\/\/bihavadis.com\/index.php\/wp-json\/wp\/v2\/comments?post=61699"}],"version-history":[{"count":1,"href":"https:\/\/bihavadis.com\/index.php\/wp-json\/wp\/v2\/posts\/61699\/revisions"}],"predecessor-version":[{"id":61704,"href":"https:\/\/bihavadis.com\/index.php\/wp-json\/wp\/v2\/posts\/61699\/revisions\/61704"}],"wp:featuredmedia":[{"embeddable":true,"href":"https:\/\/bihavadis.com\/index.php\/wp-json\/wp\/v2\/media\/61700"}],"wp:attachment":[{"href":"https:\/\/bihavadis.com\/index.php\/wp-json\/wp\/v2\/media?parent=61699"}],"wp:term":[{"taxonomy":"category","embeddable":true,"href":"https:\/\/bihavadis.com\/index.php\/wp-json\/wp\/v2\/categories?post=61699"},{"taxonomy":"post_tag","embeddable":true,"href":"https:\/\/bihavadis.com\/index.php\/wp-json\/wp\/v2\/tags?post=61699"}],"curies":[{"name":"wp","href":"https:\/\/api.w.org\/{rel}","templated":true}]}}