{"id":61759,"date":"2026-03-05T21:09:06","date_gmt":"2026-03-05T21:09:06","guid":{"rendered":"https:\/\/bihavadis.com\/?p=61759"},"modified":"2026-03-05T21:09:06","modified_gmt":"2026-03-05T21:09:06","slug":"dava-sonuclandi-mustafa-sandal-tazminat-odeyecek","status":"publish","type":"post","link":"https:\/\/bihavadis.com\/index.php\/2026\/03\/05\/dava-sonuclandi-mustafa-sandal-tazminat-odeyecek\/","title":{"rendered":"Dava sonu\u00e7land\u0131! Mustafa Sandal tazminat \u00f6deyecek"},"content":{"rendered":"<p>Pop m\u00fczi\u011fin usta isimlerinden \u00fcnl\u00fc \u015fark\u0131c\u0131 Mustafa Sandal, 2018 y\u0131l\u0131nda bo\u015fand\u0131\u011f\u0131 2 \u00e7ocu\u011funun annesi Emina Jahovic ile 3 y\u0131l \u00f6nce daval\u0131k olmu\u015ftu. Y\u0131llard\u0131r devam eden tazminat davas\u0131 sonu\u00e7land\u0131.<\/p>\n<p><strong>DAVA A\u00c7MI\u015eTI<\/strong><\/p>\n<p>Bo\u015fanma protokol\u00fcne g\u00f6re Sandal, Emina Jahovic ile \u00e7ocuklar\u0131n\u0131n ihtiya\u00e7lar\u0131 i\u00e7in bir otomobil kiralayacakt\u0131. Bu otomobilin kiralama bedeli ve yak\u0131t giderleri Mustafa Sandal taraf\u0131ndan kar\u015f\u0131lanacakt\u0131.\u00a0Emina Jahovic, avukat\u0131 O\u011ful \u015eahin Ate\u015f arac\u0131l\u0131\u011f\u0131 ile Mustafa Sandal\u2019\u0131n ara\u00e7 kiralama y\u00fck\u00fcml\u00fcl\u00fc\u011f\u00fcne ayk\u0131r\u0131 davrand\u0131\u011f\u0131n\u0131 iddia ederek dava a\u00e7t\u0131.<\/p>\n<p><img decoding=\"async\" src=\"https:\/\/bihavadis.com\/wp-content\/uploads\/2026\/03\/dava-sonuclandi-mustafa-sandal-tazminat-odeyecek-0-h3kKeOls.jpg\"\/><\/p>\n<p><strong>CEZASI BELL\u0130 OLDU<\/strong><\/p>\n<p>3 y\u0131ld\u0131r g\u00f6r\u00fclen davada karar \u00e7\u0131kt\u0131.\u00a0H\u00fcrriyet&#8217;ten \u00d6zge E\u011frikar&#8217;\u0131n haberine g\u00f6re; Davay\u0131 kabul eden mahkeme, Mustafa Sandal\u2019\u0131n \u0130cra M\u00fcd\u00fcrl\u00fc\u011f\u00fc\u2019ne yapt\u0131\u011f\u0131 itirazlar\u0131n iptaline karar verdi.\u00a0<\/p>\n<p><img decoding=\"async\" src=\"https:\/\/bihavadis.com\/wp-content\/uploads\/2026\/03\/dava-sonuclandi-mustafa-sandal-tazminat-odeyecek-1-klNrgVw5.jpg\"\/><\/p>\n<p>Toplam 468 bin 427 lira 91 kuru\u015f alacak \u00fczerinden takibin kald\u0131\u011f\u0131 yerden devam\u0131na h\u00fckmeden mahkeme, ayr\u0131ca Sandal\u2019\u0131n protokole ayk\u0131r\u0131 davrand\u0131\u011f\u0131 gerek\u00e7esiyle y\u00fczde 20 oran\u0131nda icra inkar tazminat\u0131 (k\u00f6t\u00fc niyet tazminat\u0131) \u00f6demesine karar verdi.<\/p>\n<p><img decoding=\"async\" src=\"https:\/\/bihavadis.com\/wp-content\/uploads\/2026\/03\/dava-sonuclandi-mustafa-sandal-tazminat-odeyecek-2-ANHd2QNB.jpg\"\/> <\/p>\n<div> <span><strong>Kaynak:<\/strong> Ensonhaber Haber Merkezi<\/span> <\/div>\n","protected":false},"excerpt":{"rendered":"<p>Pop m\u00fczi\u011fin usta isimlerinden \u00fcnl\u00fc \u015fark\u0131c\u0131 Mustafa Sandal, 2018 y\u0131l\u0131nda bo\u015fand\u0131\u011f\u0131 2 \u00e7ocu\u011funun annesi Emina Jahovic ile 3 y\u0131l \u00f6nce daval\u0131k olmu\u015ftu. Y\u0131llard\u0131r devam eden tazminat davas\u0131 sonu\u00e7land\u0131. DAVA A\u00c7MI\u015eTI Bo\u015fanma protokol\u00fcne g\u00f6re Sandal, Emina &#8230;<\/p>\n","protected":false},"author":1,"featured_media":61760,"comment_status":"open","ping_status":"open","sticky":false,"template":"","format":"standard","meta":{"footnotes":""},"categories":[1],"tags":[425,7260],"class_list":["post-61759","post","type-post","status-publish","format-standard","has-post-thumbnail","hentry","category-uncategorized","tag-dava","tag-sandal"],"_links":{"self":[{"href":"https:\/\/bihavadis.com\/index.php\/wp-json\/wp\/v2\/posts\/61759","targetHints":{"allow":["GET"]}}],"collection":[{"href":"https:\/\/bihavadis.com\/index.php\/wp-json\/wp\/v2\/posts"}],"about":[{"href":"https:\/\/bihavadis.com\/index.php\/wp-json\/wp\/v2\/types\/post"}],"author":[{"embeddable":true,"href":"https:\/\/bihavadis.com\/index.php\/wp-json\/wp\/v2\/users\/1"}],"replies":[{"embeddable":true,"href":"https:\/\/bihavadis.com\/index.php\/wp-json\/wp\/v2\/comments?post=61759"}],"version-history":[{"count":1,"href":"https:\/\/bihavadis.com\/index.php\/wp-json\/wp\/v2\/posts\/61759\/revisions"}],"predecessor-version":[{"id":61764,"href":"https:\/\/bihavadis.com\/index.php\/wp-json\/wp\/v2\/posts\/61759\/revisions\/61764"}],"wp:featuredmedia":[{"embeddable":true,"href":"https:\/\/bihavadis.com\/index.php\/wp-json\/wp\/v2\/media\/61760"}],"wp:attachment":[{"href":"https:\/\/bihavadis.com\/index.php\/wp-json\/wp\/v2\/media?parent=61759"}],"wp:term":[{"taxonomy":"category","embeddable":true,"href":"https:\/\/bihavadis.com\/index.php\/wp-json\/wp\/v2\/categories?post=61759"},{"taxonomy":"post_tag","embeddable":true,"href":"https:\/\/bihavadis.com\/index.php\/wp-json\/wp\/v2\/tags?post=61759"}],"curies":[{"name":"wp","href":"https:\/\/api.w.org\/{rel}","templated":true}]}}