{"id":61774,"date":"2026-03-05T21:18:06","date_gmt":"2026-03-05T21:18:06","guid":{"rendered":"https:\/\/bihavadis.com\/?p=61774"},"modified":"2026-03-05T21:18:06","modified_gmt":"2026-03-05T21:18:06","slug":"erdemir-ve-bakanliktan-sehit-yakinlari-ve-gazilere-sanat-destegi-protokolu","status":"publish","type":"post","link":"https:\/\/bihavadis.com\/index.php\/2026\/03\/05\/erdemir-ve-bakanliktan-sehit-yakinlari-ve-gazilere-sanat-destegi-protokolu\/","title":{"rendered":"Erdemir ve Bakanl\u0131k&#8217;tan \u015eehit Yak\u0131nlar\u0131 ve Gazilere Sanat Deste\u011fi Protokol\u00fc"},"content":{"rendered":"<p>\n<p>OYAK Maden Metal\u00fcrji \u015firketlerinden Erdemir ile Aile ve Sosyal Hizmetler Bakanl\u0131\u011f\u0131 \u015eehit Yak\u0131nlar\u0131 ve Gaziler Genel M\u00fcd\u00fcrl\u00fc\u011f\u00fc aras\u0131nda &#8216;Sanata Te\u015fvik ve Sanatla Ya\u015fam Program\u0131&#8217; i\u015f birli\u011fi protokol\u00fc imzaland\u0131. Proje kapsam\u0131nda 81 ilde \u015fehit yak\u0131nlar\u0131 ve gazilere y\u00f6nelik d\u00fczenlenecek sanat kurslar\u0131nda kursiyerlerin malzeme ihtiyac\u0131 Erdemir taraf\u0131ndan kar\u015f\u0131lanacak.<\/p>\n<p>Ere\u011fli Demir ve \u00c7elik Fabrikas\u0131 T.A.\u015e. (Erdemir), sosyal sorumluluk vizyonuyla anlaml\u0131 bir projeye ad\u0131m att\u0131. Erdemir ile Aile ve Sosyal Hizmetler Bakanl\u0131\u011f\u0131 \u015eehit Yak\u0131nlar\u0131 ve Gaziler Genel M\u00fcd\u00fcrl\u00fc\u011f\u00fc aras\u0131nda &#8216;Sanata Te\u015fvik ve Sanatla Ya\u015fam Program\u0131&#8217; kapsam\u0131nda i\u015f birli\u011fi protokol\u00fc imzaland\u0131. \u0130mza t\u00f6reni, Ankara&#8217;da \u015eehit Yak\u0131nlar\u0131 ve Gaziler Genel M\u00fcd\u00fcrl\u00fc\u011f\u00fc&#8217;nde ger\u00e7ekle\u015ftirildi. Protokol, Erdemir Y\u00f6netim Kurulu \u00dcyesi ve Murahhas Azas\u0131 Serdar Ba\u015fo\u011flu ile \u015eehit Yak\u0131nlar\u0131 ve Gaziler Genel M\u00fcd\u00fcr\u00fc Muharrem Kurt taraf\u0131ndan imzaland\u0131.<\/p>\n<p>81 \u0130LDE \u015eEH\u0130T YAKINLARI VE GAZ\u0130LERE SANAT KURSLARI<\/p>\n<p>\u0130mzalanan protokol kapsam\u0131nda Erdemir, Sanata Te\u015fvik ve Sanatla Ya\u015fam Program\u0131&#8217;n\u0131n y\u00fcr\u00fct\u00fclmesi ve malzeme temini i\u00e7in maddi destek sa\u011flayacak. Programa kat\u0131lan kursiyerlerin t\u00fcm sanat malzemeleri Erdemir taraf\u0131ndan kar\u015f\u0131lanacak.<\/p>\n<p> T\u00fcrkiye&#8217;nin 81 ilinde a\u00e7\u0131lacak kurslarda, \u015fehit yak\u0131n\u0131 ve gaziler birbirinden farkl\u0131 sanat bran\u015flar\u0131nda e\u011fitim alabilecek. Kursiyerlerin e\u011fitimlerde yapacaklar\u0131 sanat eserleri ile hem kendilerini ifade etmesi hem de sanat\u0131n iyile\u015ftirici g\u00fcc\u00fcyle \u00f6zg\u00fcven kazanarak sosyal hayata daha g\u00fc\u00e7l\u00fc kat\u0131lmalar\u0131 hedefleniyor.<\/p>\n<p>Sanat kurslar\u0131 \u00e7e\u015fitli illerde yer alan Aile ve Sosyal Hizmetler Bakanl\u0131\u011f\u0131&#8217;na ba\u011fl\u0131 Aile Destek Merkezleri (ADEM), Halk E\u011fitim Merkezleri, belediyeler, \u00fcniversiteler ve Gen\u00e7lik Merkezleri ile koordineli \u015fekilde ger\u00e7ekle\u015ftirilecek.<\/p>\n<p>&#8216;KAHRAMANLARIMIZIN VE A\u0130LELER\u0130N\u0130N YANINDAYIZ&#8217;<\/p>\n<p>\u0130mza t\u00f6renine kat\u0131lan Erdemir Y\u00f6netim Kurulu \u00dcyesi ve Murahhas Azas\u0131 Serdar Ba\u015fo\u011flu &#8220;Bu proje, emek ve al\u0131n teriyle b\u00fcy\u00fcyen OYAK Grubu&#8217;nun, \u015fehit yak\u0131nlar\u0131 ve gazilerimiz i\u00e7in sorumluluk \u00fcstlenmeye devam etti\u011finin g\u00fc\u00e7l\u00fc bir g\u00f6stergesidir. \u00dclkemizin en b\u00fcy\u00fck sanayi kurulu\u015flar\u0131ndan biri olarak; toplumsal fayda \u00fcreten, \u00fclkemizin ve milletimizin de\u011ferleriyle b\u00fct\u00fcnle\u015fen projeleri \u00f6nceliklerimiz aras\u0131nda de\u011ferlendiriyoruz&#8221; dedi.<\/p>\n<p>Ba\u015fo\u011flu konu\u015fmas\u0131na \u015f\u00f6yle devam etti: <\/p>\n<p>&#8220;Erdemir, T\u00fcrkiye&#8217;nin lider entegre \u00e7elik \u00fcreticisi olman\u0131n \u00f6tesinde topluma dokunan g\u00fc\u00e7l\u00fc bir kurumsal vatanda\u015f olmay\u0131 misyon edinmi\u015ftir. Sanat\u0131n birle\u015ftirici ve iyile\u015ftirici g\u00fcc\u00fcn\u00fc, kahramanlar\u0131m\u0131z\u0131n ailelerine ula\u015ft\u0131racak olan bu projenin yak\u0131n takip\u00e7isi olmaya devam edecek; \u00e7ok daha geni\u015f kitlelere ula\u015fmas\u0131 i\u00e7in deste\u011fimizi s\u00fcrd\u00fcrece\u011fiz.&#8221;<\/p>\n<p>\u015eehit Yak\u0131nlar\u0131 ve Gaziler Genel M\u00fcd\u00fcr\u00fc Muharrem Kurt ise imza t\u00f6reninde projenin \u00f6nemine dikkat \u00e7ekti. Kurt &#8220;\u015eehitlerimizin emanetleri ve gazilerimiz, devletimizin g\u00f6nl\u00fcndeki en m\u00fcstesna yerdedir. Sanat\u0131n iyile\u015ftirici g\u00fcc\u00fcn\u00fc kullanarak onlar\u0131n sosyal hayata kat\u0131l\u0131m\u0131n\u0131 g\u00fc\u00e7lendirecek bu proje, kamu ile \u00f6zel sekt\u00f6r i\u015f birli\u011finin \u00f6rnek bir modelidir. Erdemir&#8217;e bu anlaml\u0131 destek i\u00e7in te\u015fekk\u00fcr ediyoruz&#8221; diye konu\u015ftu.<\/p>\n","protected":false},"excerpt":{"rendered":"<p>Erdemir ile Aile ve Sosyal Hizmetler Bakanl\u0131\u011f\u0131, \u015fehit yak\u0131nlar\u0131 ve gazilere y\u00f6nelik &#8216;Sanata Te\u015fvik ve Sanatla Ya\u015fam Program\u0131&#8217; i\u015f birli\u011fi protokol\u00fc imzalad\u0131. Proje, T\u00fcrkiye&#8217;nin 81 ilinde sanat kurslar\u0131 d\u00fczenleyecek ve kursiyerlerin malzeme ihtiya\u00e7lar\u0131 Erdemir taraf\u0131ndan kar\u015f\u0131lanacak. Hedef, sanat\u0131n iyile\u015ftirici g\u00fcc\u00fcnden faydalanarak \u015fehit yak\u0131nlar\u0131 ve gazilerin sosyal hayata kat\u0131l\u0131mlar\u0131n\u0131 g\u00fc\u00e7lendirmek.<\/p>\n","protected":false},"author":1,"featured_media":61775,"comment_status":"open","ping_status":"open","sticky":false,"template":"","format":"standard","meta":{"footnotes":""},"categories":[8],"tags":[7261,453,237,1258,2903],"class_list":["post-61774","post","type-post","status-publish","format-standard","has-post-thumbnail","hentry","category-ekonomi","tag-erdemir","tag-imza","tag-proje","tag-sanat","tag-sehit"],"_links":{"self":[{"href":"https:\/\/bihavadis.com\/index.php\/wp-json\/wp\/v2\/posts\/61774","targetHints":{"allow":["GET"]}}],"collection":[{"href":"https:\/\/bihavadis.com\/index.php\/wp-json\/wp\/v2\/posts"}],"about":[{"href":"https:\/\/bihavadis.com\/index.php\/wp-json\/wp\/v2\/types\/post"}],"author":[{"embeddable":true,"href":"https:\/\/bihavadis.com\/index.php\/wp-json\/wp\/v2\/users\/1"}],"replies":[{"embeddable":true,"href":"https:\/\/bihavadis.com\/index.php\/wp-json\/wp\/v2\/comments?post=61774"}],"version-history":[{"count":1,"href":"https:\/\/bihavadis.com\/index.php\/wp-json\/wp\/v2\/posts\/61774\/revisions"}],"predecessor-version":[{"id":61776,"href":"https:\/\/bihavadis.com\/index.php\/wp-json\/wp\/v2\/posts\/61774\/revisions\/61776"}],"wp:featuredmedia":[{"embeddable":true,"href":"https:\/\/bihavadis.com\/index.php\/wp-json\/wp\/v2\/media\/61775"}],"wp:attachment":[{"href":"https:\/\/bihavadis.com\/index.php\/wp-json\/wp\/v2\/media?parent=61774"}],"wp:term":[{"taxonomy":"category","embeddable":true,"href":"https:\/\/bihavadis.com\/index.php\/wp-json\/wp\/v2\/categories?post=61774"},{"taxonomy":"post_tag","embeddable":true,"href":"https:\/\/bihavadis.com\/index.php\/wp-json\/wp\/v2\/tags?post=61774"}],"curies":[{"name":"wp","href":"https:\/\/api.w.org\/{rel}","templated":true}]}}