{"id":61790,"date":"2026-03-05T21:30:08","date_gmt":"2026-03-05T21:30:08","guid":{"rendered":"https:\/\/bihavadis.com\/?p=61790"},"modified":"2026-03-05T21:30:08","modified_gmt":"2026-03-05T21:30:08","slug":"fenerbahce-tiri-tavsanlida-buyuk-ilgi-gordu","status":"publish","type":"post","link":"https:\/\/bihavadis.com\/index.php\/2026\/03\/05\/fenerbahce-tiri-tavsanlida-buyuk-ilgi-gordu\/","title":{"rendered":"Fenerbah\u00e7e T\u0131r\u0131 Tav\u015fanl\u0131&#8217;da B\u00fcy\u00fck \u0130lgi G\u00f6rd\u00fc"},"content":{"rendered":"<p>T\u00fcrkiye turu kapsam\u0131nda sar\u0131-lacivertli kul\u00fcb\u00fcn lisansl\u0131 \u00fcr\u00fcnlerini taraftarla bulu\u015fturan Fenerbah\u00e7e t\u0131r\u0131, K\u00fctahya&#8217;n\u0131n Tav\u015fanl\u0131 il\u00e7esinde taraftarlardan yo\u011fun ilgi g\u00f6rd\u00fc. Ak\u015fam saatlerinde il\u00e7eden ayr\u0131lacak olan t\u0131rda \u00fcr\u00fcn \u00e7e\u015fitlili\u011fi be\u011feni toplad\u0131.<\/p>\n<p>Fenerbah\u00e7e&#8217;nin lisansl\u0131 \u00fcr\u00fcnlerinin sat\u0131\u015f\u0131n\u0131 ger\u00e7ekle\u015ftiren gezici t\u0131r\u0131n bug\u00fcnk\u00fc dura\u011f\u0131 Tav\u015fanl\u0131 oldu. Cumhuriyet Meydan\u0131&#8217;nda konu\u015flanan t\u0131r, sabah\u0131n erken saatlerinden itibaren her ya\u015ftan sar\u0131-lacivertli taraftar\u0131n ak\u0131n\u0131na u\u011frad\u0131. Formalardan aksesuarlara, hediyelik e\u015fyalardan yeni sezona kadar geni\u015f bir \u00fcr\u00fcn yelpazesinin sunuldu\u011fu t\u0131rda, taraftarlar kul\u00fcplerine destek olman\u0131n gururunu ya\u015fad\u0131.<\/p>\n<p>T\u0131r\u0131 ziyaret ederek al\u0131\u015fveri\u015f yapan yerel esnaflardan Mahir Ayd\u0131n, \u00fcr\u00fcnlerin kalitesinden ve \u00e7e\u015fitlili\u011finden memnun kald\u0131\u011f\u0131n\u0131 dile getirerek, &#8220;Fenerbah\u00e7e t\u0131r\u0131n\u0131n aya\u011f\u0131m\u0131za kadar gelmesi bizler i\u00e7in b\u00fcy\u00fck bir mutluluk. \u0130\u00e7eride \u00fcr\u00fcn yelpazesi olduk\u00e7a geni\u015f, her b\u00fct\u00e7eye ve her zevke uygun \u00e7e\u015fit \u00e7ok. Biz de kul\u00fcb\u00fcm\u00fcze destek olmak i\u00e7in buraday\u0131z&#8221; ifadelerini kulland\u0131. &#8211; K\u00dcTAHYA<\/p>\n","protected":false},"excerpt":{"rendered":"<p>Fenerbah\u00e7e&#8217;nin gezici t\u0131r\u0131, Tav\u015fanl\u0131&#8217;da taraftarlar\u0131n ilgisiyle yo\u011fun bir g\u00fcn ge\u00e7irdi.<\/p>\n","protected":false},"author":1,"featured_media":61791,"comment_status":"open","ping_status":"open","sticky":false,"template":"","format":"standard","meta":{"footnotes":""},"categories":[14],"tags":[460],"class_list":["post-61790","post","type-post","status-publish","format-standard","has-post-thumbnail","hentry","category-spor","tag-urun"],"_links":{"self":[{"href":"https:\/\/bihavadis.com\/index.php\/wp-json\/wp\/v2\/posts\/61790","targetHints":{"allow":["GET"]}}],"collection":[{"href":"https:\/\/bihavadis.com\/index.php\/wp-json\/wp\/v2\/posts"}],"about":[{"href":"https:\/\/bihavadis.com\/index.php\/wp-json\/wp\/v2\/types\/post"}],"author":[{"embeddable":true,"href":"https:\/\/bihavadis.com\/index.php\/wp-json\/wp\/v2\/users\/1"}],"replies":[{"embeddable":true,"href":"https:\/\/bihavadis.com\/index.php\/wp-json\/wp\/v2\/comments?post=61790"}],"version-history":[{"count":1,"href":"https:\/\/bihavadis.com\/index.php\/wp-json\/wp\/v2\/posts\/61790\/revisions"}],"predecessor-version":[{"id":61792,"href":"https:\/\/bihavadis.com\/index.php\/wp-json\/wp\/v2\/posts\/61790\/revisions\/61792"}],"wp:featuredmedia":[{"embeddable":true,"href":"https:\/\/bihavadis.com\/index.php\/wp-json\/wp\/v2\/media\/61791"}],"wp:attachment":[{"href":"https:\/\/bihavadis.com\/index.php\/wp-json\/wp\/v2\/media?parent=61790"}],"wp:term":[{"taxonomy":"category","embeddable":true,"href":"https:\/\/bihavadis.com\/index.php\/wp-json\/wp\/v2\/categories?post=61790"},{"taxonomy":"post_tag","embeddable":true,"href":"https:\/\/bihavadis.com\/index.php\/wp-json\/wp\/v2\/tags?post=61790"}],"curies":[{"name":"wp","href":"https:\/\/api.w.org\/{rel}","templated":true}]}}