{"id":61811,"date":"2026-03-05T21:48:10","date_gmt":"2026-03-05T21:48:10","guid":{"rendered":"https:\/\/bihavadis.com\/?p=61811"},"modified":"2026-03-05T21:48:10","modified_gmt":"2026-03-05T21:48:10","slug":"adanada-saganak-yollar-kapandi-bir-kamyon-suya-gomuldu","status":"publish","type":"post","link":"https:\/\/bihavadis.com\/index.php\/2026\/03\/05\/adanada-saganak-yollar-kapandi-bir-kamyon-suya-gomuldu\/","title":{"rendered":"Adana\u2019da sa\u011fanak: Yollar kapand\u0131, bir kamyon suya g\u00f6m\u00fcld\u00fc"},"content":{"rendered":"<p>Adana\u2019n\u0131n Karaisal\u0131 il\u00e7esine ba\u011fl\u0131 Etekli Mahallesi\u2019nde sa\u011fana\u011f\u0131n ard\u0131ndan mahalle i\u00e7inde ve \u00e7evre k\u00f6ylerle ba\u011flant\u0131y\u0131 sa\u011flayan yollarda, su seviyesi y\u00fckseldi. Baz\u0131 g\u00fczerg\u00e2hlar tamamen kapan\u0131rken ara\u00e7 ge\u00e7i\u015fi, durma noktas\u0131na geldi.<\/p>\n<p>Mahalle sakinleri, suyun \u00e7ekilmemesi nedeniyle g\u00fcnl\u00fck ya\u015fam\u0131n olumsuz etkilendi\u011fini belirtti.<\/p>\n<p><strong>&#8220;3-4 G\u00dcND\u00dcR BU HALDEY\u0130Z&#8221;<\/strong><\/p>\n<p>Mahallede ya\u015fayan Sadi B\u00fcy\u00fckdo\u011fa, Etekli\u2019nin yakla\u015f\u0131k 3-4 g\u00fcnd\u00fcr sular alt\u0131nda oldu\u011funu ifade ederek bir\u00e7ok k\u00f6y yolunun ula\u015f\u0131ma kapal\u0131 oldu\u011funu s\u00f6yledi. B\u00fcy\u00fckdo\u011fa, yetkililerden yard\u0131m beklediklerini dile getirdi.<\/p>\n<p><strong>B\u0130R KAMYON SUYA G\u00d6M\u00dcLD\u00dc<\/strong><\/p>\n<p><img decoding=\"async\" src=\"https:\/\/bihavadis.com\/wp-content\/uploads\/2026\/03\/adanada-saganak-yollar-kapandi-bir-kamyon-suya-gomuldu-0-8w921k4H.jpg\"\/><\/p>\n<p>Ta\u015fk\u0131n s\u0131ras\u0131nda bir kamyonun da yol \u00fczerinde biriken suyun i\u00e7inde kald\u0131\u011f\u0131 \u00f6\u011frenildi. Olayda can kayb\u0131 ya da yaralanma ya\u015fan\u0131p ya\u015fanmad\u0131\u011f\u0131na ili\u015fkin resmi bir a\u00e7\u0131klama yap\u0131lmad\u0131.<\/p>\n<p>Ya\u011f\u0131\u015f sonras\u0131 b\u00f6lgede olu\u015fan su birikintilerinin tahliyesi i\u00e7in \u00e7al\u0131\u015fma ba\u015flat\u0131lmas\u0131 bekleniyor.<\/p>\n<p><img decoding=\"async\" src=\"https:\/\/bihavadis.com\/wp-content\/uploads\/2026\/03\/adanada-saganak-yollar-kapandi-bir-kamyon-suya-gomuldu-1-bcBqw9qv.jpg\"\/><\/p>\n<p><img decoding=\"async\" src=\"https:\/\/bihavadis.com\/wp-content\/uploads\/2026\/03\/adanada-saganak-yollar-kapandi-bir-kamyon-suya-gomuldu-2-letZ9XhY.jpg\"\/><\/p>\n<p><img decoding=\"async\" src=\"https:\/\/bihavadis.com\/wp-content\/uploads\/2026\/03\/adanada-saganak-yollar-kapandi-bir-kamyon-suya-gomuldu-3-63TFEy7c.jpg\"\/> <\/p>\n<div> <span><strong>Kaynak:<\/strong> \u0130hlas Haber Ajans\u0131 (\u0130HA)<\/span> <\/div>\n","protected":false},"excerpt":{"rendered":"<p>Adana\u2019n\u0131n Karaisal\u0131 il\u00e7esine ba\u011fl\u0131 Etekli Mahallesi\u2019nde sa\u011fana\u011f\u0131n ard\u0131ndan mahalle i\u00e7inde ve \u00e7evre k\u00f6ylerle ba\u011flant\u0131y\u0131 sa\u011flayan yollarda, su seviyesi y\u00fckseldi. Baz\u0131 g\u00fczerg\u00e2hlar tamamen kapan\u0131rken ara\u00e7 ge\u00e7i\u015fi, durma noktas\u0131na geldi. Mahalle sakinleri &#8230;<\/p>\n","protected":false},"author":1,"featured_media":61812,"comment_status":"open","ping_status":"open","sticky":false,"template":"","format":"standard","meta":{"footnotes":""},"categories":[4,13],"tags":[],"class_list":["post-61811","post","type-post","status-publish","format-standard","has-post-thumbnail","hentry","category-gundem","category-son-dakika"],"_links":{"self":[{"href":"https:\/\/bihavadis.com\/index.php\/wp-json\/wp\/v2\/posts\/61811","targetHints":{"allow":["GET"]}}],"collection":[{"href":"https:\/\/bihavadis.com\/index.php\/wp-json\/wp\/v2\/posts"}],"about":[{"href":"https:\/\/bihavadis.com\/index.php\/wp-json\/wp\/v2\/types\/post"}],"author":[{"embeddable":true,"href":"https:\/\/bihavadis.com\/index.php\/wp-json\/wp\/v2\/users\/1"}],"replies":[{"embeddable":true,"href":"https:\/\/bihavadis.com\/index.php\/wp-json\/wp\/v2\/comments?post=61811"}],"version-history":[{"count":1,"href":"https:\/\/bihavadis.com\/index.php\/wp-json\/wp\/v2\/posts\/61811\/revisions"}],"predecessor-version":[{"id":61817,"href":"https:\/\/bihavadis.com\/index.php\/wp-json\/wp\/v2\/posts\/61811\/revisions\/61817"}],"wp:featuredmedia":[{"embeddable":true,"href":"https:\/\/bihavadis.com\/index.php\/wp-json\/wp\/v2\/media\/61812"}],"wp:attachment":[{"href":"https:\/\/bihavadis.com\/index.php\/wp-json\/wp\/v2\/media?parent=61811"}],"wp:term":[{"taxonomy":"category","embeddable":true,"href":"https:\/\/bihavadis.com\/index.php\/wp-json\/wp\/v2\/categories?post=61811"},{"taxonomy":"post_tag","embeddable":true,"href":"https:\/\/bihavadis.com\/index.php\/wp-json\/wp\/v2\/tags?post=61811"}],"curies":[{"name":"wp","href":"https:\/\/api.w.org\/{rel}","templated":true}]}}