{"id":61833,"date":"2026-03-05T22:00:10","date_gmt":"2026-03-05T22:00:10","guid":{"rendered":"https:\/\/bihavadis.com\/?p=61833"},"modified":"2026-03-05T22:00:10","modified_gmt":"2026-03-05T22:00:10","slug":"kayseride-depremin-3-yili-toreni","status":"publish","type":"post","link":"https:\/\/bihavadis.com\/index.php\/2026\/03\/05\/kayseride-depremin-3-yili-toreni\/","title":{"rendered":"Kayseri&#8217;de Depremin 3. Y\u0131l\u0131 T\u00f6reni"},"content":{"rendered":"<p> Kayseri&#8217;de, Kahramanmara\u015f merkezli 6 \u015eubat 2023&#8217;teki depremlerin 3. y\u0131l\u0131 dolay\u0131s\u0131yla d\u00fczenlenen t\u00f6rende akredite olan arama kurtarma ekiplerine armalar\u0131 tak\u0131ld\u0131.<\/p>\n<p>Depremde \u00f6nce Elbistan&#8217;da daha sonra da Ad\u0131yaman&#8217;da g\u00f6revlendirilen Kayseri Valisi G\u00f6kmen \u00c7i\u00e7ek, Kadir Has Kongre ve K\u00fclt\u00fcr Merkezi&#8217;ndeki t\u00f6rende, depremin \u015fiddeti ve y\u0131k\u0131m\u0131n b\u00fcy\u00fckl\u00fc\u011f\u00fc kar\u015f\u0131s\u0131nda ilk g\u00fcn herkesin \u00e7aresizli\u011fe d\u00fc\u015ft\u00fc\u011f\u00fcn\u00fc, her yerde ac\u0131, g\u00f6zya\u015f\u0131 ve zamanla yar\u0131\u015f\u0131n hakim oldu\u011funu anlatt\u0131.<\/p>\n<p>Depremde nas\u0131l millet olunaca\u011f\u0131n\u0131n t\u00fcm d\u00fcnyaya g\u00f6sterildi\u011fini vurgulayan \u00c7i\u00e7ek, &#8220;Biz farkl\u0131 bir milletiz. Milletin kenetlenmesi, birli\u011fi, beraberli\u011fi, devletimizin b\u00fct\u00fcn imkanlar\u0131 seferber etmesiyle d\u00fcnyada hi\u00e7bir \u00fclkenin ba\u015fa \u00e7\u0131kamayaca\u011f\u0131 bir felaketi geride b\u0131rakt\u0131k.&#8221; diye konu\u015ftu.<\/p>\n<p>\u00c7i\u00e7ek, arama kurtarma ekiplerinin uykusuzlu\u011fa, so\u011fuk havaya ra\u011fmen enkaz ba\u015f\u0131nda fedakarca \u00e7al\u0131\u015ft\u0131\u011f\u0131n\u0131, Kayseri halk\u0131n\u0131n da depremden etkilenen her \u015fehre yeti\u015fmeye \u00e7al\u0131\u015ft\u0131\u011f\u0131n\u0131 an\u0131msatt\u0131.<\/p>\n<p>Kayseri&#8217;nin t\u00fcm kurumlar\u0131yla, belediyeleriyle beraber depremde sahada oldu\u011funu hat\u0131rlatan \u00c7i\u00e7ek, &#8220;Kayseri&#8217;ye sevdalanm\u0131\u015ft\u0131m ama depremde kara sevdal\u0131 oldum \u00e7\u00fcnk\u00fc \u015fehrimiz her yere ko\u015ftu.&#8221; dedi.<\/p>\n<p>\u00c7i\u00e7ek, kentteki arama kurtarma ekiplerinin ad\u0131n\u0131 tek tek sayarken, ekipler de &#8220;burada&#8221; diyerek cevap verdi.<\/p>\n<p>AK Parti Kayseri Milletvekili Dursun Ata\u015f da depremde hayat\u0131n\u0131 kaybedenlere rahmet, yak\u0131nlar\u0131na ba\u015fsa\u011fl\u0131\u011f\u0131 diledi.<\/p>\n<p>AFAD \u0130l M\u00fcd\u00fcr\u00fc Rifat Gen\u00e7 ise bug\u00fcn armalar\u0131 tak\u0131lacak iki ekiple akredite arama ekibi say\u0131s\u0131n\u0131n 7 olaca\u011f\u0131n\u0131, y\u0131l sonuna kadar akredite ekip say\u0131s\u0131n\u0131 11&#8217;e \u00e7\u0131karmay\u0131 hedeflediklerini s\u00f6yledi.<\/p>\n<p>Gen\u00e7, kentte AFAD g\u00f6n\u00fcll\u00fc say\u0131s\u0131n\u0131n 25 bin 240&#8217;a, destek AFAD g\u00f6n\u00fcll\u00fcs\u00fcn\u00fcn ise 964&#8217;e ula\u015ft\u0131\u011f\u0131n\u0131 belirtti.<\/p>\n<p>Kayseri Kahramanmara\u015fl\u0131lar Derne\u011fi Ba\u015fkan\u0131 Mehmet Topal ise Kayseri halk\u0131n\u0131n deprem d\u00f6neminde b\u00fcy\u00fck bir vefa, sorumluluk ve duyarl\u0131l\u0131k g\u00f6sterdi\u011fini, bunun Kahramanmara\u015fl\u0131larca her zaman hat\u0131rlanaca\u011f\u0131n\u0131 dile getirdi.<\/p>\n<p>Programda Kur&#8217;an-\u0131 Kerim okunmas\u0131n\u0131n ard\u0131ndan depremde hayat\u0131n\u0131 kaybedenler i\u00e7in dua edildi. Ayr\u0131ca halk ozanlar\u0131, deprem i\u00e7in yazd\u0131klar\u0131 a\u011f\u0131tlar\u0131 seslendirdi.<\/p>\n<p>T\u00f6renin sonunda akredite olan \u00e7ok say\u0131da arama kurtarma ekibine armalar\u0131 protokol \u00fcyelerince tak\u0131ld\u0131.<\/p>\n","protected":false},"excerpt":{"rendered":"<p>Kayseri&#8217;de 6 \u015eubat depremlerinin 3. y\u0131l\u0131 dolay\u0131s\u0131yla arama kurtarma ekiplerine armalar\u0131 tak\u0131ld\u0131.<\/p>\n","protected":false},"author":1,"featured_media":0,"comment_status":"open","ping_status":"open","sticky":false,"template":"","format":"standard","meta":{"footnotes":""},"categories":[9,4,13],"tags":[403,480,4808,3295,1568],"class_list":["post-61833","post","type-post","status-publish","format-standard","hentry","category-genel","category-gundem","category-son-dakika","tag-arama","tag-cicek","tag-depremde","tag-ekiple","tag-kayseri"],"_links":{"self":[{"href":"https:\/\/bihavadis.com\/index.php\/wp-json\/wp\/v2\/posts\/61833","targetHints":{"allow":["GET"]}}],"collection":[{"href":"https:\/\/bihavadis.com\/index.php\/wp-json\/wp\/v2\/posts"}],"about":[{"href":"https:\/\/bihavadis.com\/index.php\/wp-json\/wp\/v2\/types\/post"}],"author":[{"embeddable":true,"href":"https:\/\/bihavadis.com\/index.php\/wp-json\/wp\/v2\/users\/1"}],"replies":[{"embeddable":true,"href":"https:\/\/bihavadis.com\/index.php\/wp-json\/wp\/v2\/comments?post=61833"}],"version-history":[{"count":1,"href":"https:\/\/bihavadis.com\/index.php\/wp-json\/wp\/v2\/posts\/61833\/revisions"}],"predecessor-version":[{"id":61834,"href":"https:\/\/bihavadis.com\/index.php\/wp-json\/wp\/v2\/posts\/61833\/revisions\/61834"}],"wp:attachment":[{"href":"https:\/\/bihavadis.com\/index.php\/wp-json\/wp\/v2\/media?parent=61833"}],"wp:term":[{"taxonomy":"category","embeddable":true,"href":"https:\/\/bihavadis.com\/index.php\/wp-json\/wp\/v2\/categories?post=61833"},{"taxonomy":"post_tag","embeddable":true,"href":"https:\/\/bihavadis.com\/index.php\/wp-json\/wp\/v2\/tags?post=61833"}],"curies":[{"name":"wp","href":"https:\/\/api.w.org\/{rel}","templated":true}]}}