{"id":61865,"date":"2026-03-05T22:30:05","date_gmt":"2026-03-05T22:30:05","guid":{"rendered":"https:\/\/bihavadis.com\/?p=61865"},"modified":"2026-03-05T22:30:05","modified_gmt":"2026-03-05T22:30:05","slug":"nevsehir-belediyesi-mart-ayi-meclis-toplantisi-yapildi","status":"publish","type":"post","link":"https:\/\/bihavadis.com\/index.php\/2026\/03\/05\/nevsehir-belediyesi-mart-ayi-meclis-toplantisi-yapildi\/","title":{"rendered":"Nev\u015fehir Belediyesi MART Ay\u0131 Meclis Toplant\u0131s\u0131 Yap\u0131ld\u0131"},"content":{"rendered":"<p>Nev\u015fehir Belediye Meclisi 2026 y\u0131l\u0131 Mart ay\u0131 ola\u011fan meclis toplant\u0131s\u0131 Rasim Ar\u0131 Ba\u015fkanl\u0131\u011f\u0131nda yap\u0131ld\u0131.<br \/>Nev\u015fehir Belediye Meclisi, 5393 say\u0131l\u0131 Belediye Kanunun 20. Maddesi gere\u011fi, g\u00fcndem maddelerini g\u00f6r\u00fc\u015f\u00fcp, karara ba\u011flamak \u00fczere Belediye Meclis Toplant\u0131 Salonunda bir araya geldi.<br \/>Belediye Ba\u015fkan\u0131 Rasim Ar\u0131\u2019n\u0131n ba\u015fkanl\u0131\u011f\u0131nda ger\u00e7ekle\u015ftirilen toplant\u0131ya meclis \u00fcyeleri ile birlikte Belediye Ba\u015fkan Yard\u0131mc\u0131lar\u0131 \u0130brahim Y\u00fczer, Ahmet \u00c7\u00f6ler ve Hasan \u0130ler kat\u0131ld\u0131.<br \/>Toplant\u0131n\u0131n a\u00e7\u0131l\u0131\u015f\u0131nda meclis \u00fcyelerini selamlayan Belediye Ba\u015fkan\u0131 Rasim Ar\u0131 \u201cAlaca\u011f\u0131m\u0131z kararlar\u0131n \u015fehrimiz, memleketimiz ve \u00fclkemiz ad\u0131na hay\u0131rl\u0131 olmas\u0131n\u0131 temenni ediyor, hepinize \u00e7al\u0131\u015fmalar\u0131n\u0131zda ba\u015far\u0131lar diliyorum\u201d diye konu\u015ftu.<br \/>\u00a0<br \/>Nev\u015fehir Belediyesi Meclis G\u00fcndeminde;<br \/>Denetim Komisyon Raporunun G\u00f6r\u00fc\u015f\u00fclmesi,<br \/>Kat Kar\u015f\u0131l\u0131\u011f\u0131 Yap\u0131m \u0130\u015fi Tapu Devrinin G\u00f6r\u00fc\u015f\u00fclmesi,<br \/>Mahalle \u0130sim De\u011fi\u015fikli\u011finin G\u00f6r\u00fc\u015f\u00fclmesi,<br \/>M\u00fclkiyeti Belediyemize Ait 14 Ada, 14 Parselde Bulunun D\u00fckk\u00e2n\u0131n Sat\u0131\u015f \u0130\u015finin G\u00f6r\u00fc\u015f\u00fclmesi,<br \/>3113 Ada, 8 Parsel \u00dczerine \u0130sabet Eden Trafo Yerinin Sat\u0131\u015f ve Devir \u0130\u015flemlerinin G\u00f6r\u00fc\u015f\u00fclmesi,<br \/>2913 Ada, 3 Parsel ile 2914 Ada, 1 Parsel Aras\u0131nda Bulunan Park Alan\u0131 ve \u00dczerindeki Yap\u0131n\u0131n Tahsisinin \u0130ptalinin G\u00f6r\u00fc\u015f\u00fclmesi,<br \/>\u201cMotor Sporlar\u0131 Kompleksi\u201d Alan\u0131n\u0131n 10(on) Y\u0131l S\u00fcre \u0130le Kiraya Verilmesi \u0130\u015finin G\u00f6r\u00fc\u015f\u00fclmesi,<br \/>3243 Ada, 1 Parselin G\u00fcneyindeki ve 2903 Ada, 1 Parselin Kuzeyindeki B\u00f6lgede Trafo Alan\u0131 Olarak \u0130mar Plan De\u011fi\u015fikli\u011finin G\u00f6r\u00fc\u015f\u00fclmesi,<br \/>3829 Ada, 1 Parsel ve Do\u011fusundaki B\u00f6lgede Trafo Alan\u0131 Olarak \u0130mar Plan De\u011fi\u015fikli\u011finin G\u00f6r\u00fc\u015f\u00fclmesi ve<br \/>1275 Ada 13 Parselin Kuzeyindeki B\u00f6lgede Trafo Alan\u0131 Olarak \u0130mar Plan De\u011fi\u015fikli\u011finin g\u00f6r\u00fc\u015f\u00fclmesi konular\u0131 karara ba\u011fland\u0131.<\/p>\n<p>\u00a0<\/p>\n<p>Kaynak: (BYZHA) Beyaz Haber Ajans\u0131<\/p>\n","protected":false},"excerpt":{"rendered":"<p>Nev\u015fehir Belediye Meclisi 2026 y\u0131l\u0131 Mart ay\u0131 ola\u011fan meclis toplant\u0131s\u0131 Rasim Ar\u0131 Ba\u015fkanl\u0131\u011f\u0131nda yap\u0131ld\u0131.<\/p>\n","protected":false},"author":1,"featured_media":61866,"comment_status":"open","ping_status":"open","sticky":false,"template":"","format":"standard","meta":{"footnotes":""},"categories":[4],"tags":[3427,516,372,397,6180],"class_list":["post-61865","post","type-post","status-publish","format-standard","has-post-thumbnail","hentry","category-gundem","tag-alani","tag-baskan","tag-belediye","tag-meclis","tag-parsel"],"_links":{"self":[{"href":"https:\/\/bihavadis.com\/index.php\/wp-json\/wp\/v2\/posts\/61865","targetHints":{"allow":["GET"]}}],"collection":[{"href":"https:\/\/bihavadis.com\/index.php\/wp-json\/wp\/v2\/posts"}],"about":[{"href":"https:\/\/bihavadis.com\/index.php\/wp-json\/wp\/v2\/types\/post"}],"author":[{"embeddable":true,"href":"https:\/\/bihavadis.com\/index.php\/wp-json\/wp\/v2\/users\/1"}],"replies":[{"embeddable":true,"href":"https:\/\/bihavadis.com\/index.php\/wp-json\/wp\/v2\/comments?post=61865"}],"version-history":[{"count":1,"href":"https:\/\/bihavadis.com\/index.php\/wp-json\/wp\/v2\/posts\/61865\/revisions"}],"predecessor-version":[{"id":61867,"href":"https:\/\/bihavadis.com\/index.php\/wp-json\/wp\/v2\/posts\/61865\/revisions\/61867"}],"wp:featuredmedia":[{"embeddable":true,"href":"https:\/\/bihavadis.com\/index.php\/wp-json\/wp\/v2\/media\/61866"}],"wp:attachment":[{"href":"https:\/\/bihavadis.com\/index.php\/wp-json\/wp\/v2\/media?parent=61865"}],"wp:term":[{"taxonomy":"category","embeddable":true,"href":"https:\/\/bihavadis.com\/index.php\/wp-json\/wp\/v2\/categories?post=61865"},{"taxonomy":"post_tag","embeddable":true,"href":"https:\/\/bihavadis.com\/index.php\/wp-json\/wp\/v2\/tags?post=61865"}],"curies":[{"name":"wp","href":"https:\/\/api.w.org\/{rel}","templated":true}]}}