{"id":61877,"date":"2026-03-05T22:36:10","date_gmt":"2026-03-05T22:36:10","guid":{"rendered":"https:\/\/bihavadis.com\/?p=61877"},"modified":"2026-03-05T22:36:10","modified_gmt":"2026-03-05T22:36:10","slug":"kilis-valiliginden-deprem-sonrasi-yapilan-yatirimlarla-ilgili-aciklama","status":"publish","type":"post","link":"https:\/\/bihavadis.com\/index.php\/2026\/03\/05\/kilis-valiliginden-deprem-sonrasi-yapilan-yatirimlarla-ilgili-aciklama\/","title":{"rendered":"Kilis Valili\u011finden deprem sonras\u0131 yap\u0131lan yat\u0131r\u0131mlarla ilgili a\u00e7\u0131klama"},"content":{"rendered":"<p> Kilis Valili\u011fi taraf\u0131ndan Kahramanmara\u015f merkezli 6 \u015eubat 2023&#8217;te ya\u015fanan depremler sonras\u0131nda kentte yap\u0131lan yat\u0131r\u0131mlarla ilgili de\u011ferlendirmede bulunuldu.<\/p>\n<p>Kilis Valili\u011finden yap\u0131lan a\u00e7\u0131klamada, depremde hayat\u0131n\u0131 kaybedenlere Allah&#8217;tan rahmet, yak\u0131nlar\u0131na ba\u015fsa\u011fl\u0131\u011f\u0131 dilendi.<\/p>\n<p>A\u00e7\u0131klamada g\u00f6r\u00fc\u015flerine yer verilen Kilis Valisi \u00d6mer Kalayl\u0131, \u015funlar\u0131 kaydetti: <\/p>\n<p>&#8220;A\u011f\u0131r tahribata yol a\u00e7an depremin ilk an\u0131ndan itibaren Cumhurba\u015fkan\u0131m\u0131z Say\u0131n Recep Tayyip Erdo\u011fan&#8217;\u0131n g\u00fc\u00e7l\u00fc iradesiyle devletimizin t\u00fcm kurumlar\u0131 seferber olmu\u015ftur. T\u00fcm deprem b\u00f6lgesinde oldu\u011fu gibi ilimizde de arama-kurtarma \u00e7al\u0131\u015fmalar\u0131, sa\u011fl\u0131k hizmetleri, bar\u0131nma yard\u0131mlar\u0131 ve yeniden in\u015fa faaliyetleri h\u0131zla devam etti. Devletimiz ve halk\u0131m\u0131z\u0131n g\u00f6sterdi\u011fi dayan\u0131\u015fma, bu zor d\u00f6nemde b\u00fcy\u00fck bir g\u00fc\u00e7 kayna\u011f\u0131 olmu\u015ftur. Afet sonras\u0131 yap\u0131lan yard\u0131mlar, onar\u0131mlar ve yeniden yap\u0131lanma \u00e7al\u0131\u015fmalar\u0131, depremzede vatanda\u015flar\u0131m\u0131z\u0131n tekrar hayata tutunabilmeleri i\u00e7in \u00e7ok \u00f6nemli bir ad\u0131m olmu\u015ftur. \u0130limizde depremin yol a\u00e7t\u0131\u011f\u0131 fiziksel ve psikolojik izleri silmek i\u00e7in kamu kurum ve kurulu\u015flar\u0131m\u0131z seferber edilerek toplumun her kesiminden temsilcilerle tam bir uyum i\u00e7erisinde \u00e7al\u0131\u015f\u0131lm\u0131\u015f ve \u00e7al\u0131\u015f\u0131lmaya da devam edilmektedir. Allah&#8217;a hamdolsun asr\u0131n felaketinden asr\u0131n birlikteli\u011fine bu zorlu s\u00fcre\u00e7ten devlet-millet el ele g\u00fc\u00e7l\u00fc bir \u015fekilde \u00e7\u0131kt\u0131k.&#8221;<\/p>\n<p>Kilis&#8217;te 3 y\u0131l i\u00e7erisinde bin 569 ba\u011f\u0131ms\u0131z b\u00f6l\u00fcm\u00fcn in\u015fas\u0131n\u0131n tamamlanarak hak sahiplerine teslim edildi\u011fini belirten Kalayl\u0131, &#8220;Asr\u0131n felaketinin yaralar\u0131 asr\u0131n in\u015fas\u0131 ile sar\u0131ld\u0131. Cumhuriyet tarihinin en b\u00fcy\u00fck felaketlerinden biri olan 6 \u015eubat 2023&#8217;teki Kahramanmara\u015f merkezli depremlerin ard\u0131ndan y\u00fcr\u00fct\u00fclen kal\u0131c\u0131 konut seferberli\u011fi kapsam\u0131nda Cumhurba\u015fkan\u0131m\u0131z Say\u0131n Recep Tayyip Erdo\u011fan&#8217;\u0131n g\u00fc\u00e7l\u00fc liderli\u011finde 455 binden fazla ev ve i\u015f yeri hak sahibi vatanda\u015flar\u0131m\u0131za teslim edilerek yeniden in\u015faat s\u00fcrecinde tarihi bile\u015fik geride b\u0131rak\u0131ld\u0131. Bu kapsamda Kilis&#8217;te bin 713 konut, 852 k\u00f6y evi ve 4 i\u015f yeri olmak \u00fczere toplam 2 bin 569 ba\u011f\u0131ms\u0131z b\u00f6l\u00fcm\u00fcn in\u015fas\u0131 tamamlanarak hak sahibi aziz he\u015fehrilerimize teslim edildi.&#8221; ifadelerini kulland\u0131.<\/p>\n<p>Kilis&#8217;te e\u011fitim yat\u0131r\u0131mlar\u0131na da de\u011finen Kalayl\u0131, \u015f\u00f6yle devam etti: <\/p>\n<p>&#8220;6 \u015eubat 2023 tarihinde meydana gelen depremden \u00f6nce ilimizde 210 okulda 1934 derslikte e\u011fitim \u00f6\u011fretim yap\u0131lmaktayd\u0131. Ya\u015fanan deprem nedeniyle toplamda 508 dersli\u011fimiz kaybedilmi\u015ftir. Deprem sonras\u0131ndan bu g\u00fcne kadar 19 okul 316 derslik ve 200 yatak kapasiteli orta\u00f6\u011fretim pansiyonunun yap\u0131m\u0131 tamamlanm\u0131\u015f ve e\u011fitim \u00f6\u011fretim faaliyetleri i\u00e7in kullan\u0131ma sunulmu\u015ftur. Bug\u00fcn itibar\u0131yla 10 okul 202 derslik ve 1 spor salonu yap\u0131m\u0131 devam etmekte en k\u0131sa s\u00fcrede tamamlanarak hizmete sunulacakt\u0131r.&#8221;<\/p>\n<p>Depremde Kilis&#8217;te 16 caminin a\u011f\u0131r hasar ald\u0131\u011f\u0131n\u0131 kaydeden Kalayl\u0131, &#8220;\u0130limizde il\u00e7e ve k\u00f6yler dahil toplam 228 camimiz bulunmaktad\u0131r. Ya\u015fanan depremde 20 tarihi camiden 16&#8217;s\u0131 a\u011f\u0131r hasar alm\u0131\u015f olup 5 tanesinin tadilat\u0131 yap\u0131larak ibadete a\u00e7\u0131lm\u0131\u015ft\u0131r. 11 tanesinin ise restorasyon ve tadilat\u0131 devam etmektedir. \u0130limiz genelinde m\u00fclkiyeti Diyanet \u0130\u015fleri Ba\u015fkanl\u0131\u011f\u0131na ait 21 tane cami a\u011f\u0131r hasar alarak y\u0131k\u0131m\u0131 ger\u00e7ekle\u015ftirilmi\u015f, \u015fu ana kadar 13 tane caminin yap\u0131m\u0131 tamamlanarak ibadete a\u00e7\u0131lm\u0131\u015ft\u0131r. 8 tane caminin in\u015faat\u0131 devam etmektedir.&#8221; de\u011ferlendirmesinde bulundu.<\/p>\n","protected":false},"excerpt":{"rendered":"<p>Kilis Valili\u011fi taraf\u0131ndan Kahramanmara\u015f merkezli 6 \u015eubat 2023&#8217;te ya\u015fanan depremler sonras\u0131nda kentte yap\u0131lan yat\u0131r\u0131mlarla ilgili de\u011ferlendirmede bulunuldu.<\/p>\n","protected":false},"author":1,"featured_media":61878,"comment_status":"open","ping_status":"open","sticky":false,"template":"","format":"standard","meta":{"footnotes":""},"categories":[9,4,13],"tags":[1172,60,362,3881,2447],"class_list":["post-61877","post","type-post","status-publish","format-standard","has-post-thumbnail","hentry","category-genel","category-gundem","category-son-dakika","tag-cami","tag-deprem","tag-insa","tag-kilis","tag-tane"],"_links":{"self":[{"href":"https:\/\/bihavadis.com\/index.php\/wp-json\/wp\/v2\/posts\/61877","targetHints":{"allow":["GET"]}}],"collection":[{"href":"https:\/\/bihavadis.com\/index.php\/wp-json\/wp\/v2\/posts"}],"about":[{"href":"https:\/\/bihavadis.com\/index.php\/wp-json\/wp\/v2\/types\/post"}],"author":[{"embeddable":true,"href":"https:\/\/bihavadis.com\/index.php\/wp-json\/wp\/v2\/users\/1"}],"replies":[{"embeddable":true,"href":"https:\/\/bihavadis.com\/index.php\/wp-json\/wp\/v2\/comments?post=61877"}],"version-history":[{"count":1,"href":"https:\/\/bihavadis.com\/index.php\/wp-json\/wp\/v2\/posts\/61877\/revisions"}],"predecessor-version":[{"id":61879,"href":"https:\/\/bihavadis.com\/index.php\/wp-json\/wp\/v2\/posts\/61877\/revisions\/61879"}],"wp:featuredmedia":[{"embeddable":true,"href":"https:\/\/bihavadis.com\/index.php\/wp-json\/wp\/v2\/media\/61878"}],"wp:attachment":[{"href":"https:\/\/bihavadis.com\/index.php\/wp-json\/wp\/v2\/media?parent=61877"}],"wp:term":[{"taxonomy":"category","embeddable":true,"href":"https:\/\/bihavadis.com\/index.php\/wp-json\/wp\/v2\/categories?post=61877"},{"taxonomy":"post_tag","embeddable":true,"href":"https:\/\/bihavadis.com\/index.php\/wp-json\/wp\/v2\/tags?post=61877"}],"curies":[{"name":"wp","href":"https:\/\/api.w.org\/{rel}","templated":true}]}}