{"id":61890,"date":"2026-03-05T22:45:10","date_gmt":"2026-03-05T22:45:10","guid":{"rendered":"https:\/\/bihavadis.com\/?p=61890"},"modified":"2026-03-05T22:45:10","modified_gmt":"2026-03-05T22:45:10","slug":"ezan-okuma-yarismasi-gerceklesti","status":"publish","type":"post","link":"https:\/\/bihavadis.com\/index.php\/2026\/03\/05\/ezan-okuma-yarismasi-gerceklesti\/","title":{"rendered":"Ezan Okuma Yar\u0131\u015fmas\u0131 Ger\u00e7ekle\u015fti"},"content":{"rendered":"<p> Bal\u0131kesir&#8217;in G\u00f6me\u00e7 il\u00e7esinde, Milli E\u011fitim Bakanl\u0131\u011f\u0131 Din \u00d6\u011fretimi Genel M\u00fcd\u00fcrl\u00fc\u011f\u00fcn\u00fcn organizasyonuyla Gen\u00e7 Bilaller Ezan Okuma Yar\u0131\u015fmas\u0131 yap\u0131ld\u0131.<\/p>\n<p>G\u00f6me\u00e7 \u0130mam Hatip Ortaokulu ev sahipli\u011findeki yar\u0131\u015fman\u0131n j\u00fcri \u00fcyeliklerini G\u00f6me\u00e7 \u0130l\u00e7e M\u00fcft\u00fcs\u00fc Mehmet Ali Bal, Bal\u0131kesir \u00dcniversitesi \u0130lahiyat Fak\u00fcltesi \u00d6\u011fretim G\u00f6revlisi \u00d6mer Efe, imam hatip Feyzullah Atl\u0131, \u00f6\u011fretmenler Veli Emer ve \u0130hsan \u0130bi\u015f yapt\u0131.<\/p>\n<p>Yar\u0131\u015fmada, Turhan D\u00f6k\u00e7ecio\u011flu \u0130mam Hatip Ortaokulu \u00f6\u011frencisi Ali Berat Deniz, il birincisi oldu.<\/p>\n<p>Programa G\u00f6me\u00e7 Kaymakam\u0131 Mehmet Nesip Mahir, G\u00f6me\u00e7 Belediye Ba\u015fkan\u0131 Melih Ba\u011fc\u0131, \u0130l Milli E\u011fitim M\u00fcd\u00fcr Yard\u0131mc\u0131s\u0131 Z\u00fclfer Erdem, G\u00f6me\u00e7 \u0130l\u00e7e Milli E\u011fitim M\u00fcd\u00fcr\u00fc B\u00fcnyamin Y\u0131lmaz ve davetlilerin kat\u0131ld\u0131\u011f\u0131 yar\u0131\u015fmada Muhammet Musab Bayku\u015f ikinci, B\u00fcnyamin G\u00fcm\u00fc\u015f \u00fc\u00e7\u00fcnc\u00fc oldu.<\/p>\n","protected":false},"excerpt":{"rendered":"<p>G\u00f6me\u00e7&#8217;te d\u00fczenlenen yar\u0131\u015fmada Ali Berat Deniz birinci oldu, di\u011fer \u00f6d\u00fcller de da\u011f\u0131t\u0131ld\u0131.<\/p>\n","protected":false},"author":1,"featured_media":61891,"comment_status":"open","ping_status":"open","sticky":false,"template":"","format":"standard","meta":{"footnotes":""},"categories":[9,4,13],"tags":[7267],"class_list":["post-61890","post","type-post","status-publish","format-standard","has-post-thumbnail","hentry","category-genel","category-gundem","category-son-dakika","tag-gomec"],"_links":{"self":[{"href":"https:\/\/bihavadis.com\/index.php\/wp-json\/wp\/v2\/posts\/61890","targetHints":{"allow":["GET"]}}],"collection":[{"href":"https:\/\/bihavadis.com\/index.php\/wp-json\/wp\/v2\/posts"}],"about":[{"href":"https:\/\/bihavadis.com\/index.php\/wp-json\/wp\/v2\/types\/post"}],"author":[{"embeddable":true,"href":"https:\/\/bihavadis.com\/index.php\/wp-json\/wp\/v2\/users\/1"}],"replies":[{"embeddable":true,"href":"https:\/\/bihavadis.com\/index.php\/wp-json\/wp\/v2\/comments?post=61890"}],"version-history":[{"count":1,"href":"https:\/\/bihavadis.com\/index.php\/wp-json\/wp\/v2\/posts\/61890\/revisions"}],"predecessor-version":[{"id":61892,"href":"https:\/\/bihavadis.com\/index.php\/wp-json\/wp\/v2\/posts\/61890\/revisions\/61892"}],"wp:featuredmedia":[{"embeddable":true,"href":"https:\/\/bihavadis.com\/index.php\/wp-json\/wp\/v2\/media\/61891"}],"wp:attachment":[{"href":"https:\/\/bihavadis.com\/index.php\/wp-json\/wp\/v2\/media?parent=61890"}],"wp:term":[{"taxonomy":"category","embeddable":true,"href":"https:\/\/bihavadis.com\/index.php\/wp-json\/wp\/v2\/categories?post=61890"},{"taxonomy":"post_tag","embeddable":true,"href":"https:\/\/bihavadis.com\/index.php\/wp-json\/wp\/v2\/tags?post=61890"}],"curies":[{"name":"wp","href":"https:\/\/api.w.org\/{rel}","templated":true}]}}