{"id":61896,"date":"2026-03-05T22:51:07","date_gmt":"2026-03-05T22:51:07","guid":{"rendered":"https:\/\/bihavadis.com\/?p=61896"},"modified":"2026-03-05T22:51:07","modified_gmt":"2026-03-05T22:51:07","slug":"iranda-silahli-5-kurt-orgutu-ittifak-karari-aldi-amac-rejimi-devirmek","status":"publish","type":"post","link":"https:\/\/bihavadis.com\/index.php\/2026\/03\/05\/iranda-silahli-5-kurt-orgutu-ittifak-karari-aldi-amac-rejimi-devirmek\/","title":{"rendered":"\u0130ran&#8217;da silahl\u0131 5 K\u00fcrt \u00f6rg\u00fct\u00fc ittifak karar\u0131 ald\u0131: Ama\u00e7 rejimi devirmek"},"content":{"rendered":"<p>\u0130ran&#8217;da i\u015fler kar\u0131\u015f\u0131yor&#8230;<\/p>\n<p>ABD ile ya\u015fanan sorunlar nedeniyle \u00fclkede ciddi bir belirsizlik ya\u015fan\u0131rken h\u00fck\u00fcmet aleyhine protestolar da devam ediyor.\u00a0\u00a0<\/p>\n<p>\u00dclkede\u00a0ulusal para birimi riyalin de\u011fer kaybetmesiyle 28 Aral\u0131k 2025&#8217;te ba\u015f g\u00f6steren g\u00f6steriler nedeniyle \u00e7ok say\u0131da \u0130ranl\u0131 ya\u015fam\u0131n\u0131 yitirdi.\u00a0<\/p>\n<p><strong>S\u0130LAHLI K\u00dcRT \u00d6RG\u00dcTLER\u0130NDEN \u0130TT\u0130FAK<\/strong><\/p>\n<p>\u00dclkede ya\u015fanan gerilim g\u00fcnden g\u00fcne artarken dikkat \u00e7eken bir geli\u015fme ya\u015fand\u0131.\u00a0<\/p>\n<p>\u0130ran\u2019da faaliyet g\u00f6steren silahl\u0131 5 K\u00fcrt \u00f6rg\u00fct\u00fc, ittifak karar\u0131 ald\u0131.<\/p>\n<p><img decoding=\"async\" src=\"https:\/\/bihavadis.com\/wp-content\/uploads\/2026\/03\/iranda-silahli-5-kurt-orgutu-ittifak-karari-aldi-amac-rejimi-devirmek-0-TJYaZ6I4.jpg\"\/><\/p>\n<p><strong>HANG\u0130 \u00d6RG\u00dcTLER YER ALIYOR<\/strong><\/p>\n<p>Kurulan yeni ittifakta yer alan \u00f6rg\u00fctler aras\u0131nda <em><b>\u0130ran K\u00fcrdistan Demokrat Partisi (KDP-\u0130)<\/b><\/em>,\u00a0<em><b>K\u00fcrdistan \u00d6zg\u00fcr Ya\u015fam Partisi (PJAK)<\/b><\/em>, <em><b>K\u00fcrdistan \u00d6zg\u00fcrl\u00fck Partisi (PAK), K\u00fcrdistan Emek\u00e7iler Toplulu\u011fu (Komele)<\/b><\/em> ve\u00a0<em><b>\u0130ran K\u00fcrdistan\u0131 M\u00fccadele \u00d6rg\u00fct\u00fc\u2019nden (Sazman-\u0131 Xebat)\u0131<\/b><\/em> yer al\u0131yor.\u00a0<\/p>\n<p><img decoding=\"async\" src=\"https:\/\/bihavadis.com\/wp-content\/uploads\/2026\/03\/iranda-silahli-5-kurt-orgutu-ittifak-karari-aldi-amac-rejimi-devirmek-1-L8Eu6j2q.jpg\"\/><\/p>\n<p><strong>T\u00d6REN D\u00dcZENLEND\u0130<\/strong><\/p>\n<p>Her \u00f6rg\u00fctten bir yetkilin kat\u0131l\u0131m\u0131 ile ittifaka ili\u015fkin bir t\u00f6ren d\u00fczenlendi.\u00a0<\/p>\n<p>T\u00f6rende anla\u015fmaya imza at\u0131l\u0131rken bas\u0131n a\u00e7\u0131klamas\u0131 da yap\u0131ld\u0131.\u00a0<\/p>\n<p><img decoding=\"async\" src=\"https:\/\/bihavadis.com\/wp-content\/uploads\/2026\/03\/iranda-silahli-5-kurt-orgutu-ittifak-karari-aldi-amac-rejimi-devirmek-2-m2qfvjkR.jpg\"\/><\/p>\n<p><strong>&#8220;AMACIMIZ REJ\u0130M\u0130N DEVR\u0130LMES\u0130 \u0130\u00c7\u0130N M\u00dcCADELE ETMEKT\u0130R&#8221;<\/strong><\/p>\n<p>Yap\u0131lan a\u00e7\u0131klamada \u015fu ifadeler yer ald\u0131:<\/p>\n<p>Ana hedefimiz \u0130ran \u0130slam Cumhuriyeti\u2019nin devrilmesi i\u00e7in m\u00fccadele etmektir. K\u00fcrtlerin kendi kaderlerini tayin etme hakk\u0131n\u0131n ger\u00e7ekle\u015ftirilmesi ve Rojhilat\u00ea K\u00fcrdistan\u2019da K\u00fcrtlerin ulusal siyasi iradesine dayal\u0131 ulusal ve demokratik bir yap\u0131n\u0131n kurulmas\u0131d\u0131r. <\/p>\n<p>Bu a\u015famada \u0130ran\u2019daki t\u00fcm uluslar\u0131n \u0130slam Cumhuriyeti\u2019ne kar\u015f\u0131 \u00e7abalar\u0131n\u0131 ve protestolar\u0131n\u0131 destekleyece\u011fiz. Demokratik ve kapsaml\u0131 bir d\u00f6n\u00fc\u015f\u00fcm\u00fcn kurulmas\u0131 korunsa da, di\u011fer taraflarla herhangi bir i\u015f birli\u011fi ve ittifak\u0131n temeli, uluslar\u0131n ulusal haklar\u0131n\u0131n tan\u0131nmas\u0131, demokrasinin kabul edilmesi ve her t\u00fcrl\u00fc diktat\u00f6rl\u00fc\u011f\u00fcn reddedilmesi olacakt\u0131r.<\/p>\n<div> <span><strong>Kaynak:<\/strong> Ensonhaber Haber Merkezi<\/span> <\/div>\n","protected":false},"excerpt":{"rendered":"<p>\u0130ran&#8217;da i\u015fler kar\u0131\u015f\u0131yor&#8230; ABD ile ya\u015fanan sorunlar nedeniyle \u00fclkede ciddi bir belirsizlik ya\u015fan\u0131rken h\u00fck\u00fcmet aleyhine protestolar da devam ediyor.\u00a0\u00a0 \u00dclkede\u00a0ulusal para birimi riyalin de\u011fer kaybetmesiyle 28 Aral\u0131k 2025&#8217;te ba\u015f g\u00f6steren g\u00f6steriler &#8230;<\/p>\n","protected":false},"author":1,"featured_media":61897,"comment_status":"open","ping_status":"open","sticky":false,"template":"","format":"standard","meta":{"footnotes":""},"categories":[6],"tags":[271,7269,7268],"class_list":["post-61896","post","type-post","status-publish","format-standard","has-post-thumbnail","hentry","category-dunya","tag-iran","tag-ittifak","tag-kurdistan"],"_links":{"self":[{"href":"https:\/\/bihavadis.com\/index.php\/wp-json\/wp\/v2\/posts\/61896","targetHints":{"allow":["GET"]}}],"collection":[{"href":"https:\/\/bihavadis.com\/index.php\/wp-json\/wp\/v2\/posts"}],"about":[{"href":"https:\/\/bihavadis.com\/index.php\/wp-json\/wp\/v2\/types\/post"}],"author":[{"embeddable":true,"href":"https:\/\/bihavadis.com\/index.php\/wp-json\/wp\/v2\/users\/1"}],"replies":[{"embeddable":true,"href":"https:\/\/bihavadis.com\/index.php\/wp-json\/wp\/v2\/comments?post=61896"}],"version-history":[{"count":1,"href":"https:\/\/bihavadis.com\/index.php\/wp-json\/wp\/v2\/posts\/61896\/revisions"}],"predecessor-version":[{"id":61901,"href":"https:\/\/bihavadis.com\/index.php\/wp-json\/wp\/v2\/posts\/61896\/revisions\/61901"}],"wp:featuredmedia":[{"embeddable":true,"href":"https:\/\/bihavadis.com\/index.php\/wp-json\/wp\/v2\/media\/61897"}],"wp:attachment":[{"href":"https:\/\/bihavadis.com\/index.php\/wp-json\/wp\/v2\/media?parent=61896"}],"wp:term":[{"taxonomy":"category","embeddable":true,"href":"https:\/\/bihavadis.com\/index.php\/wp-json\/wp\/v2\/categories?post=61896"},{"taxonomy":"post_tag","embeddable":true,"href":"https:\/\/bihavadis.com\/index.php\/wp-json\/wp\/v2\/tags?post=61896"}],"curies":[{"name":"wp","href":"https:\/\/api.w.org\/{rel}","templated":true}]}}