{"id":61908,"date":"2026-03-05T23:00:08","date_gmt":"2026-03-05T23:00:08","guid":{"rendered":"https:\/\/bihavadis.com\/?p=61908"},"modified":"2026-03-05T23:00:08","modified_gmt":"2026-03-05T23:00:08","slug":"mehmet-simsek-dolayli-vergilerin-orani-yuzde-66dan-62ye-dustu","status":"publish","type":"post","link":"https:\/\/bihavadis.com\/index.php\/2026\/03\/05\/mehmet-simsek-dolayli-vergilerin-orani-yuzde-66dan-62ye-dustu\/","title":{"rendered":"Mehmet \u015eim\u015fek: Dolayl\u0131 vergilerin oran\u0131 y\u00fczde 66&#8217;dan 62&#8217;ye d\u00fc\u015ft\u00fc"},"content":{"rendered":"<p>Hazine ve Maliye Bakan\u0131 Mehmet \u015eim\u015fek, Hazine ve Maliye Bakanl\u0131\u011f\u0131 Konferans Salonu&#8217;nda <b><em>&#8220;37. Vergi Haftas\u0131&#8221; <\/em><\/b>dolay\u0131s\u0131yla d\u00fczenlenen etkinli\u011fe kat\u0131ld\u0131.<\/p>\n<p>Mehmet \u015eim\u015fek, burada yapt\u0131\u011f\u0131 konu\u015fmada, verginin devletin g\u00fcc\u00fcn\u00fcn, kamu hizmetlerinde s\u00fcreklili\u011fin, kalitenin, toplumsal adaletin teminat\u0131 ve \u00fclkenin gelece\u011fi oldu\u011funu s\u00f6yledi.<\/p>\n<p>\u015eim\u015fek, gelir politikalar\u0131nda adalet ve etkinli\u011fi \u00f6nemsediklerini belirterek, <b><em>&#8220;Toplumdaki alg\u0131n\u0131n aksine, program d\u00f6neminde vergi harcamalar\u0131n\u0131 azaltt\u0131k, etkin olmayanlar\u0131 g\u00f6zden ge\u00e7irdik, vergi harcamalar\u0131n\u0131 milli gelire oranla d\u00fc\u015f\u00fcrd\u00fck. Uzun s\u00fcredir y\u00fcksek seyreden dolayl\u0131 vergilerin toplam vergiler i\u00e7erisindeki pay\u0131n\u0131 y\u00fczde 66&#8217;dan y\u00fczde 62&#8217;ye indirdik.&#8221;<\/em><\/b> dedi.<\/p>\n<p><strong>&#8220;KAMU MAL\u0130YES\u0130N\u0130N DENGEL\u0130 OLMASI \u00d6NEML\u0130&#8221;<\/strong><\/p>\n<p>T\u00fcrkiye&#8217;nin zor bir co\u011frafyada ve konjonkt\u00fcrde oldu\u011funa dikkati \u00e7eken \u015eim\u015fek, b\u00f6ylesi d\u00f6nemde kamu maliyesinin dengeli, s\u00fcrd\u00fcr\u00fclebilir \u015fekilde olmas\u0131, harcamalar\u0131n a\u011f\u0131rl\u0131kl\u0131 olarak vergi gelirleriyle finanse edilmesinin de\u011ferli oldu\u011funu dile getirdi.<\/p>\n<p><strong>&#8220;B\u00dcT\u00c7E A\u00c7I\u011eINI Y\u00dcZDE 3&#8217;\u00dcN ALTINA \u00c7EKT\u0130K&#8221;<\/strong><\/p>\n<p>\u015eim\u015fek, ge\u00e7en y\u0131l \u00e7ok g\u00fc\u00e7l\u00fc performans ortaya koyduklar\u0131na i\u015faret ederek, &#8220;<b><em>B\u00fct\u00e7e a\u00e7\u0131\u011f\u0131n\u0131, deprem harcamalar\u0131na ve daha \u00f6nceden uygulamaya koydu\u011fumuz erken emeklilik sistemine ra\u011fmen milli gelire oran olarak y\u00fczde 3&#8217;\u00fcn alt\u0131na \u00e7ekme performans\u0131n\u0131 g\u00f6sterdik. B\u00fct\u00e7e a\u00e7\u0131\u011f\u0131n\u0131n y\u00fczde 3&#8217;\u00fcn alt\u0131nda olmas\u0131 \u00fclkemiz ve s\u00fcrd\u00fcr\u00fclebilirlik a\u00e7\u0131s\u0131ndan \u00f6nemli e\u015fik.&#8221;<\/em><\/b> diye konu\u015ftu.<\/p>\n<p><img decoding=\"async\" src=\"https:\/\/bihavadis.com\/wp-content\/uploads\/2026\/03\/mehmet-simsek-dolayli-vergilerin-orani-yuzde-66dan-62ye-dustu-0-4nN5uIJi.jpg\"\/><\/p>\n<p><strong>&#8220;TOPLUMDAK\u0130 ALGININ AKS\u0130NE VERG\u0130 HARCAMALARINI AZALTTIK&#8221;<\/strong><\/p>\n<p>Ge\u00e7en sene ola\u011fan\u00fcst\u00fc \u00e7aba g\u00f6sterildi\u011fini, bunun da devam\u0131n\u0131n kendileri i\u00e7in kritik oldu\u011funu ifade eden \u015eim\u015fek, \u015fu de\u011ferlendirmede bulundu:<\/p>\n<p>Gelir politikalar\u0131m\u0131zda adalet ve etkinli\u011fi \u00f6nemsiyoruz. Toplumdaki alg\u0131n\u0131n aksine program d\u00f6neminde vergi harcamalar\u0131n\u0131 azaltt\u0131k, etkin olmayanlar\u0131 g\u00f6zden ge\u00e7irdik, vergi harcamalar\u0131n\u0131 milli gelire oranla d\u00fc\u015f\u00fcrd\u00fck. Uzun s\u00fcredir y\u00fcksek seyreden dolayl\u0131 vergilerin toplam vergiler i\u00e7indeki pay\u0131n\u0131 y\u00fczde 66&#8217;dan y\u00fczde 62&#8217;ye indirdik.<\/p>\n<p><strong>VERG\u0130 HARCAMALARININ M\u0130LL\u0130 GEL\u0130R \u0130\u00c7\u0130NDEK\u0130 PAYI<\/strong><\/p>\n<p>Vergilere y\u00f6nelik d\u00fczenlemelere ili\u015fkin bilgi veren \u015eim\u015fek,\u00a02023&#8217;te\u00a0y\u00fczde 6,5\u00a0olan vergi harcamalar\u0131n\u0131n milli gelir i\u00e7indeki pay\u0131n\u0131n ge\u00e7en sene\u00a0y\u00fczde 5,1&#8217;e d\u00fc\u015ft\u00fc\u011f\u00fcn\u00fc, Orta Vadeli Program (OVP) d\u00f6nemi sonunda\u00a0y\u00fczde 4,1\u00a0veya alt\u0131na \u00e7ekmeyi hedeflediklerini bildirdi.<\/p>\n<p><strong>&#8220;GEL\u0130R VERG\u0130S\u0130 M\u00dcKELLEF SAYISI 6,2 M\u0130LYONU A\u015eTI&#8221;<\/strong><\/p>\n<p>Kay\u0131t d\u0131\u015f\u0131l\u0131kla m\u00fccadelede de somut sonu\u00e7lar ald\u0131klar\u0131n\u0131 vurgulayan \u015eim\u015fek,\u00a0beyanname\u00a0say\u0131s\u0131ndaki art\u0131\u015f\u0131n bunun en somut g\u00f6stergesi oldu\u011funu s\u00f6yledi. \u015eim\u015fek,\u00a02022&#8217;de\u00a03,8 milyon\u00a0olan gelir vergisi beyanname say\u0131s\u0131n\u0131n\u00a02024&#8217;te\u00a05 milyonun\u00a0\u00fczerine \u00e7\u0131kt\u0131\u011f\u0131 bilgisini verdi.<\/p>\n<p><strong>473 B\u0130N M\u00dcKELLEF \u0130LK KEZ BEYAN VERD\u0130<\/strong><\/p>\n<p>2025&#8217;te\u00a0473 bin\u00a0m\u00fckellefin ilk kez beyanname verdi\u011fine dikkati \u00e7eken \u015eim\u015fek, <b>&#8220;Yar\u0131m milyona yak\u0131n ki\u015fi ilk defa beyanname verdi. Bu program d\u00f6neminde beyana dayal\u0131 vergiler d\u00fc\u015fen enflasyona ra\u011fmen her sene iki kat\u0131na \u00e7\u0131kt\u0131. Gelir vergisi m\u00fckellef say\u0131s\u0131 6,2 milyonu a\u015ft\u0131.&#8221; <\/b>dedi.<\/p>\n<p>\u015eim\u015fek, denetimde etkinli\u011fin de b\u00fcy\u00fck katk\u0131 sa\u011flad\u0131\u011f\u0131n\u0131 belirterek,\u00a0tahsilatta disiplinin\u00a0b\u00fct\u00e7e performans\u0131nda \u00f6nemli rol oynad\u0131\u011f\u0131n\u0131 dile getirdi.<\/p>\n<p>2\u00a0y\u0131ll\u0131k faiz d\u0131\u015f\u0131 a\u00e7\u0131ktan sonra ge\u00e7en sene s\u0131n\u0131rl\u0131 da olsa faiz d\u0131\u015f\u0131 fazlaya ge\u00e7ildi\u011fine i\u015faret eden \u015eim\u015fek, bunun gelecek y\u0131llarda faiz giderlerinin b\u00fct\u00e7e i\u00e7indeki pay\u0131n\u0131 s\u0131n\u0131rlayacak \u00f6nemli e\u015fik oldu\u011funu vurgulad\u0131.<\/p>\n<p><strong>&#8220;HEP B\u0130RL\u0130KTE DAHA \u0130Y\u0130S\u0130N\u0130 BA\u015eARACA\u011eIZ&#8221;<\/strong><\/p>\n<p>\u015eim\u015fek, Orta Vadeli Program\u00a0 hedeflerine de\u011finerek, \u015f\u00f6yle konu\u015ftu:<\/p>\n<p>&#8220;OVP hedeflerimiz iddial\u0131 ama ben inan\u0131yorum ki hep birlikte \u00e7ok daha iyisini ba\u015faraca\u011f\u0131z. Bizim beklentimiz 2026 ve sonras\u0131nda da OVP hedeflerini sadece tutturmak de\u011fil, daha g\u00fc\u00e7l\u00fc bir performans ortaya koymakt\u0131r. Bu mevcut performans\u0131n \u00f6tesine ge\u00e7memizi, \u00e7\u0131tay\u0131 bir miktar daha yukar\u0131 \u00e7ekmemizi bekliyorum.&#8221;<\/p>\n<p>Dijital d\u00f6n\u00fc\u015f\u00fcme de dikkati \u00e7eken \u015eim\u015fek, yapay zekan\u0131n b\u00fct\u00fcn alanlarda verimlili\u011fi art\u0131racak \u015fekilde devreye al\u0131nmas\u0131n\u0131n \u00f6nem ta\u015f\u0131d\u0131\u011f\u0131n\u0131 anlatt\u0131. \u015eim\u015fek,\u00a0denetimden tahsilata\u00a0bir\u00e7ok s\u00fcrecin\u00a0algoritmalarla\u00a0desteklenmesi gerekti\u011fini ifade ederek,\u00a0kay\u0131t d\u0131\u015f\u0131l\u0131kla\u00a0m\u00fccadelede de mevcut algoritmalar\u0131n iyile\u015ftirilmesi, otomasyon s\u00fcre\u00e7lerinin daha ileri a\u015famaya ta\u015f\u0131nmas\u0131 gerekti\u011fini bildirdi.<\/p>\n<p><strong>&#8220;MAL\u0130YEN\u0130N KORKUTAN DE\u011e\u0130L, YOL G\u00d6STEREN Y\u00dcZLER\u0130 OLACAKSINIZ&#8221;<\/strong><\/p>\n<p>M\u00fckellefe sayg\u0131, m\u00fckellefle yap\u0131c\u0131 diyalog ve rehberli\u011fin esas oldu\u011funu vurgulayan \u015eim\u015fek,\u00a0<b><em>&#8220;Maliyenin korkutan de\u011fil, adil, g\u00fc\u00e7l\u00fc ve yol g\u00f6steren y\u00fczleri olacaks\u0131n\u0131z.&#8221;<\/em><\/b> diye konu\u015ftu.<\/p>\n<div> <span><strong>Kaynak:<\/strong> Ensonhaber Haber Merkezi<\/span> <\/div>\n","protected":false},"excerpt":{"rendered":"<p>Hazine ve Maliye Bakan\u0131 Mehmet \u015eim\u015fek, Hazine ve Maliye Bakanl\u0131\u011f\u0131 Konferans Salonu&#8217;nda &#8220;37. Vergi Haftas\u0131&#8221; dolay\u0131s\u0131yla d\u00fczenlenen etkinli\u011fe kat\u0131ld\u0131. Mehmet \u015eim\u015fek, burada yapt\u0131\u011f\u0131 konu\u015fmada, verginin devletin g\u00fcc\u00fcn\u00fcn, kamu hizmetlerinde s\u00fcreklili\u011fin &#8230;<\/p>\n","protected":false},"author":1,"featured_media":61909,"comment_status":"open","ping_status":"open","sticky":false,"template":"","format":"standard","meta":{"footnotes":""},"categories":[8],"tags":[5759,4389,1664,943,765],"class_list":["post-61908","post","type-post","status-publish","format-standard","has-post-thumbnail","hentry","category-ekonomi","tag-etkin","tag-mukellef","tag-onem","tag-simsek","tag-vergi"],"_links":{"self":[{"href":"https:\/\/bihavadis.com\/index.php\/wp-json\/wp\/v2\/posts\/61908","targetHints":{"allow":["GET"]}}],"collection":[{"href":"https:\/\/bihavadis.com\/index.php\/wp-json\/wp\/v2\/posts"}],"about":[{"href":"https:\/\/bihavadis.com\/index.php\/wp-json\/wp\/v2\/types\/post"}],"author":[{"embeddable":true,"href":"https:\/\/bihavadis.com\/index.php\/wp-json\/wp\/v2\/users\/1"}],"replies":[{"embeddable":true,"href":"https:\/\/bihavadis.com\/index.php\/wp-json\/wp\/v2\/comments?post=61908"}],"version-history":[{"count":1,"href":"https:\/\/bihavadis.com\/index.php\/wp-json\/wp\/v2\/posts\/61908\/revisions"}],"predecessor-version":[{"id":61911,"href":"https:\/\/bihavadis.com\/index.php\/wp-json\/wp\/v2\/posts\/61908\/revisions\/61911"}],"wp:featuredmedia":[{"embeddable":true,"href":"https:\/\/bihavadis.com\/index.php\/wp-json\/wp\/v2\/media\/61909"}],"wp:attachment":[{"href":"https:\/\/bihavadis.com\/index.php\/wp-json\/wp\/v2\/media?parent=61908"}],"wp:term":[{"taxonomy":"category","embeddable":true,"href":"https:\/\/bihavadis.com\/index.php\/wp-json\/wp\/v2\/categories?post=61908"},{"taxonomy":"post_tag","embeddable":true,"href":"https:\/\/bihavadis.com\/index.php\/wp-json\/wp\/v2\/tags?post=61908"}],"curies":[{"name":"wp","href":"https:\/\/api.w.org\/{rel}","templated":true}]}}