{"id":62002,"date":"2026-03-06T00:21:11","date_gmt":"2026-03-06T00:21:11","guid":{"rendered":"https:\/\/bihavadis.com\/?p=62002"},"modified":"2026-03-06T00:21:11","modified_gmt":"2026-03-06T00:21:11","slug":"cezaevi-goruntuleri-paylasildi-birkac-gun-sonra-konustugunda-ortalik-karisacak","status":"publish","type":"post","link":"https:\/\/bihavadis.com\/index.php\/2026\/03\/06\/cezaevi-goruntuleri-paylasildi-birkac-gun-sonra-konustugunda-ortalik-karisacak\/","title":{"rendered":"Cezaevi g\u00f6r\u00fcnt\u00fcleri payla\u015f\u0131ld\u0131! Birka\u00e7 g\u00fcn sonra konu\u015ftu\u011funda ortal\u0131k kar\u0131\u015facak"},"content":{"rendered":"<p>Pedofili sap\u0131k Jeffrey Epstein&#8217;\u0131n orta\u011f\u0131 olarak bilinen ve 2021&#8217;de re\u015fit olmayan \u00e7ocuklara y\u00f6nelik cinsel istismar a\u011f\u0131n\u0131 y\u00f6nettikleri su\u00e7lamas\u0131yla 20 y\u0131l hapis cezas\u0131na \u00e7arpt\u0131r\u0131lan Ghislaine Maxwell&#8217;in cezaevindeki g\u00fcnl\u00fck ya\u015fam\u0131na ait g\u00f6r\u00fcnt\u00fcler kamuoyunun eri\u015fimine a\u00e7\u0131ld\u0131. <\/p>\n<p><b>10 SAATL\u0130K G\u00d6R\u00dcNT\u00dcLER\u0130 PAYLA\u015eILDI<\/b><\/p>\n<p>Yeni yay\u0131mlanan yakla\u015f\u0131k 10 saatlik kamera kay\u0131tlar\u0131, Maxwell&#8217;in Brooklyn Metropolitan Tutukevi&#8217;ndeki h\u00fccresinde s\u0131radan aktivitelerini ve mahkum ya\u015fam\u0131n\u0131 g\u00f6steriyor; g\u00f6r\u00fcnt\u00fcler aras\u0131nda Maxwell&#8217;in temel g\u00fcnl\u00fck rutinine dair kareler bulunuyor. Bu g\u00f6r\u00fcnt\u00fcler, ABD Adalet Bakanl\u0131\u011f\u0131&#8217;n\u0131n Epstein Dosyalar\u0131 \u015eeffafl\u0131k Yasas\u0131 (Epstein Files Transparency Act) kapsam\u0131nda milyonlarca belge, foto\u011fraf ve video dahil olmak \u00fczere skandala ili\u015fkin ar\u015fivin b\u00fcy\u00fck bir b\u00f6l\u00fcm\u00fcn\u00fc a\u00e7mas\u0131n\u0131n ard\u0131ndan geldi. Yasa, Epstein ve Maxwell&#8217;e ili\u015fkin t\u00fcm belgelerin kamuya a\u00e7\u0131klanmas\u0131n\u0131 zorunlu k\u0131l\u0131yor; ancak bu a\u00e7\u0131klamalar baz\u0131 kay\u0131tlar\u0131n eksik ya da sans\u00fcrl\u00fc olmas\u0131 nedeniyle ele\u015ftiri konusu oldu.<\/p>\n<div>\n<figure><img decoding=\"async\" src=\"https:\/\/bihavadis.com\/wp-content\/uploads\/2026\/03\/cezaevi-goruntuleri-paylasildi-birkac-gun-sonra-konustugunda-ortalik-karisacak-0-Bvz5EQIw.jpg\"\/><\/figure>\n<\/div>\n<p><b>ABD KONGRES\u0130&#8217;NDE \u0130FADE VERECEK<\/b><\/p>\n<p>Maxwell \u015fu anda Teksas&#8217;ta hapis cezas\u0131n\u0131 \u00e7ekiyor ve yakla\u015fan haftalarda ABD Kongresi&#8217;ne ifade vermesi bekleniyor. Temsilciler Meclisi Denetim ve H\u00fck\u00fcmet Reformu Komitesi&#8217;ne yap\u0131lacak bu ifade, Maxwell&#8217;in Epstein a\u011f\u0131yla ba\u011flant\u0131lar\u0131na, skandala dair bilinmeyen detaylara ve dosyalar\u0131n ele al\u0131n\u0131\u015f bi\u00e7imine \u0131\u015f\u0131k tutmas\u0131 a\u00e7\u0131s\u0131ndan b\u00fcy\u00fck \u00f6nem ta\u015f\u0131yor. Ancak yetkililer, Maxwell&#8217;in hukuki dokunulmazl\u0131k sa\u011flanmad\u0131\u011f\u0131 s\u00fcrece susma hakk\u0131n\u0131 kullanmas\u0131n\u0131n muhtemel oldu\u011funu belirtiyor.<\/p>\n<div>\n<figure><img decoding=\"async\" src=\"https:\/\/bihavadis.com\/wp-content\/uploads\/2026\/03\/cezaevi-goruntuleri-paylasildi-birkac-gun-sonra-konustugunda-ortalik-karisacak-1-A92PrAGg.jpg\"\/><\/figure>\n<\/div>\n<p>Bu yeni g\u00f6r\u00fcnt\u00fcler ve dosya yay\u0131nlar\u0131, Epstein dosyas\u0131n\u0131n tamam\u0131n\u0131n a\u00e7\u0131klan\u0131p a\u00e7\u0131klanmad\u0131\u011f\u0131 ve ar\u015fivde halka kapal\u0131 b\u0131rak\u0131lan materyallerin kapsam\u0131 konusunda tart\u0131\u015fmalar\u0131 k\u00f6r\u00fckl\u00fcyor. Bir sivil hak savunucusu \u00f6rg\u00fct, Adalet Bakanl\u0131\u011f\u0131&#8217;n\u0131n halen \u00fcst d\u00fczey yetkililerle ilgili kritik ileti\u015fimleri payla\u015fmad\u0131\u011f\u0131n\u0131 iddia ederek yasal bir denetim \u00e7a\u011fr\u0131s\u0131nda bulundu.<\/p>\n<div>\n<figure><img decoding=\"async\" src=\"https:\/\/bihavadis.com\/wp-content\/uploads\/2026\/03\/cezaevi-goruntuleri-paylasildi-birkac-gun-sonra-konustugunda-ortalik-karisacak-2-28NrHFHW.jpg\"\/><\/figure>\n<\/div>\n<p><b>ANLATACAKLARI D\u00dcNYAYI SARSAB\u0130L\u0130R<\/b><\/p>\n<p>D\u0131\u015f bas\u0131nda yorumlar, bu geli\u015fmelerin skandal\u0131n hala merkezinde yer alan isimlerin rollerini yeniden de\u011ferlendirmeye ve Maxwell&#8217;in ifadesiyle birlikte konuya yeni bir boyut kazand\u0131rabilece\u011fine dikkat \u00e7ekiyor. Ayr\u0131ca yay\u0131mlanan dosyalar\u0131n b\u00fcy\u00fck \u00e7o\u011funlu\u011funun a\u011f\u0131r sans\u00fcrlenmi\u015f olmas\u0131, kamuoyunda tam \u015feffafl\u0131k sa\u011flan\u0131p sa\u011flanmad\u0131\u011f\u0131 konusunda \u015f\u00fcpheleri art\u0131r\u0131yor.<\/p>\n","protected":false},"excerpt":{"rendered":"<p>Sap\u0131k milyarder Jeffrey Epstein&#8217;\u0131n yan\u0131ndan hi\u00e7 ay\u0131rmad\u0131\u011f\u0131 ve orta\u011f\u0131 olarak bilinen Ghislaine Maxwell&#8217;in cezaevi h\u00fccresine ait 10 saatlik kamera g\u00f6r\u00fcnt\u00fcleri payla\u015f\u0131ld\u0131. Birka\u00e7 g\u00fcn sonra ABD Kongresi&#8217;nde ifade vermesi beklenen Maxwell&#8217;in a\u00e7\u0131klamalar\u0131 d\u00fcnyay\u0131 derinden sarsabilir. \u00c7\u00fcnk\u00fc Maxwell, Epstein dosyas\u0131nda hayatta kalan ve tam olarak ne ya\u015fand\u0131\u011f\u0131n\u0131 bilen kilit isimlerden biri.<\/p>\n","protected":false},"author":1,"featured_media":62003,"comment_status":"open","ping_status":"open","sticky":false,"template":"","format":"standard","meta":{"footnotes":""},"categories":[6],"tags":[6201,2183,2548],"class_list":["post-62002","post","type-post","status-publish","format-standard","has-post-thumbnail","hentry","category-dunya","tag-dosya","tag-epstein","tag-goruntuler"],"_links":{"self":[{"href":"https:\/\/bihavadis.com\/index.php\/wp-json\/wp\/v2\/posts\/62002","targetHints":{"allow":["GET"]}}],"collection":[{"href":"https:\/\/bihavadis.com\/index.php\/wp-json\/wp\/v2\/posts"}],"about":[{"href":"https:\/\/bihavadis.com\/index.php\/wp-json\/wp\/v2\/types\/post"}],"author":[{"embeddable":true,"href":"https:\/\/bihavadis.com\/index.php\/wp-json\/wp\/v2\/users\/1"}],"replies":[{"embeddable":true,"href":"https:\/\/bihavadis.com\/index.php\/wp-json\/wp\/v2\/comments?post=62002"}],"version-history":[{"count":1,"href":"https:\/\/bihavadis.com\/index.php\/wp-json\/wp\/v2\/posts\/62002\/revisions"}],"predecessor-version":[{"id":62007,"href":"https:\/\/bihavadis.com\/index.php\/wp-json\/wp\/v2\/posts\/62002\/revisions\/62007"}],"wp:featuredmedia":[{"embeddable":true,"href":"https:\/\/bihavadis.com\/index.php\/wp-json\/wp\/v2\/media\/62003"}],"wp:attachment":[{"href":"https:\/\/bihavadis.com\/index.php\/wp-json\/wp\/v2\/media?parent=62002"}],"wp:term":[{"taxonomy":"category","embeddable":true,"href":"https:\/\/bihavadis.com\/index.php\/wp-json\/wp\/v2\/categories?post=62002"},{"taxonomy":"post_tag","embeddable":true,"href":"https:\/\/bihavadis.com\/index.php\/wp-json\/wp\/v2\/tags?post=62002"}],"curies":[{"name":"wp","href":"https:\/\/api.w.org\/{rel}","templated":true}]}}