{"id":62022,"date":"2026-03-06T00:36:12","date_gmt":"2026-03-06T00:36:12","guid":{"rendered":"https:\/\/bihavadis.com\/?p=62022"},"modified":"2026-03-06T00:36:12","modified_gmt":"2026-03-06T00:36:12","slug":"amasrada-heyelan-3-evde-catlaklar","status":"publish","type":"post","link":"https:\/\/bihavadis.com\/index.php\/2026\/03\/06\/amasrada-heyelan-3-evde-catlaklar\/","title":{"rendered":"Amasra&#8217;da Heyelan: 3 Evde \u00c7atlaklar"},"content":{"rendered":"<p> Bart\u0131n&#8217;\u0131n Amasra il\u00e7esinde heyelan sonucu 3 evde \u00e7atlaklar meydana geldi.<\/p>\n<p>\u00c7anak\u00e7\u0131lar k\u00f6y\u00fc Kestanelik Mahallesi&#8217;nde karlar\u0131n erimesi ve sa\u011fanak sonucu k\u00f6y meydan\u0131ndan ge\u00e7en yol ve tarlada toprak kaymas\u0131 ya\u015fand\u0131.<\/p>\n<p>\u0130hbar \u00fczerine k\u00f6ye gelen AFAD \u0130l M\u00fcd\u00fcrl\u00fc\u011f\u00fc ve \u0130l \u00d6zel \u0130daresi ekipleri, b\u00f6lgede incelemelerde bulundu.<\/p>\n<p>Beton yolda olu\u015fan \u00e7atlaklar\u0131n yan\u0131 s\u0131ra yol kenar\u0131ndaki 3 evin zemin ve duvarlar\u0131nda da \u00e7atlaklar meydana geldi.<\/p>\n<p>Ekiplerin b\u00f6lgede bulunan evlerdeki taramalar\u0131 ve risk olu\u015fup olu\u015fmad\u0131\u011f\u0131na dair teknik incelemesi s\u00fcr\u00fcyor.<\/p>\n<p>K\u00f6y sakinlerinden Volkan Yamaner, yo\u011fun ya\u011f\u0131\u015f\u0131n ard\u0131ndan kar \u00f6rt\u00fcs\u00fcn\u00fcn kalkmas\u0131yla evlerinin bulundu\u011fu bah\u00e7ede toprak kaymas\u0131n\u0131 g\u00f6rd\u00fcklerini s\u00f6yledi.<\/p>\n<p>Kayman\u0131n devam etmesiyle evlerinin temel ve duvarlar\u0131nda \u00e7atlaklar olu\u015ftu\u011funu anlatan Yamaner, &#8220;Oturdu\u011fum ev, ek binan\u0131n biti\u015fi\u011finden ayr\u0131lm\u0131\u015f. Yolda da b\u00fcy\u00fck \u00e7atlaklar var ve halen devam ediyor. AFAD ekipleri geldi, inceleme yapt\u0131lar. Ne olacak biz de bekliyoruz. Bah\u00e7ede kaymalar \u00e7ok b\u00fcy\u00fck. Her kayma ya\u015fand\u0131\u011f\u0131nda tu\u011flalardaki \u00e7atlama sesleri geliyor ve endi\u015feleniyoruz.&#8221; diye konu\u015ftu.<\/p>\n","protected":false},"excerpt":{"rendered":"<p>Bart\u0131n&#8217;\u0131n Amasra il\u00e7esinde heyelan nedeniyle 3 evde \u00e7atlaklar olu\u015ftu. AFAD inceleme yap\u0131yor.<\/p>\n","protected":false},"author":1,"featured_media":62023,"comment_status":"open","ping_status":"open","sticky":false,"template":"","format":"standard","meta":{"footnotes":""},"categories":[9,4,13],"tags":[7284,7265],"class_list":["post-62022","post","type-post","status-publish","format-standard","has-post-thumbnail","hentry","category-genel","category-gundem","category-son-dakika","tag-catlaklar","tag-kayma"],"_links":{"self":[{"href":"https:\/\/bihavadis.com\/index.php\/wp-json\/wp\/v2\/posts\/62022","targetHints":{"allow":["GET"]}}],"collection":[{"href":"https:\/\/bihavadis.com\/index.php\/wp-json\/wp\/v2\/posts"}],"about":[{"href":"https:\/\/bihavadis.com\/index.php\/wp-json\/wp\/v2\/types\/post"}],"author":[{"embeddable":true,"href":"https:\/\/bihavadis.com\/index.php\/wp-json\/wp\/v2\/users\/1"}],"replies":[{"embeddable":true,"href":"https:\/\/bihavadis.com\/index.php\/wp-json\/wp\/v2\/comments?post=62022"}],"version-history":[{"count":1,"href":"https:\/\/bihavadis.com\/index.php\/wp-json\/wp\/v2\/posts\/62022\/revisions"}],"predecessor-version":[{"id":62024,"href":"https:\/\/bihavadis.com\/index.php\/wp-json\/wp\/v2\/posts\/62022\/revisions\/62024"}],"wp:featuredmedia":[{"embeddable":true,"href":"https:\/\/bihavadis.com\/index.php\/wp-json\/wp\/v2\/media\/62023"}],"wp:attachment":[{"href":"https:\/\/bihavadis.com\/index.php\/wp-json\/wp\/v2\/media?parent=62022"}],"wp:term":[{"taxonomy":"category","embeddable":true,"href":"https:\/\/bihavadis.com\/index.php\/wp-json\/wp\/v2\/categories?post=62022"},{"taxonomy":"post_tag","embeddable":true,"href":"https:\/\/bihavadis.com\/index.php\/wp-json\/wp\/v2\/tags?post=62022"}],"curies":[{"name":"wp","href":"https:\/\/api.w.org\/{rel}","templated":true}]}}