{"id":62077,"date":"2026-03-06T01:21:06","date_gmt":"2026-03-06T01:21:06","guid":{"rendered":"https:\/\/bihavadis.com\/?p=62077"},"modified":"2026-03-06T01:21:06","modified_gmt":"2026-03-06T01:21:06","slug":"flexis-yeni-bir-asamaya-giriyor-renault-group-projenin-tek-sahibi-oluyor","status":"publish","type":"post","link":"https:\/\/bihavadis.com\/index.php\/2026\/03\/06\/flexis-yeni-bir-asamaya-giriyor-renault-group-projenin-tek-sahibi-oluyor\/","title":{"rendered":"Flexis yeni bir a\u015famaya giriyor:\u2028Renault Group projenin tek sahibi oluyor"},"content":{"rendered":"<p>Anla\u015fma kapsam\u0131nda Renault Group, Flexis\u2019in tamam\u0131n\u0131n sahibi olacak ve proje Fransa merkezli yap\u0131s\u0131n\u0131 koruyarak ilerleyecek. D\u00fczenleyici onaylar\u0131n ard\u0131ndan, serinin ilk modeli Renault Trafic Van E-Tech electric\u2019in \u00fcretiminin 2026 y\u0131l\u0131 sonunda Sandouville fabrikas\u0131nda ba\u015flamas\u0131 planlan\u0131yor. Volvo Group ise hafif ticari ara\u00e7 i\u015f birli\u011finin devam\u0131 olarak arac\u0131 Renault Trucks arac\u0131l\u0131\u011f\u0131yla 2027\u2019den itibaren pazara sunacak.<\/p>\n<p>Renault Group, Volvo Group ve CMA CGM Group, 2024 y\u0131l\u0131nda yeni nesil elektrikli vanlar geli\u015ftirmek amac\u0131yla kurduklar\u0131 ortak giri\u015fim Flexis SAS i\u00e7in ba\u011flay\u0131c\u0131 bir anla\u015fma imzalad\u0131. Bu anla\u015fma kapsam\u0131nda Renault Group, Volvo Group\u2019un y\u00fczde 45 ve CMA CGM Group\u2019un y\u00fczde 10 hissesini devralarak, Flexis\u2019in tamam\u0131n\u0131n sahibi olacak.<\/p>\n<p>B\u00f6ylece Renault Group, en ileri teknolojileri i\u00e7eren tamamen yeni ve tamamen elektrikli hafif ticari ara\u00e7 serisinin geli\u015ftirme s\u00fcrecinin t\u00fcm sorumlulu\u011funu da \u00fcstlenmi\u015f olacak. Bu y\u00f6neti\u015fim de\u011fi\u015fikli\u011fi ise projenin \u00fcr\u00fcn hedeflerinde veya ba\u015flang\u0131\u00e7taki end\u00fcstriyel plan\u0131nda herhangi bir de\u011fi\u015fikli\u011fe yol a\u00e7mayacak. S\u00fcrecin gerekli rekabet onaylar\u0131n\u0131n al\u0131nmas\u0131n\u0131n ard\u0131ndan 2026 y\u0131l\u0131n\u0131n ilk yar\u0131s\u0131n\u0131n sonuna kadar tamamlanmas\u0131 \u00f6ng\u00f6r\u00fcl\u00fcyor. Projenin de\u011feri, 2024\u2019ten bu yana olu\u015fturulan altyap\u0131 ve geli\u015ftirilen teknolojiler sayesinde d\u00fczenli olarak artarken, benzersiz skateboard platformu ise 800V motor ve Yaz\u0131l\u0131m Tan\u0131ml\u0131 Ara\u00e7 (SDV) mimarisi kentsel lojisti\u011fin zorluklar\u0131 ve artan karbon azalt\u0131m ihtiyac\u0131yla g\u00fc\u00e7l\u00fc bir uyum g\u00f6steriyor.<\/p>\n<p><strong>RENAULT TRAF\u0130C VAN E-TECH ELECTR\u0130C \u0130\u00c7\u0130N GER\u0130 SAYIM BA\u015eLADI<\/strong><\/p>\n<p>Renault Group ekipleri, yeni nesil elektrikli Van serisinin geli\u015ftirme \u00e7al\u0131\u015fmalar\u0131n\u0131 s\u00fcrd\u00fcr\u00fcrken, projenin ilk modeli Renault Trafic Van E-Tech electric\u2019in 2026 y\u0131l\u0131n\u0131n sonundan itibaren \u00fcretime girmesi planlan\u0131yor. Projenin geli\u015ftirme s\u00fcrecinde Fransa\u2019daki \u00cele-de-France b\u00f6lgesinde yer alan Renault Group tesislerinde, \u00f6zellikle Guyancourt Technocentre ile Villiers-Saint-Fr\u00e9d\u00e9ric Hafif Ticari Ara\u00e7lar M\u00fckemmeliyet Merkezi\u2019nde yakla\u015f\u0131k 1.300 ki\u015fi g\u00f6rev al\u0131yor. Ara\u00e7lar\u0131n sanayile\u015fme s\u00fcreci ise Normandiya\u2019daki Sandouville fabrikas\u0131nda ilerliyor.<\/p>\n<p>Proje kapsam\u0131nda geli\u015ftirilecek ara\u00e7lar\u0131n da\u011f\u0131t\u0131m\u0131, Renault Group ile Renault Trucks aras\u0131ndaki hafif ticari ara\u00e7lara y\u00f6nelik uzun soluklu i\u015f birli\u011finin devam\u0131 olarak Volvo Group taraf\u0131ndan Renault Trucks arac\u0131l\u0131\u011f\u0131yla 2027 y\u0131l\u0131ndan itibaren ger\u00e7ekle\u015ftirilecek.<\/p>\n<div> <span><strong>Kaynak:<\/strong> Ensonhaber Haber Merkezi<\/span> <\/div>\n","protected":false},"excerpt":{"rendered":"<p>Anla\u015fma kapsam\u0131nda Renault Group, Flexis\u2019in tamam\u0131n\u0131n sahibi olacak ve proje Fransa merkezli yap\u0131s\u0131n\u0131 koruyarak ilerleyecek. D\u00fczenleyici onaylar\u0131n ard\u0131ndan, serinin ilk modeli Renault Trafic Van E-Tech electric\u2019in \u00fcretiminin 2026 y\u0131l\u0131 sonunda &#8230;<\/p>\n","protected":false},"author":1,"featured_media":62078,"comment_status":"open","ping_status":"open","sticky":false,"template":"","format":"standard","meta":{"footnotes":""},"categories":[8],"tags":[581,5945,237,7289,7288],"class_list":["post-62077","post","type-post","status-publish","format-standard","has-post-thumbnail","hentry","category-ekonomi","tag-arac","tag-group","tag-proje","tag-renault","tag-renault-group"],"_links":{"self":[{"href":"https:\/\/bihavadis.com\/index.php\/wp-json\/wp\/v2\/posts\/62077","targetHints":{"allow":["GET"]}}],"collection":[{"href":"https:\/\/bihavadis.com\/index.php\/wp-json\/wp\/v2\/posts"}],"about":[{"href":"https:\/\/bihavadis.com\/index.php\/wp-json\/wp\/v2\/types\/post"}],"author":[{"embeddable":true,"href":"https:\/\/bihavadis.com\/index.php\/wp-json\/wp\/v2\/users\/1"}],"replies":[{"embeddable":true,"href":"https:\/\/bihavadis.com\/index.php\/wp-json\/wp\/v2\/comments?post=62077"}],"version-history":[{"count":1,"href":"https:\/\/bihavadis.com\/index.php\/wp-json\/wp\/v2\/posts\/62077\/revisions"}],"predecessor-version":[{"id":62079,"href":"https:\/\/bihavadis.com\/index.php\/wp-json\/wp\/v2\/posts\/62077\/revisions\/62079"}],"wp:featuredmedia":[{"embeddable":true,"href":"https:\/\/bihavadis.com\/index.php\/wp-json\/wp\/v2\/media\/62078"}],"wp:attachment":[{"href":"https:\/\/bihavadis.com\/index.php\/wp-json\/wp\/v2\/media?parent=62077"}],"wp:term":[{"taxonomy":"category","embeddable":true,"href":"https:\/\/bihavadis.com\/index.php\/wp-json\/wp\/v2\/categories?post=62077"},{"taxonomy":"post_tag","embeddable":true,"href":"https:\/\/bihavadis.com\/index.php\/wp-json\/wp\/v2\/tags?post=62077"}],"curies":[{"name":"wp","href":"https:\/\/api.w.org\/{rel}","templated":true}]}}