{"id":62086,"date":"2026-03-06T01:30:11","date_gmt":"2026-03-06T01:30:11","guid":{"rendered":"https:\/\/bihavadis.com\/?p=62086"},"modified":"2026-03-06T01:30:11","modified_gmt":"2026-03-06T01:30:11","slug":"gaziantepte-depremde-kaybedilenler-anildi","status":"publish","type":"post","link":"https:\/\/bihavadis.com\/index.php\/2026\/03\/06\/gaziantepte-depremde-kaybedilenler-anildi\/","title":{"rendered":"Gaziantep&#8217;te Depremde Kaybedilenler An\u0131ld\u0131"},"content":{"rendered":"<p> Kahramanmara\u015f merkezli 6 \u015eubat 2023&#8217;te ya\u015fanan depremlerden etkilenen Gaziantep&#8217;te, afette hayat\u0131n\u0131 kaybedenler kabirleri ba\u015f\u0131nda an\u0131ld\u0131.<\/p>\n<p>Gaziantep Valili\u011fince Ye\u015filkent Mezarl\u0131\u011f\u0131&#8217;nda d\u00fczenlenen programda Kur&#8217;an-\u0131 Kerim okundu, dua edildi.<\/p>\n<p>Vali Kemal \u00c7eber ve beraberindekiler, kabirlere karanfil b\u0131rakt\u0131, yak\u0131nlar\u0131n\u0131 kaybedenlere ba\u015fsa\u011fl\u0131\u011f\u0131 diledi.<\/p>\n<p>\u00c7eber, kabirleri ziyareti sonras\u0131nda gazetecilere yapt\u0131\u011f\u0131 a\u00e7\u0131klamada, \u00e7ok \u00fczg\u00fcn oldu\u011funu belirtti.<\/p>\n<p>Deprem sonras\u0131nda yepyeni \u015fehirlerin, her t\u00fcrl\u00fc altyap\u0131n\u0131n, okullar\u0131n, sa\u011fl\u0131k ocaklar\u0131n\u0131n yap\u0131ld\u0131\u011f\u0131n\u0131 dile getiren \u00c7eber, \u015f\u00f6yle konu\u015ftu: <\/p>\n<p>&#8220;Bu ac\u0131yla beraber ne kadar b\u00fcy\u00fck devlet ne kadar asil bir millet oldu\u011fumuzu da bu vesileyle g\u00f6r\u00fcyoruz ama ne yaparsak yapal\u0131m hayatlar\u0131n\u0131 kaybeden vatanda\u015flar\u0131m\u0131zdan birini bile geri getiremeyiz. H\u00fczn\u00fcm\u00fcz bundan, yoksa ilgili b\u00fct\u00fcn kurumlar\u0131m\u0131z depremin oldu\u011fu ilk andan itibaren hem ac\u0131lar\u0131 payla\u015ft\u0131k, hem de nas\u0131l d\u00fczeltebiliriz diye her \u015feyin \u00fczerine gittik. Fiziken t\u00fcm d\u00fcnyan\u0131n hayret etti\u011fi d\u00fczeyde d\u00fczelme sa\u011flad\u0131k. Sonuna geldik ama her 6 \u015eubat&#8217;ta ac\u0131lar\u0131m\u0131z tazeleniyor. Kabristanl\u0131\u011f\u0131 gezerken hep akl\u0131ma geliyor, do\u011fum tarihi hepsinin farkl\u0131, kimi \u00e7ocuk, kimi gen\u00e7, kimi ya\u015fl\u0131. Bir s\u00fcr\u00fc farkl\u0131 do\u011fum tarihleri ama vefat tarihleri hep ayn\u0131, 6 \u015eubat. \u00dc\u00e7 y\u0131l \u00f6nce t\u00fcm deprem b\u00f6lgesinde 54 bin, 3 bin 926 da Gaziantep&#8217;te can\u0131m\u0131z\u0131, karde\u015fimizi edebiyete u\u011furlad\u0131k. Allah d\u00fcnyadaki hi\u00e7bir kimseye, hi\u00e7bir devlete b\u00f6yle bir ac\u0131 ya\u015fatmas\u0131n.&#8221;<\/p>\n<p>Programa, 5. Z\u0131rhl\u0131 Tugay Komutan\u0131 Tu\u011fgeneral Erdin Kaya, \u0130l Jandarma Komutan\u0131 T\u00fcmgeneral Halil \u015een, \u0130l Emniyet M\u00fcd\u00fcr\u00fc Celal \u00d6zcan, Aile ve Sosyal Politikalar \u0130l M\u00fcd\u00fcr\u00fc Umut Zeybek, \u0130l M\u00fcft\u00fcs\u00fc \u015eakir Akta\u015f ile vatanda\u015flar kat\u0131ld\u0131.<\/p>\n<p>Bu arada, \u015eahinbey Millet Camisi&#8217;nde de depremde hayatlar\u0131n\u0131 kaybedenler i\u00e7in dua edildi.<\/p>\n","protected":false},"excerpt":{"rendered":"<p>Gaziantep&#8217;te 6 \u015eubat depremlerinde hayat\u0131n\u0131 kaybedenler, kabirleri ba\u015f\u0131nda an\u0131ld\u0131; dua edildi.<\/p>\n","protected":false},"author":1,"featured_media":62087,"comment_status":"open","ping_status":"open","sticky":false,"template":"","format":"standard","meta":{"footnotes":""},"categories":[9,4,13],"tags":[60],"class_list":["post-62086","post","type-post","status-publish","format-standard","has-post-thumbnail","hentry","category-genel","category-gundem","category-son-dakika","tag-deprem"],"_links":{"self":[{"href":"https:\/\/bihavadis.com\/index.php\/wp-json\/wp\/v2\/posts\/62086","targetHints":{"allow":["GET"]}}],"collection":[{"href":"https:\/\/bihavadis.com\/index.php\/wp-json\/wp\/v2\/posts"}],"about":[{"href":"https:\/\/bihavadis.com\/index.php\/wp-json\/wp\/v2\/types\/post"}],"author":[{"embeddable":true,"href":"https:\/\/bihavadis.com\/index.php\/wp-json\/wp\/v2\/users\/1"}],"replies":[{"embeddable":true,"href":"https:\/\/bihavadis.com\/index.php\/wp-json\/wp\/v2\/comments?post=62086"}],"version-history":[{"count":1,"href":"https:\/\/bihavadis.com\/index.php\/wp-json\/wp\/v2\/posts\/62086\/revisions"}],"predecessor-version":[{"id":62088,"href":"https:\/\/bihavadis.com\/index.php\/wp-json\/wp\/v2\/posts\/62086\/revisions\/62088"}],"wp:featuredmedia":[{"embeddable":true,"href":"https:\/\/bihavadis.com\/index.php\/wp-json\/wp\/v2\/media\/62087"}],"wp:attachment":[{"href":"https:\/\/bihavadis.com\/index.php\/wp-json\/wp\/v2\/media?parent=62086"}],"wp:term":[{"taxonomy":"category","embeddable":true,"href":"https:\/\/bihavadis.com\/index.php\/wp-json\/wp\/v2\/categories?post=62086"},{"taxonomy":"post_tag","embeddable":true,"href":"https:\/\/bihavadis.com\/index.php\/wp-json\/wp\/v2\/tags?post=62086"}],"curies":[{"name":"wp","href":"https:\/\/api.w.org\/{rel}","templated":true}]}}