{"id":62105,"date":"2026-03-06T01:48:08","date_gmt":"2026-03-06T01:48:08","guid":{"rendered":"https:\/\/bihavadis.com\/?p=62105"},"modified":"2026-03-06T01:48:08","modified_gmt":"2026-03-06T01:48:08","slug":"buyuksehirden-golcuklu-buyuklere-yeni-huzur-duragi","status":"publish","type":"post","link":"https:\/\/bihavadis.com\/index.php\/2026\/03\/06\/buyuksehirden-golcuklu-buyuklere-yeni-huzur-duragi\/","title":{"rendered":"B\u00fcy\u00fck\u015fehir&#8217;den G\u00f6lc\u00fckl\u00fc b\u00fcy\u00fcklere yeni huzur dura\u011f\u0131"},"content":{"rendered":"<p>Kocaeli B\u00fcy\u00fck\u015fehir Belediyesi b\u00fcnyesinde 65 ya\u015f \u00fczeri vatanda\u015flara hizmet veren Sayg\u0131nlar Kul\u00fcb\u00fc, \u0130zmit\u2019ten sonra \u015fimdi de G\u00f6lc\u00fck\u2019te kap\u0131lar\u0131n\u0131 a\u00e7maya haz\u0131rlan\u0131yor. \u0130leri ya\u015ftaki bireylerin sosyal hayattan kopmadan aktif ve \u00fcretken bir ya\u015fam s\u00fcrmelerini ama\u00e7layan kul\u00fcp, G\u00f6lc\u00fck\u2019te \u00f6nemli bir ihtiyaca cevap verecek.<\/p>\n<p><b>\u0130HSAN\u0130YE\u2019DE YEN\u0130 BULU\u015eMA NOKTASI<\/b><br \/>Kocaeli B\u00fcy\u00fck\u015fehir Belediyesi\u2019ne ba\u011fl\u0131 hizmet veren Sayg\u0131nlar Kul\u00fcb\u00fc b\u00fcy\u00fcyor. Ge\u00e7ti\u011fimiz y\u0131l \u0130zmit Saat Kulesi yan\u0131nda a\u00e7\u0131lan ve \u00f6ne \u00e7\u0131kan sosyal projeleri ile 65 ya\u015f \u00fcst\u00fc vatanda\u015flar\u0131n u\u011frak yeri haline gelen Sayg\u0131nlar Kul\u00fcb\u00fc, G\u00f6lc\u00fck\u2019te de hizmet vermeye haz\u0131rlan\u0131yor. \u0130hsaniye Mahallesi\u2019nde konumlanan tesis, 418 metrekare kullan\u0131m alan\u0131na sahip binas\u0131yla birlikte toplam 29 d\u00f6n\u00fcml\u00fck alan \u00fczerinde yer al\u0131yor. Toplam 2 bin 878 metrekarelik kapal\u0131 ve a\u00e7\u0131k kullan\u0131m alan\u0131na sahip olan kul\u00fcp; ya\u015fam kalitesini art\u0131rmay\u0131, sosyal izolasyonu \u00f6nlemeyi ve ku\u015faklar aras\u0131 k\u00fclt\u00fcrel aktar\u0131m\u0131 g\u00fc\u00e7lendirmeyi ama\u00e7l\u0131yor.<\/p>\n<p><b>ZENG\u0130N DONANIM, KONFORLU YA\u015eAM ALANI<\/b><br \/>Haftan\u0131n her g\u00fcn\u00fc 10.00 ile 22.00 saatleri aras\u0131nda hizmet vermesi planlanan tesiste; 1 kafe, 1 kitap okuma alan\u0131, 2 oturma alan\u0131, 2 e\u011fitim salonu, 1 kad\u0131n ve 1 erkek mescit, 1 kad\u0131n ve 1 erkek tuvalet, cam b\u00f6lme kapal\u0131 teras, cam b\u00f6lme kapal\u0131 veranda ve a\u00e7\u0131k bah\u00e7e alan\u0131 bulunuyor. Modern ve eri\u015filebilir \u015fekilde tasarlanan kul\u00fcp, 65 ya\u015f ve \u00fczerindeki G\u00f6lc\u00fckl\u00fc vatanda\u015flar\u0131n rahat\u00e7a vakit ge\u00e7irebilece\u011fi g\u00fcvenli ve huzurlu bir ortam sunacak.<\/p>\n<p><b>SOSYAL HAYATA AKT\u0130F KATILIM<\/b><br \/>G\u00f6lc\u00fck Sayg\u0131nlar Kul\u00fcb\u00fc\u2019nde ger\u00e7ekle\u015ftirilecek faaliyetler olduk\u00e7a geni\u015f bir yelpazeye sahip. Spor ve fiziksel aktivitelerden tarihi ve turistik gezilere, tiyatro ve sinema etkinliklerinden m\u00fczikal ve oyun programlar\u0131na kadar pek \u00e7ok etkinlik d\u00fczenlenecek.<\/p>\n<p>\u00a0<\/p>\n<p><b>E\u011e\u0130T\u0130M VE K\u00dcLT\u00dcREL \u00c7ALI\u015eMALAR<\/b><\/p>\n<p>Sa\u011fl\u0131kl\u0131 beslenme, g\u00fcvenli internet ve teknoloji kullan\u0131m\u0131 e\u011fitimleri, ku\u015faklar aras\u0131 ileti\u015fim \u00e7al\u0131\u015fmalar\u0131, kitap okuma ve k\u00fclt\u00fcrel etkinlikler, bah\u00e7e ekimi ve hasat \u00e7al\u0131\u015fmalar\u0131, dan\u0131\u015fmanl\u0131k ve psiko-sosyal destek programlar\u0131 da kul\u00fcp b\u00fcnyesinde yer alacak.<\/p>\n<p><b>AKT\u0130F VE \u00dcRETKEN YA\u015eAM HEDEF\u0130<\/b><br \/>El sanatlar\u0131, de\u011ferler e\u011fitimi ve Kur\u2019an-\u0131 Kerim dersleri, zek\u00e2 ve haf\u0131za oyunlar\u0131, kamp ve piknik organizasyonlar\u0131, meslek erbab\u0131 bulu\u015fmalar\u0131, s\u0131f\u0131r at\u0131k e\u011fitimi ve koro \u00e7al\u0131\u015fmalar\u0131 gibi bir\u00e7ok ba\u015fl\u0131kta d\u00fczenlenecek etkinliklerle 65 ya\u015f ve \u00fczeri vatanda\u015flar\u0131n aktif, \u00fcretken ve sosyal bir ya\u015fam s\u00fcrmeleri hedefleniyor.<\/p>\n<p>\u00a0<\/p>\n<p>Kaynak: (BYZHA) Beyaz Haber Ajans\u0131<\/p>\n","protected":false},"excerpt":{"rendered":"<p>Kocaeli B\u00fcy\u00fck\u015fehir Belediyesi b\u00fcnyesinde 65 ya\u015f \u00fczeri vatanda\u015flara hizmet veren Sayg\u0131nlar Kul\u00fcb\u00fc, \u0130zmit\u2019ten sonra \u015fimdi de G\u00f6lc\u00fck\u2019te kap\u0131lar\u0131n\u0131 a\u00e7maya haz\u0131rlan\u0131yor. \u0130leri ya\u015ftaki bireylerin sosyal hayattan kopmadan aktif ve \u00fcretken bir ya\u015fam s\u00fcrmelerini ama\u00e7layan kul\u00fcp, G\u00f6lc\u00fck\u2019te \u00f6nemli bir ihtiyaca cevap verecek.<\/p>\n","protected":false},"author":1,"featured_media":62106,"comment_status":"open","ping_status":"open","sticky":false,"template":"","format":"standard","meta":{"footnotes":""},"categories":[4],"tags":[382,233,2856,172,379],"class_list":["post-62105","post","type-post","status-publish","format-standard","has-post-thumbnail","hentry","category-gundem","tag-alan","tag-egitim","tag-golcuk","tag-sosyal","tag-yas"],"_links":{"self":[{"href":"https:\/\/bihavadis.com\/index.php\/wp-json\/wp\/v2\/posts\/62105","targetHints":{"allow":["GET"]}}],"collection":[{"href":"https:\/\/bihavadis.com\/index.php\/wp-json\/wp\/v2\/posts"}],"about":[{"href":"https:\/\/bihavadis.com\/index.php\/wp-json\/wp\/v2\/types\/post"}],"author":[{"embeddable":true,"href":"https:\/\/bihavadis.com\/index.php\/wp-json\/wp\/v2\/users\/1"}],"replies":[{"embeddable":true,"href":"https:\/\/bihavadis.com\/index.php\/wp-json\/wp\/v2\/comments?post=62105"}],"version-history":[{"count":1,"href":"https:\/\/bihavadis.com\/index.php\/wp-json\/wp\/v2\/posts\/62105\/revisions"}],"predecessor-version":[{"id":62107,"href":"https:\/\/bihavadis.com\/index.php\/wp-json\/wp\/v2\/posts\/62105\/revisions\/62107"}],"wp:featuredmedia":[{"embeddable":true,"href":"https:\/\/bihavadis.com\/index.php\/wp-json\/wp\/v2\/media\/62106"}],"wp:attachment":[{"href":"https:\/\/bihavadis.com\/index.php\/wp-json\/wp\/v2\/media?parent=62105"}],"wp:term":[{"taxonomy":"category","embeddable":true,"href":"https:\/\/bihavadis.com\/index.php\/wp-json\/wp\/v2\/categories?post=62105"},{"taxonomy":"post_tag","embeddable":true,"href":"https:\/\/bihavadis.com\/index.php\/wp-json\/wp\/v2\/tags?post=62105"}],"curies":[{"name":"wp","href":"https:\/\/api.w.org\/{rel}","templated":true}]}}