{"id":62136,"date":"2026-03-06T02:12:11","date_gmt":"2026-03-06T02:12:11","guid":{"rendered":"https:\/\/bihavadis.com\/?p=62136"},"modified":"2026-03-06T02:12:11","modified_gmt":"2026-03-06T02:12:11","slug":"osmangazide-gonul-sofrasi-hamitler-mahallesinde-kuruldu","status":"publish","type":"post","link":"https:\/\/bihavadis.com\/index.php\/2026\/03\/06\/osmangazide-gonul-sofrasi-hamitler-mahallesinde-kuruldu\/","title":{"rendered":"Osmangazi&#8217;de G\u00f6n\u00fcl Sofras\u0131 Hamitler Mahallesi&#8217;nde Kuruldu"},"content":{"rendered":"<p><span><span><span><span>Osmangazi Belediyesi\u2019nin mahalle iftarlar\u0131 kapsam\u0131nda Hamitler Mahallesi\u2019nde kurdu\u011fu g\u00f6n\u00fcl sofras\u0131, y\u00fczlerce vatanda\u015f\u0131 ayn\u0131 sofrada bulu\u015fturdu. Osmangazi Belediye Ba\u015fkan\u0131 Erkan Ayd\u0131n\u2019\u0131n da kat\u0131ld\u0131\u011f\u0131 programda vatanda\u015flar, Ramazan\u2019\u0131n bereketini ve dayan\u0131\u015fma ruhunu birlikte ya\u015fad\u0131.<\/span><\/span><\/span><\/span><\/p>\n<p><span><span><span><span>Ramazan ay\u0131n\u0131n manevi atmosferini Osmangazi\u2019nin d\u00f6rt bir yan\u0131nda ya\u015fatan Osmangazi Belediyesi, kurdu\u011fu iftar sofralar\u0131yla vatanda\u015flar\u0131 ayn\u0131 \u00e7at\u0131 alt\u0131nda bulu\u015fturmaya devam ediyor. Hamitler Mahallesi\u2019nde d\u00fczenlenen iftar program\u0131nda mahalle sakinleri kom\u015fular\u0131yla birlikte iftar yapman\u0131n mutlulu\u011funu ya\u015farken, program Ramazan\u2019\u0131n dayan\u0131\u015fma ve payla\u015fma ruhunu bir kez daha g\u00f6zler \u00f6n\u00fcne serdi. <\/span><\/span><\/span><\/span><\/p>\n<p><span><span><span><span>Osmangazi Belediye Ba\u015fkan\u0131 Erkan Ayd\u0131n\u2019\u0131n da kat\u0131ld\u0131\u011f\u0131 programda ezan\u0131n okunmas\u0131yla birlikte oru\u00e7lar dualar e\u015fli\u011finde a\u00e7\u0131l\u0131rken, Ramazan\u2019\u0131n bereketi ve karde\u015flik iklimi y\u00fczlerdeki huzura yans\u0131d\u0131.<\/span><\/span><\/span><\/span><\/p>\n<p><span><span><b><span><span>\u201c\u0130mkanlar\u0131m\u0131z\u0131 Vatanda\u015flarla Payla\u015f\u0131p, Ramazan\u2019\u0131n Bereketini Ya\u015f\u0131yoruz\u201d<\/span><\/span><\/b><\/span><\/span><\/p>\n<p><span><span><span><span>\u0130ftar \u00f6ncesinde vatanda\u015flara yemek da\u011f\u0131tan ve akabinde sofralar\u0131 tek tek gezerek Hamitler Mahallesi sakinleriyle selamla\u015fan Osmangazi Belediye Ba\u015fkan\u0131 Erkan Ayd\u0131n, Ramazan ay\u0131n\u0131n payla\u015f\u0131mc\u0131 ruhuna dikkati \u00e7ekti. Ba\u015fkan Ayd\u0131n, s\u00f6zlerinde \u015fu ifadelere yer verdi:<\/span><\/span><\/span><\/span><\/p>\n<p><span><span><span><span>\u201cBu ak\u015fam sizlerle birlikte olduk. Her g\u00fcn bir\u00e7ok noktada Osmangazi\u2019deki vatanda\u015flar\u0131m\u0131zla iftar sofralar\u0131nda bulu\u015fuyoruz. Bizler, imkanlar\u0131m\u0131z\u0131 vatanda\u015flarla payla\u015f\u0131p, Ramazan\u2019\u0131n bereketini, huzurunu ve dayan\u0131\u015fmas\u0131n\u0131 hep birlikte ya\u015f\u0131yoruz. 20 bine yak\u0131n vatanda\u015f\u0131m\u0131za, ihtiya\u00e7 sahiplerine erzak paketlerini ula\u015ft\u0131r\u0131p, bir nebze de olsa onlar\u0131n dertlerine derman olmaya \u00e7al\u0131\u015f\u0131yoruz. Buraya geldiniz, birlikte iftar yapt\u0131k. Hepinize ayr\u0131 ayr\u0131 te\u015fekk\u00fcr ediyorum, Allah kabul etsin diyorum.\u201d<\/span><\/span><\/span><\/span><\/p>\n<p><span><span><span><span>Hamitler Mahallesi Muhtar\u0131 H\u00fcsamettin A\u015fk\u0131n ise Osmangazi Belediye Ba\u015fkan\u0131 Erkan Ayd\u0131n\u2019a te\u015fekk\u00fcrlerini sunarak, bir araya gelmenin mutlulu\u011funu ya\u015fad\u0131klar\u0131n\u0131n alt\u0131n\u0131 \u00e7izdi.<\/span><\/span><\/span><\/span><\/p>\n<p><span><span><span><span>Mahalle iftarlar\u0131 sayesinde kom\u015fuluk ba\u011flar\u0131n\u0131n g\u00fc\u00e7lendi\u011fini belirten vatanda\u015flar, ayn\u0131 sofrada bulu\u015fma imkan\u0131 sundu\u011fu i\u00e7in Ba\u015fkan Erkan Ayd\u0131n\u2019a te\u015fekk\u00fcr etti. Ramazan ay\u0131n\u0131n manevi atmosferini birlikte ya\u015faman\u0131n mutlulu\u011funu ifade eden mahalle sakinleri, bu t\u00fcr bulu\u015fmalar\u0131n toplumsal birlik ve beraberli\u011fi peki\u015ftirdi\u011fini kaydetti.<\/span><\/span><\/span><\/span><\/p>\n<p>\u00a0<\/p>\n<p>Kaynak: (BYZHA) Beyaz Haber Ajans\u0131<\/p>\n","protected":false},"excerpt":{"rendered":"<p>Osmangazi Belediyesi\u2019nin mahalle iftarlar\u0131 kapsam\u0131nda Hamitler Mahallesi\u2019nde kurdu\u011fu g\u00f6n\u00fcl sofras\u0131, y\u00fczlerce vatanda\u015f\u0131 ayn\u0131 sofrada bulu\u015fturdu.<\/p>\n","protected":false},"author":1,"featured_media":62137,"comment_status":"open","ping_status":"open","sticky":false,"template":"","format":"standard","meta":{"footnotes":""},"categories":[4],"tags":[516,1140,675,1018,3807],"class_list":["post-62136","post","type-post","status-publish","format-standard","has-post-thumbnail","hentry","category-gundem","tag-baskan","tag-birlikte","tag-iftar","tag-mahalle","tag-osmangazi-belediye"],"_links":{"self":[{"href":"https:\/\/bihavadis.com\/index.php\/wp-json\/wp\/v2\/posts\/62136","targetHints":{"allow":["GET"]}}],"collection":[{"href":"https:\/\/bihavadis.com\/index.php\/wp-json\/wp\/v2\/posts"}],"about":[{"href":"https:\/\/bihavadis.com\/index.php\/wp-json\/wp\/v2\/types\/post"}],"author":[{"embeddable":true,"href":"https:\/\/bihavadis.com\/index.php\/wp-json\/wp\/v2\/users\/1"}],"replies":[{"embeddable":true,"href":"https:\/\/bihavadis.com\/index.php\/wp-json\/wp\/v2\/comments?post=62136"}],"version-history":[{"count":1,"href":"https:\/\/bihavadis.com\/index.php\/wp-json\/wp\/v2\/posts\/62136\/revisions"}],"predecessor-version":[{"id":62138,"href":"https:\/\/bihavadis.com\/index.php\/wp-json\/wp\/v2\/posts\/62136\/revisions\/62138"}],"wp:featuredmedia":[{"embeddable":true,"href":"https:\/\/bihavadis.com\/index.php\/wp-json\/wp\/v2\/media\/62137"}],"wp:attachment":[{"href":"https:\/\/bihavadis.com\/index.php\/wp-json\/wp\/v2\/media?parent=62136"}],"wp:term":[{"taxonomy":"category","embeddable":true,"href":"https:\/\/bihavadis.com\/index.php\/wp-json\/wp\/v2\/categories?post=62136"},{"taxonomy":"post_tag","embeddable":true,"href":"https:\/\/bihavadis.com\/index.php\/wp-json\/wp\/v2\/tags?post=62136"}],"curies":[{"name":"wp","href":"https:\/\/api.w.org\/{rel}","templated":true}]}}