{"id":62167,"date":"2026-03-06T02:30:10","date_gmt":"2026-03-06T02:30:10","guid":{"rendered":"https:\/\/bihavadis.com\/?p=62167"},"modified":"2026-03-06T02:30:10","modified_gmt":"2026-03-06T02:30:10","slug":"amasyada-motosiklet-kazasi-2-yarali","status":"publish","type":"post","link":"https:\/\/bihavadis.com\/index.php\/2026\/03\/06\/amasyada-motosiklet-kazasi-2-yarali\/","title":{"rendered":"Amasya&#8217;da motosiklet kazas\u0131: 2 yaral\u0131"},"content":{"rendered":"<p>Amasya&#8217;n\u0131n Merzifon il\u00e7esi Ta\u015ftan S\u00f6nmez Bulvar\u0131 Kav\u015fa\u011f\u0131\u2019nda, Burak Y. idaresindeki 05 AFC 850 plakal\u0131 motosiklet, kav\u015faktan d\u00f6n\u00fc\u015f yapan Mehmet A. y\u00f6netimindeki 05 AAB 084 plakal\u0131 hafif ticari araca yandan \u00e7arpt\u0131.<\/p>\n<p>\u00c7arpman\u0131n etkisiyle motosiklet s\u00fcr\u00fcc\u00fcs\u00fc ile arkas\u0131nda bulunan Cemal E. yola savruldu.<\/p>\n<p><strong>KAZA ANI KAMERADA<\/strong><\/p>\n<p>\u00c7evredekilerin ihbar\u0131 \u00fczerine olay yerine polis ve sa\u011fl\u0131k ekipleri sevk edildi. \u0130lk m\u00fcdahaleleri yap\u0131lan yaral\u0131lar, ambulanslarla Merzifon Devlet Hastanesi\u2019ne kald\u0131r\u0131larak tedavi alt\u0131na al\u0131nd\u0131.<\/p>\n<p>\u00d6te yandan kaza an\u0131, bir i\u015f yerinin g\u00fcvenlik kameras\u0131 taraf\u0131ndan kaydedildi.<\/p>\n<p><img decoding=\"async\" src=\"https:\/\/bihavadis.com\/wp-content\/uploads\/2026\/03\/amasyada-motosiklet-kazasi-2-yarali-0-Xzd55WVY.jpg\"\/><\/p>\n<p><img decoding=\"async\" src=\"https:\/\/bihavadis.com\/wp-content\/uploads\/2026\/03\/amasyada-motosiklet-kazasi-2-yarali-1-bAfRacDD.jpg\"\/><\/p>\n<p><img decoding=\"async\" src=\"https:\/\/bihavadis.com\/wp-content\/uploads\/2026\/03\/amasyada-motosiklet-kazasi-2-yarali-2-imI9QvQ6.jpg\"\/> <\/p>\n<div> <span><strong>Kaynak:<\/strong> Demir\u00f6ren Haber Ajans\u0131 (DHA)<\/span> <\/div>\n","protected":false},"excerpt":{"rendered":"<p>Amasya&#8217;n\u0131n Merzifon il\u00e7esi Ta\u015ftan S\u00f6nmez Bulvar\u0131 Kav\u015fa\u011f\u0131\u2019nda, Burak Y. idaresindeki 05 AFC 850 plakal\u0131 motosiklet, kav\u015faktan d\u00f6n\u00fc\u015f yapan Mehmet A. y\u00f6netimindeki 05 AAB 084 plakal\u0131 hafif ticari araca yandan \u00e7arpt\u0131. \u00c7arpman\u0131n etkisiyle motosiklet &#8230;<\/p>\n","protected":false},"author":1,"featured_media":62168,"comment_status":"open","ping_status":"open","sticky":false,"template":"","format":"standard","meta":{"footnotes":""},"categories":[4,13],"tags":[],"class_list":["post-62167","post","type-post","status-publish","format-standard","has-post-thumbnail","hentry","category-gundem","category-son-dakika"],"_links":{"self":[{"href":"https:\/\/bihavadis.com\/index.php\/wp-json\/wp\/v2\/posts\/62167","targetHints":{"allow":["GET"]}}],"collection":[{"href":"https:\/\/bihavadis.com\/index.php\/wp-json\/wp\/v2\/posts"}],"about":[{"href":"https:\/\/bihavadis.com\/index.php\/wp-json\/wp\/v2\/types\/post"}],"author":[{"embeddable":true,"href":"https:\/\/bihavadis.com\/index.php\/wp-json\/wp\/v2\/users\/1"}],"replies":[{"embeddable":true,"href":"https:\/\/bihavadis.com\/index.php\/wp-json\/wp\/v2\/comments?post=62167"}],"version-history":[{"count":1,"href":"https:\/\/bihavadis.com\/index.php\/wp-json\/wp\/v2\/posts\/62167\/revisions"}],"predecessor-version":[{"id":62172,"href":"https:\/\/bihavadis.com\/index.php\/wp-json\/wp\/v2\/posts\/62167\/revisions\/62172"}],"wp:featuredmedia":[{"embeddable":true,"href":"https:\/\/bihavadis.com\/index.php\/wp-json\/wp\/v2\/media\/62168"}],"wp:attachment":[{"href":"https:\/\/bihavadis.com\/index.php\/wp-json\/wp\/v2\/media?parent=62167"}],"wp:term":[{"taxonomy":"category","embeddable":true,"href":"https:\/\/bihavadis.com\/index.php\/wp-json\/wp\/v2\/categories?post=62167"},{"taxonomy":"post_tag","embeddable":true,"href":"https:\/\/bihavadis.com\/index.php\/wp-json\/wp\/v2\/tags?post=62167"}],"curies":[{"name":"wp","href":"https:\/\/api.w.org\/{rel}","templated":true}]}}