{"id":62179,"date":"2026-03-06T02:39:09","date_gmt":"2026-03-06T02:39:09","guid":{"rendered":"https:\/\/bihavadis.com\/?p=62179"},"modified":"2026-03-06T02:39:09","modified_gmt":"2026-03-06T02:39:09","slug":"casperlar-suc-orgutune-bilgi-sizdiran-zabit-katibinin-hakimlik-ifadesine-ulasildi","status":"publish","type":"post","link":"https:\/\/bihavadis.com\/index.php\/2026\/03\/06\/casperlar-suc-orgutune-bilgi-sizdiran-zabit-katibinin-hakimlik-ifadesine-ulasildi\/","title":{"rendered":"\u2019Casperlar\u2019 su\u00e7 \u00f6rg\u00fct\u00fcne bilgi s\u0131zd\u0131ran zab\u0131t katibinin hakimlik ifadesine ula\u015f\u0131ld\u0131"},"content":{"rendered":"<p>&#8216;Casperlar&#8217; su\u00e7 \u00f6rg\u00fct\u00fc soru\u015fturmas\u0131 kapsam\u0131nda, sabah saatlerinde d\u00fc\u011fmeye bas\u0131ld\u0131.\u00a0<\/p>\n<p>Y\u00fcr\u00fct\u00fclen soru\u015fturma kapsam\u0131nda Casperlar su\u00e7 \u00f6rg\u00fct\u00fcne baz\u0131 kamu g\u00f6revlileri taraf\u0131ndan bilgi s\u0131zd\u0131r\u0131ld\u0131\u011f\u0131 ortaya \u00e7\u0131kt\u0131.<\/p>\n<p><strong>18 \u015e\u00dcPHEL\u0130 G\u00d6ZALTINA ALINDI<\/strong><\/p>\n<p>Yap\u0131lan ara\u015ft\u0131rmalar neticesinde \u00f6rg\u00fct \u00fcyelerinin kamu g\u00f6revlileriyle menfaat i\u00e7erisinde oldu\u011fu, \u00f6rg\u00fct\u00fcn adliyelerde ve \u00e7e\u015fitli yerlerde g\u00f6revli memurlardan su\u00e7 ve arama kayd\u0131 sorgulamas\u0131 yapt\u0131rd\u0131\u011f\u0131 belirlendi.<\/p>\n<p>Ba\u015fsavc\u0131l\u0131k taraf\u0131ndan \u0130stanbul Emniyet M\u00fcd\u00fcrl\u00fc\u011f\u00fc\u2019nce 9\u2019u polis memuru, 1\u2019i zab\u0131t katibi, 1\u2019i g\u00fcmr\u00fck muhafaza memuru, 1\u2019i g\u00f6revini terk etmi\u015f polis memuru olmak \u00fczere toplam 17 \u015f\u00fcpheli hakk\u0131nda g\u00f6zalt\u0131 talimat\u0131 verildi.<\/p>\n<p>\u015e\u00fcphelilerin adreslerine d\u00fczenlenen operasyonla 17 \u015f\u00fcpheli g\u00f6zalt\u0131na al\u0131nd\u0131.<\/p>\n<p>Devam eden soru\u015fturma kapsam\u0131nda 1 ki\u015finin daha g\u00f6zalt\u0131na al\u0131nmas\u0131n\u0131n ard\u0131ndan say\u0131 18\u2019e y\u00fckseldi.<\/p>\n<p><strong>14 \u015e\u00dcPHEL\u0130 TUTUKLANARAK CEZAEV\u0130NE G\u00d6NDER\u0130LD\u0130<\/strong><\/p>\n<p>Emniyette i\u015flemleri tamamlanan \u015f\u00fcpheliler, 22 \u015eubat sabah saatlerinde Bak\u0131rk\u00f6y Adalet Saray\u0131&#8217;na sevk edilmi\u015f, savc\u0131l\u0131kta ifade i\u015flemleri tamamlanan 17 \u015f\u00fcpheli tutuklama\u2019 1 \u015f\u00fcpheli ise adli kontrol tedbiri talebiyle N\u00f6bet\u00e7i Sulh Ceza Hakimli\u011fine sevk edildi.<\/p>\n<p>Hakimlikte i\u015flemleri tamamlanan, 7\u2019si polis 1\u2019i zab\u0131t katibinin de aralar\u0131nda bulundu\u011fu 14 \u015fah\u0131s tutuklanarak cezaevine g\u00f6nderildi.<\/p>\n<p>4 \u015fah\u0131s ise yurt d\u0131\u015f\u0131na \u00e7\u0131k\u0131\u015f yasa\u011f\u0131 tedbiriyle serbest b\u0131rak\u0131ld\u0131.<\/p>\n<p><strong>\u0130FADELER\u0130 ORTAYA \u00c7IKTI<\/strong><\/p>\n<p>\u015e\u00fcphelilerin n\u00f6bet\u00e7i hakimlik ifadeleri ortaya \u00e7\u0131kt\u0131.<\/p>\n<p>\u015e\u00fcpheli polis memuru A.\u00d6. hakimlik sorgusunda, <em><b>&#8220;\u0130brahim Tanko\u015f ile Narkotik \u015eubeden tan\u0131\u015f\u0131yorum. <\/b><\/em><\/p>\n<p><em><b>Ailecek g\u00f6r\u00fc\u015f\u00fcr\u00fcz. \u015e\u00fcpheli Serkan Cemal G\u00fcney ve \u0130brahim Tanko\u015f&#8217;u ziyarete geldi\u011finde tan\u0131\u015ft\u0131m. 2 y\u0131ld\u0131r isim sorgulama yetkim de yoktur. <\/b><\/em><\/p>\n<p><em><b>Orkinos operasyonu \u0130\u00e7i\u015fleri Bakanl\u0131\u011f\u0131nca da yay\u0131nlanm\u0131\u015ft\u0131r. Operasyon tamamland\u0131ktan sonra listeyi arkada\u015f\u0131m Tanko\u015f&#8217;a da atm\u0131\u015ft\u0131m.<\/b><\/em><\/p>\n<p><strong>&#8220;TANIDIKLARI VARSA G\u0130D\u0130P YAKALYABA\u0130LECE\u011e\u0130M\u0130Z\u0130 S\u00d6YLED\u0130M&#8221;<\/strong><\/p>\n<p><em><b>Benim listeden isim \u00e7\u0131kartt\u0131rma gibi bir yetkim yoktur. Orkinos operasyonu sonucunda isim listesi sosyal medyada geziyordu. <\/b><\/em><\/p>\n<p><em><b>\u0130brahim ve Serkan Cemal&#8217;e, tan\u0131d\u0131klar\u0131 olup olmad\u0131\u011f\u0131n\u0131 sordum, tan\u0131d\u0131klar\u0131 varsa gidip yakalayabilece\u011fimizi s\u00f6yledim. <\/b><\/em><\/p>\n<p><em><b>Bunun sebebi de tekrar Narkotik \u015eubeye d\u00f6nmemdi. Tanko\u015f&#8217;un ihra\u00e7 oldu\u011funu da bilmiyordum&#8221; <\/b><\/em>dedi.<\/p>\n<p>\u015e\u00fcpheli polis memuru A.A, Esenyurt&#8217;ta su\u00e7 ara\u015ft\u0131rmas\u0131 yapt\u0131\u011f\u0131 s\u0131rada oto galerici olan Serkan Cemal G\u00fcney&#8217;le tan\u0131\u015ft\u0131\u011f\u0131n\u0131 belirtti\u011fi ifadesinde, <em><b>&#8220;Serkan Cemal&#8217;in e\u015fi H.G \u015f\u00fcpheli s\u0131fat\u0131yla tanzim edilen ifade alma ve serbest b\u0131rakma evrak\u0131n\u0131 tanzim eden ki\u015fi bendim. H.G. de ifadeye geldi, ifadesini verdi. <\/b><\/em><\/p>\n<p><em><b>\u0130fadesini alan ki\u015fi benim. \u0130fade ve serbest b\u0131rakma tutanaklar\u0131n\u0131n ikisini de ben tanzim ettim. Kendi sicilim olan yere imza att\u0131m. Grup \u015fefim olan E.Y&#8217;nin ismini bo\u015f b\u0131rakt\u0131m. <\/b><\/em><\/p>\n<p><em><b>G\u00fcn i\u00e7erisinde yapt\u0131\u011f\u0131m evraklar\u0131n hepsini bir kenara toplard\u0131m ve toplu imza at\u0131l\u0131rd\u0131. E.Y. yerine imzay\u0131 kimin att\u0131\u011f\u0131n\u0131 bilmiyorum.<\/b><\/em><\/p>\n<p><strong>&#8220;BEN, SERKAN CEMAL&#8217;LE SADECE ARKADA\u015eIM&#8221;<\/strong><\/p>\n<p><em><b>G\u00fcven \u015eener&#8217;i Polnet sisteminden sorgulamad\u0131m. Karakolda mukayyit oldu\u011fum i\u00e7in Polnetim genelde a\u00e7\u0131k oluyor. <\/b><\/em><\/p>\n<p><em><b>Ben k\u0131sa zaman i\u00e7in \u00e7\u0131kt\u0131\u011f\u0131mda da a\u00e7\u0131k oluyor. Sorgulama yap\u0131ld\u0131\u011f\u0131 tarihte Serkan Cemal taraf\u0131ndan hesab\u0131ma 3 bin lira g\u00f6nderilmesi konusunda hi\u00e7bir bilgim yoktur. Ben, Serkan Cemal&#8217;le sadece arkada\u015f\u0131m&#8221; <\/b><\/em>ifadelerini kulland\u0131.<\/p>\n<p>\u015e\u00fcpheli zab\u0131t katibi E.B. ise, savunmas\u0131nda, <em><b>&#8220;Bir avukata nas\u0131l bilgi veriyorsam, Serkan Cemal G\u00fcney&#8217;e de o \u015fekilde bilgi verdim. 5 y\u0131l \u00fczeri cezas\u0131 olan h\u00fck\u00fcml\u00fclere yard\u0131mc\u0131 olmak ad\u0131na yapt\u0131m bu bilgi aktar\u0131m\u0131n\u0131.<\/b><\/em><\/p>\n<p><strong>&#8220;UYU\u015eTURUCU \u0130\u015e\u0130YLE HERHANG\u0130 B\u0130R \u0130LG\u0130M YOK&#8221;<\/strong><\/p>\n<p><em><b>G\u00fcney&#8217;den r\u00fc\u015fvet konusunda hi\u00e7bir talebi olmad\u0131. UYAP sisteminde \u00f6rg\u00fct uyar\u0131s\u0131 olmad\u0131\u011f\u0131 i\u00e7in Serkan Beyin sordu\u011fu ki\u015filerin \u00f6rg\u00fctle bir ilgisi olup olmad\u0131\u011f\u0131n\u0131 d\u00fc\u015f\u00fcnmedim, akl\u0131ma da gelmedi. <\/b><\/em><\/p>\n<p><em><b>Uyu\u015fturucu i\u015fiyle herhangi bir ilgim ya da bilgim yoktur. Bana sorgulatt\u0131\u011f\u0131 isimleri Serkan&#8217;a sordu\u011fumda hep &#8216;Yak\u0131n arkada\u015f\u0131m.&#8217; diye cevap veriyordu. Yard\u0131mc\u0131 olmak ad\u0131na bu sorgulamalar\u0131 yap\u0131p kendisine verdim.<\/b><\/em><\/p>\n<p><strong>&#8220;PARALAR, BENDEN BOR\u00c7 \u0130STEMELER\u0130 NEDEN\u0130YLE ARKADA\u015eLI\u011eIMIZDAN \u00d6T\u00dcR\u00dc ATTI\u011eIM PARALARDIR&#8221;<\/strong><\/p>\n<p><em><b>Kimseye \u00e7\u0131kar ama\u00e7l\u0131 bir bilgi vermedim. 1 milyon 86 bin lira paran\u0131n yatmas\u0131n\u0131n nedeni, benim yapm\u0131\u015f oldu\u011fum sorgulamalar sonucunda kendisini bor\u00e7lu hissederek yat\u0131rm\u0131\u015f oldu\u011fu paralard\u0131r&#8221; <\/b><\/em>\u015feklinde konu\u015ftu.<\/p>\n<p>50 g\u00fcn \u00f6nce \u2018Casperlar\u2019 su\u00e7 \u00f6rg\u00fct\u00fcne \u00fcyeli\u011fi nedeniyle tutukland\u0131\u011f\u0131 ortaya \u00e7\u0131kan \u015f\u00fcpheli \u0130brahim Tanko\u015f da ifadesinde, <em><b>&#8220;Telefonumdan \u00e7\u0131kan, ki\u015fisel bilgileri sordu\u011fum her \u015feyi kabul ediyorum. <\/b><\/em><\/p>\n<p><em><b>Bununla alakal\u0131 memur arkada\u015flar\u0131m\u0131n hi\u00e7biri benden bir talepte bulunmad\u0131. Bu ki\u015fisel verileri bana vermeleri konusunda para g\u00f6ndermedim. Paralar, benden bor\u00e7 istemeleri nedeniyle arkada\u015fl\u0131\u011f\u0131m\u0131zdan \u00f6t\u00fcr\u00fc att\u0131\u011f\u0131m paralard\u0131r&#8221;<\/b><\/em> dedi.<\/p>\n<p><strong>4 \u015eAHSA, YURT DI\u015eINA \u00c7IKMA YASA\u011eI VER\u0130LD\u0130<\/strong><\/p>\n<p>Sevk yaz\u0131s\u0131nda, su\u00e7lar\u0131n i\u015flendi\u011fine dair kuvvetli su\u00e7 \u015f\u00fcphesini g\u00f6steren deliller bulundu\u011fu belirtildi.<\/p>\n<p>Sulh Ceza Hakimli\u011fi taraf\u0131ndan yaz\u0131lan sevk yaz\u0131s\u0131nda 14 \u015fahs\u0131n, \u00fczerlerine at\u0131l\u0131 toplam 4 su\u00e7tan tutukland\u0131\u011f\u0131, su\u00e7lar\u0131n niteli\u011fi, \u015f\u00fcpheliler Serkan Cemal G\u00fcney ve \u0130brahim Tanko\u015f&#8217;un telefonlar\u0131 \u00fczerinde yap\u0131lan inceleme tutanaklar\u0131, hesap hareketleri ile emniyet tutanaklar\u0131 g\u00f6z \u00f6n\u00fcnde bulundurularak at\u0131l\u0131 su\u00e7lar\u0131n i\u015flendi\u011fine dair kuvvetli su\u00e7 \u015f\u00fcphesini g\u00f6steren delillerin varl\u0131\u011f\u0131 gerek\u00e7esiyle karar verildi\u011fi aktar\u0131ld\u0131.<\/p>\n<p>Kararda ayr\u0131ca, hakk\u0131nda adli kontrol tedbiri verilen 4 \u015fah\u0131s hakk\u0131nda \u2018imza\u2019 ve \u2018yurt d\u0131\u015f\u0131na \u00e7\u0131k\u0131\u015f yasa\u011f\u0131\u2019 \u015feklinde adli kontrol tedbiri uygulanmas\u0131na h\u00fckmedildi\u011fi bilgisi yer ald\u0131.<\/p>\n<p><img decoding=\"async\" src=\"https:\/\/bihavadis.com\/wp-content\/uploads\/2026\/03\/casperlar-suc-orgutune-bilgi-sizdiran-zabit-katibinin-hakimlik-ifadesine-ulasildi-0-r3JWQcwq.jpg\"\/><\/p>\n<p><img decoding=\"async\" src=\"https:\/\/bihavadis.com\/wp-content\/uploads\/2026\/03\/casperlar-suc-orgutune-bilgi-sizdiran-zabit-katibinin-hakimlik-ifadesine-ulasildi-1-dpTjtBCM.jpg\"\/> <\/p>\n<div> <span><strong>Kaynak:<\/strong> \u0130hlas Haber Ajans\u0131 (\u0130HA)<\/span> <\/div>\n","protected":false},"excerpt":{"rendered":"<p>&#8216;Casperlar&#8217; su\u00e7 \u00f6rg\u00fct\u00fc soru\u015fturmas\u0131 kapsam\u0131nda, sabah saatlerinde d\u00fc\u011fmeye bas\u0131ld\u0131.\u00a0 Y\u00fcr\u00fct\u00fclen soru\u015fturma kapsam\u0131nda Casperlar su\u00e7 \u00f6rg\u00fct\u00fcne baz\u0131 kamu g\u00f6revlileri taraf\u0131ndan bilgi s\u0131zd\u0131r\u0131ld\u0131\u011f\u0131 ortaya \u00e7\u0131kt\u0131. 18 \u015e\u00dcPHEL\u0130 G\u00d6ZALTINA ALINDI Yap\u0131lan &#8230;<\/p>\n","protected":false},"author":1,"featured_media":62180,"comment_status":"open","ping_status":"open","sticky":false,"template":"","format":"standard","meta":{"footnotes":""},"categories":[4,13],"tags":[527,561,260,286,246],"class_list":["post-62179","post","type-post","status-publish","format-standard","has-post-thumbnail","hentry","category-gundem","category-son-dakika","tag-bilgi","tag-ifade","tag-para","tag-suc","tag-supheli"],"_links":{"self":[{"href":"https:\/\/bihavadis.com\/index.php\/wp-json\/wp\/v2\/posts\/62179","targetHints":{"allow":["GET"]}}],"collection":[{"href":"https:\/\/bihavadis.com\/index.php\/wp-json\/wp\/v2\/posts"}],"about":[{"href":"https:\/\/bihavadis.com\/index.php\/wp-json\/wp\/v2\/types\/post"}],"author":[{"embeddable":true,"href":"https:\/\/bihavadis.com\/index.php\/wp-json\/wp\/v2\/users\/1"}],"replies":[{"embeddable":true,"href":"https:\/\/bihavadis.com\/index.php\/wp-json\/wp\/v2\/comments?post=62179"}],"version-history":[{"count":1,"href":"https:\/\/bihavadis.com\/index.php\/wp-json\/wp\/v2\/posts\/62179\/revisions"}],"predecessor-version":[{"id":62183,"href":"https:\/\/bihavadis.com\/index.php\/wp-json\/wp\/v2\/posts\/62179\/revisions\/62183"}],"wp:featuredmedia":[{"embeddable":true,"href":"https:\/\/bihavadis.com\/index.php\/wp-json\/wp\/v2\/media\/62180"}],"wp:attachment":[{"href":"https:\/\/bihavadis.com\/index.php\/wp-json\/wp\/v2\/media?parent=62179"}],"wp:term":[{"taxonomy":"category","embeddable":true,"href":"https:\/\/bihavadis.com\/index.php\/wp-json\/wp\/v2\/categories?post=62179"},{"taxonomy":"post_tag","embeddable":true,"href":"https:\/\/bihavadis.com\/index.php\/wp-json\/wp\/v2\/tags?post=62179"}],"curies":[{"name":"wp","href":"https:\/\/api.w.org\/{rel}","templated":true}]}}