{"id":62232,"date":"2026-03-06T03:24:07","date_gmt":"2026-03-06T03:24:07","guid":{"rendered":"https:\/\/bihavadis.com\/?p=62232"},"modified":"2026-03-06T03:24:07","modified_gmt":"2026-03-06T03:24:07","slug":"chpnin-38inci-olagan-kurultayina-iliskin-ceza-davasi-ertelendi","status":"publish","type":"post","link":"https:\/\/bihavadis.com\/index.php\/2026\/03\/06\/chpnin-38inci-olagan-kurultayina-iliskin-ceza-davasi-ertelendi\/","title":{"rendered":"CHP&#8217;nin 38&#8217;inci Ola\u011fan Kurultay\u0131&#8217;na ili\u015fkin ceza davas\u0131 ertelendi"},"content":{"rendered":"<p>Cumhuriyet Halk Partisi&#8217;nin kurultay davas\u0131nda yeni geli\u015fme&#8230;<\/p>\n<p>CHP&#8217;nin\u00a038&#8217;inci Ola\u011fan Kurultay\u0131&#8217;nda usuls\u00fczl\u00fck yap\u0131ld\u0131\u011f\u0131 iddias\u0131yla a\u00e7\u0131lan ceza davas\u0131n\u0131n \u00fc\u00e7\u00fcnc\u00fc duru\u015fmas\u0131 bug\u00fcn g\u00f6r\u00fcld\u00fc.\u00a0<\/p>\n<p>Ankara 26&#8217;nc\u0131 Asliye Ceza Mahkemesi&#8217;nde g\u00f6r\u00fclen davada tutuklu \u0130stanbul B\u00fcy\u00fck\u015fehir Belediye eski Ba\u015fkan\u0131 Ekrem \u0130mamo\u011flu, CHP \u0130stanbul \u0130l Ba\u015fkan\u0131\u00a0\u00d6zg\u00fcr \u00c7elik,\u00a0\u0130zmir B\u00fcy\u00fck\u015fehir Belediye Ba\u015fkan\u0131\u00a0Cemil Tugay\u00a0ve Be\u015fikta\u015f Belediye Ba\u015fkan\u0131\u00a0R\u0131za Akpolat&#8217;\u0131n\u00a0da aralar\u0131nda oldu\u011fu 12 ki\u015fi yarg\u0131lanmas\u0131na devam edildi.\u00a0<\/p>\n<p><strong>DAVA ERTELEND\u0130<\/strong><\/p>\n<p>CHP 38&#8217;inci Ola\u011fan Kurultay\u2019\u0131na ili\u015fkin Ankara 26.Asliye Ceza Mahkemesi\u2019nde g\u00f6r\u00fclen dava 1 Nisan 2026\u2019ya ertelendi.<\/p>\n<p>\u00d6te yandan Savc\u0131, \u0130BB soru\u015fturmalar\u0131yla kurultay davas\u0131n\u0131n birle\u015ftirilmesini talep etti.\u00a0<\/p>\n<p><img decoding=\"async\" src=\"https:\/\/bihavadis.com\/wp-content\/uploads\/2026\/03\/chpnin-38inci-olagan-kurultayina-iliskin-ceza-davasi-ertelendi-0-2qFXE4pJ.jpg\"\/><\/p>\n<p><strong>HAP\u0130S CEZASI TALEPLER\u0130<\/strong><\/p>\n<p>\u0130ddianamede \u0130mamo\u011flu&#8217;nun yan\u0131 s\u0131ra, \u0130zmir B\u00fcy\u00fck\u015fehir Belediye Ba\u015fkan\u0131 Cemil Tugay ve CHP \u0130stanbul \u0130l Ba\u015fkan\u0131 \u00d6zg\u00fcr \u00c7elik ile\u00a0Baki Ayd\u00f6ner, Erkan Ayd\u0131n, H\u00fcseyin Ya\u015far, Mehmet K\u0131l\u0131n\u00e7aslan, Metin G\u00fczelkaya, \u00d6zgen Nama, R\u0131za Akpolat ve Serhat Can E\u015f\u00a0hakk\u0131nda, Siyasi Partiler Kanunu&#8217;nun 112&#8217;nci maddesinde yer alan &#8220;oylamaya hile kar\u0131\u015ft\u0131rma&#8221; su\u00e7lamas\u0131yla 1 y\u0131ldan 3&#8217;er y\u0131la kadar hapis cezas\u0131 isteniyor.<\/p>\n<p><img decoding=\"async\" src=\"https:\/\/bihavadis.com\/wp-content\/uploads\/2026\/03\/chpnin-38inci-olagan-kurultayina-iliskin-ceza-davasi-ertelendi-1-ehPcqpRJ.jpg\"\/><\/p>\n<p><strong>SAVA\u015e VE KILI\u00c7DARO\u011eLU DAVADA K\u0130L\u0130T ROLDE<\/strong><\/p>\n<p>CHP kurultay\u0131n\u0131n iptali istemiyle dava a\u00e7an eski Hatay B\u00fcy\u00fck\u015fehir Belediye Ba\u015fkan\u0131\u00a0L\u00fctf\u00fc Sava\u015f&#8217;\u0131n &#8220;davaya kat\u0131lma&#8221; talebi de son celsede kabul edildi.<\/p>\n<p>\u0130ddianamede eski CHP Genel Ba\u015fkan\u0131 Kemal K\u0131l\u0131\u00e7daro\u011flu ma\u011fdur, \u0130mamo\u011flu m\u00fcdafi, eski CHP Hatay B\u00fcy\u00fck\u015fehir Belediye Ba\u015fkan\u0131 L\u00fctf\u00fc Sava\u015f m\u00fc\u015fteki olarak yer al\u0131yor.<\/p>\n<div> <span><strong>Kaynak:<\/strong> Ensonhaber Haber Merkezi<\/span> <\/div>\n","protected":false},"excerpt":{"rendered":"<p>Cumhuriyet Halk Partisi&#8217;nin kurultay davas\u0131nda yeni geli\u015fme&#8230; CHP&#8217;nin\u00a038&#8217;inci Ola\u011fan Kurultay\u0131&#8217;nda usuls\u00fczl\u00fck yap\u0131ld\u0131\u011f\u0131 iddias\u0131yla a\u00e7\u0131lan ceza davas\u0131n\u0131n \u00fc\u00e7\u00fcnc\u00fc duru\u015fmas\u0131 bug\u00fcn g\u00f6r\u00fcld\u00fc.\u00a0 Ankara 26&#8217;nc\u0131 Asliye Ceza Mahkemesi&#8217;nde g\u00f6r\u00fclen davada tutuklu &#8230;<\/p>\n","protected":false},"author":1,"featured_media":62233,"comment_status":"open","ping_status":"open","sticky":false,"template":"","format":"standard","meta":{"footnotes":""},"categories":[9,13],"tags":[986,258,1637,425,7299],"class_list":["post-62232","post","type-post","status-publish","format-standard","has-post-thumbnail","hentry","category-genel","category-son-dakika","tag-baskani","tag-ceza","tag-chp","tag-dava","tag-kurultay"],"_links":{"self":[{"href":"https:\/\/bihavadis.com\/index.php\/wp-json\/wp\/v2\/posts\/62232","targetHints":{"allow":["GET"]}}],"collection":[{"href":"https:\/\/bihavadis.com\/index.php\/wp-json\/wp\/v2\/posts"}],"about":[{"href":"https:\/\/bihavadis.com\/index.php\/wp-json\/wp\/v2\/types\/post"}],"author":[{"embeddable":true,"href":"https:\/\/bihavadis.com\/index.php\/wp-json\/wp\/v2\/users\/1"}],"replies":[{"embeddable":true,"href":"https:\/\/bihavadis.com\/index.php\/wp-json\/wp\/v2\/comments?post=62232"}],"version-history":[{"count":1,"href":"https:\/\/bihavadis.com\/index.php\/wp-json\/wp\/v2\/posts\/62232\/revisions"}],"predecessor-version":[{"id":62236,"href":"https:\/\/bihavadis.com\/index.php\/wp-json\/wp\/v2\/posts\/62232\/revisions\/62236"}],"wp:featuredmedia":[{"embeddable":true,"href":"https:\/\/bihavadis.com\/index.php\/wp-json\/wp\/v2\/media\/62233"}],"wp:attachment":[{"href":"https:\/\/bihavadis.com\/index.php\/wp-json\/wp\/v2\/media?parent=62232"}],"wp:term":[{"taxonomy":"category","embeddable":true,"href":"https:\/\/bihavadis.com\/index.php\/wp-json\/wp\/v2\/categories?post=62232"},{"taxonomy":"post_tag","embeddable":true,"href":"https:\/\/bihavadis.com\/index.php\/wp-json\/wp\/v2\/tags?post=62232"}],"curies":[{"name":"wp","href":"https:\/\/api.w.org\/{rel}","templated":true}]}}