{"id":62271,"date":"2026-03-06T03:51:05","date_gmt":"2026-03-06T03:51:05","guid":{"rendered":"https:\/\/bihavadis.com\/?p=62271"},"modified":"2026-03-06T03:51:05","modified_gmt":"2026-03-06T03:51:05","slug":"tuncelide-mlkp-uyesi-tutuklandi","status":"publish","type":"post","link":"https:\/\/bihavadis.com\/index.php\/2026\/03\/06\/tuncelide-mlkp-uyesi-tutuklandi\/","title":{"rendered":"Tunceli&#8217;de MLKP \u00dcyesi Tutukland\u0131"},"content":{"rendered":"<p> Tunceli&#8217;de MLKP ter\u00f6r \u00f6rg\u00fct\u00fcne y\u00f6nelik d\u00fczenlenen operasyonda 1 \u015f\u00fcpheli tutuklanarak cezaevine g\u00f6nderildi.<\/p>\n<p>\u0130l Emniyet M\u00fcd\u00fcrl\u00fc\u011f\u00fc \u0130stihbarat ve Ter\u00f6rle M\u00fccadele \u015eube M\u00fcd\u00fcrl\u00fc\u011f\u00fc ekiplerince MLKP ter\u00f6r \u00f6rg\u00fct\u00fcne y\u00f6nelik ger\u00e7ekle\u015ftirilen operasyonda, \u00f6rg\u00fct \u00fcyesi oldu\u011fu belirlenen O.\u00c7. isimli \u015fah\u0131s yakalanarak g\u00f6zalt\u0131na al\u0131nd\u0131. Yap\u0131lan incelemelerde, \u015f\u00fcpheli O.\u00c7.&#8217;nin \u00f6rg\u00fct i\u00e7erisinde Do\u011fu ve G\u00fcneydo\u011fu Anadolu b\u00f6lgeleri koordinasyonundan sorumlu oldu\u011fu, Tunceli&#8217;de ger\u00e7ekle\u015ftirilen eylem ve etkinlikleri organize etti\u011fi tespit edildi. \u015eahs\u0131n ayr\u0131ca ter\u00f6r \u00f6rg\u00fct\u00fcn\u00fcn yay\u0131n organ\u0131 olan gazetenin da\u011f\u0131t\u0131m ve sat\u0131\u015f\u0131n\u0131 yapt\u0131\u011f\u0131, \u00f6rg\u00fct\u00fcn g\u00fcndemine ili\u015fkin bas\u0131n a\u00e7\u0131klamalar\u0131 ve y\u00fcr\u00fcy\u00fc\u015fleri organize etti\u011fi, k\u0131rsal alanda etkisiz hale getirilen \u00f6rg\u00fct mensuplar\u0131 i\u00e7in anma etkinlikleri d\u00fczenledi\u011fi ve \u00f6rg\u00fct mensuplar\u0131na ait mezarlar\u0131n yap\u0131m\u0131 ile finansman\u0131n\u0131 sa\u011flad\u0131\u011f\u0131 belirlendi.<\/p>\n<p>Ezilenlerin Sosyalist Partisi (ESP) Tunceli \u0130l Temsilcisi oldu\u011fu \u00f6\u011frenilen O.\u00c7. hakk\u0131nda daha \u00f6nce &#8220;silahl\u0131 ter\u00f6r \u00f6rg\u00fct\u00fc kurma, y\u00f6netme ve \u00fcye olma&#8221;, &#8220;ter\u00f6r \u00f6rg\u00fct\u00fc propagandas\u0131 yapmak&#8221;, &#8220;su\u00e7u ve su\u00e7luyu \u00f6vme&#8221; ile &#8220;2911 say\u0131l\u0131 Toplant\u0131 ve G\u00f6steri Y\u00fcr\u00fcy\u00fc\u015fleri Kanununa Muhalefet&#8221; su\u00e7lar\u0131ndan toplam 9 ayr\u0131 adli i\u015flem yap\u0131ld\u0131\u011f\u0131 bildirildi. Operasyon kapsam\u0131nda \u015f\u00fcpheliye ait adres ve parti binas\u0131nda yap\u0131lan aramalarda; \u00e7ok say\u0131da toplatma karar\u0131 bulunan afi\u015f, kitap, dergi, gazete, flama, yelek ve dijital materyalin yan\u0131 s\u0131ra \u00fczerinde &#8220;tutsaklar i\u00e7in ba\u011f\u0131\u015f kutusu&#8221; ibaresi bulunan 1 adet ah\u015fap kutu ile 2 adet cezaevi mektubu ele ge\u00e7irildi. Emniyetteki i\u015flemlerinin ard\u0131ndan adliyeye sevk edilen O.\u00c7., &#8220;ter\u00f6r \u00f6rg\u00fct\u00fc \u00fcyeli\u011fi&#8221; ve &#8220;ter\u00f6r \u00f6rg\u00fct\u00fcne finansman sa\u011flamak&#8221; su\u00e7lar\u0131ndan tutuklanarak cezaevine g\u00f6nderildi.<\/p>\n<p>Tunceli Valili\u011fi taraf\u0131ndan yap\u0131lan a\u00e7\u0131klamada, ter\u00f6r \u00f6rg\u00fctleri ve bu \u00f6rg\u00fctlerin t\u00fcm faaliyetlerine kar\u015f\u0131 m\u00fccadelenin, vatanda\u015flar\u0131n huzur ve g\u00fcvenli\u011fini sa\u011flamak amac\u0131yla kararl\u0131l\u0131kla s\u00fcrd\u00fcr\u00fclece\u011fi vurguland\u0131. &#8211; TUNCEL\u0130<\/p>\n","protected":false},"excerpt":{"rendered":"<p>Tunceli&#8217;de MLKP ter\u00f6r \u00f6rg\u00fct\u00fcne y\u00f6nelik operasyonda bir \u015f\u00fcpheli tutukland\u0131. Soru\u015fturma s\u00fcr\u00fcyor.<\/p>\n","protected":false},"author":1,"featured_media":62272,"comment_status":"open","ping_status":"open","sticky":false,"template":"","format":"standard","meta":{"footnotes":""},"categories":[12],"tags":[1435,360,3675],"class_list":["post-62271","post","type-post","status-publish","format-standard","has-post-thumbnail","hentry","category-siyaset","tag-orgut","tag-teror-orgutu","tag-tunceli"],"_links":{"self":[{"href":"https:\/\/bihavadis.com\/index.php\/wp-json\/wp\/v2\/posts\/62271","targetHints":{"allow":["GET"]}}],"collection":[{"href":"https:\/\/bihavadis.com\/index.php\/wp-json\/wp\/v2\/posts"}],"about":[{"href":"https:\/\/bihavadis.com\/index.php\/wp-json\/wp\/v2\/types\/post"}],"author":[{"embeddable":true,"href":"https:\/\/bihavadis.com\/index.php\/wp-json\/wp\/v2\/users\/1"}],"replies":[{"embeddable":true,"href":"https:\/\/bihavadis.com\/index.php\/wp-json\/wp\/v2\/comments?post=62271"}],"version-history":[{"count":1,"href":"https:\/\/bihavadis.com\/index.php\/wp-json\/wp\/v2\/posts\/62271\/revisions"}],"predecessor-version":[{"id":62273,"href":"https:\/\/bihavadis.com\/index.php\/wp-json\/wp\/v2\/posts\/62271\/revisions\/62273"}],"wp:featuredmedia":[{"embeddable":true,"href":"https:\/\/bihavadis.com\/index.php\/wp-json\/wp\/v2\/media\/62272"}],"wp:attachment":[{"href":"https:\/\/bihavadis.com\/index.php\/wp-json\/wp\/v2\/media?parent=62271"}],"wp:term":[{"taxonomy":"category","embeddable":true,"href":"https:\/\/bihavadis.com\/index.php\/wp-json\/wp\/v2\/categories?post=62271"},{"taxonomy":"post_tag","embeddable":true,"href":"https:\/\/bihavadis.com\/index.php\/wp-json\/wp\/v2\/tags?post=62271"}],"curies":[{"name":"wp","href":"https:\/\/api.w.org\/{rel}","templated":true}]}}