{"id":62296,"date":"2026-03-06T04:15:08","date_gmt":"2026-03-06T04:15:08","guid":{"rendered":"https:\/\/bihavadis.com\/?p=62296"},"modified":"2026-03-06T04:15:08","modified_gmt":"2026-03-06T04:15:08","slug":"istanbulda-bir-kafede-cikan-tartismada-etraf-savas-alanina-dondu","status":"publish","type":"post","link":"https:\/\/bihavadis.com\/index.php\/2026\/03\/06\/istanbulda-bir-kafede-cikan-tartismada-etraf-savas-alanina-dondu\/","title":{"rendered":"\u0130stanbul&#8217;da bir kafede \u00e7\u0131kan tart\u0131\u015fmada etraf sava\u015f alan\u0131na d\u00f6nd\u00fc"},"content":{"rendered":"<p><span>\u0130stanbul&#8217;da bir kafede gerilim t\u0131rmand\u0131&#8230;<\/span><\/p>\n<p>Son zamanlarda ya\u015fanan kavga g\u00f6r\u00fcnt\u00fclerine, bir yenisi daha eklendi.<\/p>\n<p><strong>OLAY ANI KAMERAYA YANSIDI<\/strong><\/p>\n<p><span>Maltepe\u2019de bir kafede iki grup aras\u0131nda \u00e7\u0131kan tart\u0131\u015fma h\u0131zla b\u00fcy\u00fcyerek kavgaya d\u00f6n\u00fc\u015ft\u00fc.<\/span><\/p>\n<p>Kavga g\u00f6r\u00fcnt\u00fcleri ortaya \u00e7\u0131kt\u0131.<\/p>\n<p><img decoding=\"async\" src=\"https:\/\/bihavadis.com\/wp-content\/uploads\/2026\/03\/istanbulda-bir-kafede-cikan-tartismada-etraf-savas-alanina-dondu-0-AmIBR4k6.jpg\"\/><\/p>\n<p><strong>GEN\u00c7 KIZLAR ARBEDEN\u0130N ORTASINDA KALDI<\/strong><\/p>\n<p><span>Taraflar aras\u0131nda \u00e7\u0131kan kavgada, masalar ve sandalyeler havada u\u00e7u\u015furken arada kalan gen\u00e7 k\u0131zlar korku dolu anlar ya\u015fad\u0131.<\/span><\/p>\n<p><strong>KAHVE \u0130\u00c7EREK KAVGAYI \u0130ZLED\u0130LER<\/strong><\/p>\n<p><span>Kavga an\u0131nda etrafta olan m\u00fc\u015fterilerin baz\u0131lar\u0131n\u0131n kahve i\u00e7erek olay an\u0131n\u0131 izledi\u011fi g\u00f6r\u00fcnt\u00fcler sosyal medyada<span>\u00a0 <\/span>g\u00fcndem oldu.<\/span><\/p>\n<div> <span><strong>Kaynak:<\/strong> Ensonhaber Haber Merkezi<\/span> <\/div>\n","protected":false},"excerpt":{"rendered":"<p>\u0130stanbul&#8217;da bir kafede gerilim t\u0131rmand\u0131&#8230; Son zamanlarda ya\u015fanan kavga g\u00f6r\u00fcnt\u00fclerine, bir yenisi daha eklendi. OLAY ANI KAMERAYA YANSIDI Maltepe\u2019de bir kafede iki grup aras\u0131nda \u00e7\u0131kan tart\u0131\u015fma h\u0131zla b\u00fcy\u00fcyerek kavgaya d\u00f6n\u00fc\u015ft\u00fc. Kavga g\u00f6r\u00fcnt\u00fcleri ortaya &#8230;<\/p>\n","protected":false},"author":1,"featured_media":62297,"comment_status":"open","ping_status":"open","sticky":false,"template":"","format":"standard","meta":{"footnotes":""},"categories":[4,13],"tags":[418],"class_list":["post-62296","post","type-post","status-publish","format-standard","has-post-thumbnail","hentry","category-gundem","category-son-dakika","tag-kavga"],"_links":{"self":[{"href":"https:\/\/bihavadis.com\/index.php\/wp-json\/wp\/v2\/posts\/62296","targetHints":{"allow":["GET"]}}],"collection":[{"href":"https:\/\/bihavadis.com\/index.php\/wp-json\/wp\/v2\/posts"}],"about":[{"href":"https:\/\/bihavadis.com\/index.php\/wp-json\/wp\/v2\/types\/post"}],"author":[{"embeddable":true,"href":"https:\/\/bihavadis.com\/index.php\/wp-json\/wp\/v2\/users\/1"}],"replies":[{"embeddable":true,"href":"https:\/\/bihavadis.com\/index.php\/wp-json\/wp\/v2\/comments?post=62296"}],"version-history":[{"count":1,"href":"https:\/\/bihavadis.com\/index.php\/wp-json\/wp\/v2\/posts\/62296\/revisions"}],"predecessor-version":[{"id":62299,"href":"https:\/\/bihavadis.com\/index.php\/wp-json\/wp\/v2\/posts\/62296\/revisions\/62299"}],"wp:featuredmedia":[{"embeddable":true,"href":"https:\/\/bihavadis.com\/index.php\/wp-json\/wp\/v2\/media\/62297"}],"wp:attachment":[{"href":"https:\/\/bihavadis.com\/index.php\/wp-json\/wp\/v2\/media?parent=62296"}],"wp:term":[{"taxonomy":"category","embeddable":true,"href":"https:\/\/bihavadis.com\/index.php\/wp-json\/wp\/v2\/categories?post=62296"},{"taxonomy":"post_tag","embeddable":true,"href":"https:\/\/bihavadis.com\/index.php\/wp-json\/wp\/v2\/tags?post=62296"}],"curies":[{"name":"wp","href":"https:\/\/api.w.org\/{rel}","templated":true}]}}