{"id":62325,"date":"2026-03-06T04:42:07","date_gmt":"2026-03-06T04:42:07","guid":{"rendered":"https:\/\/bihavadis.com\/?p=62325"},"modified":"2026-03-06T04:42:07","modified_gmt":"2026-03-06T04:42:07","slug":"suriyedeki-hol-kampindan-22-bin-kisi-iraka-nakledildi","status":"publish","type":"post","link":"https:\/\/bihavadis.com\/index.php\/2026\/03\/06\/suriyedeki-hol-kampindan-22-bin-kisi-iraka-nakledildi\/","title":{"rendered":"Suriye&#8217;deki Hol Kamp\u0131&#8217;ndan 22 bin ki\u015fi Irak&#8217;a nakledildi"},"content":{"rendered":"<p>ABD&#8217;nin 2003&#8217;te Irak&#8217;\u0131 i\u015fgaliyle ba\u015flayan \u00e7at\u0131\u015fmalardan ka\u00e7anlar i\u00e7in kurulan Hol Kamp\u0131, Suriye&#8217;nin do\u011fusundaki Haseke ilinde yer al\u0131yordu.<\/p>\n<p>Ter\u00f6r \u00f6rg\u00fct\u00fc YPG, bu kampta ter\u00f6r \u00f6rg\u00fct\u00fc DEA\u015e ile \u00e7at\u0131\u015fmalardan ka\u00e7an sivillerin yan\u0131 s\u0131ra teslim olan baz\u0131 DEA\u015e&#8217;l\u0131lar\u0131 ve ailelerini tutuyordu.<\/p>\n<p>YPG, uzun y\u0131llar bu kamp\u0131, yabanc\u0131 devletler taraf\u0131ndan muhatap al\u0131nmak i\u00e7in bir t\u00fcr diplomasi arac\u0131 olarak kullanm\u0131\u015ft\u0131.<\/p>\n<p><strong>22 B\u0130N K\u0130\u015e\u0130, 32 KAF\u0130LE HAL\u0130NDE IRAK&#8217;A NAKLED\u0130LD\u0130<\/strong><\/p>\n<p>Irak resmi haber ajans\u0131 INA&#8217;ya konu\u015fan Irak Milli G\u00fcvenlik M\u00fcste\u015farl\u0131\u011f\u0131&#8217;nda Stratejik \u0130\u015fler Dan\u0131\u015fman\u0131 Said el-Ceyya\u015fi, Hol Kamp\u0131&#8217;n\u0131n t\u00fcm\u00fcyle bo\u015falt\u0131ld\u0131\u011f\u0131n\u0131 s\u00f6yledi.<\/p>\n<p>Kamptan 5 bin 600&#8217;den fazla aileden olu\u015fan 22 bin ki\u015finin 32 ayr\u0131 kafile halinde Irak&#8217;a nakledildi\u011fini belirten Ceyya\u015fi, transfer s\u00fcrecinin Irak Milli G\u00fcvenlik M\u00fcste\u015farl\u0131\u011f\u0131 ve di\u011fer baz\u0131 kurumlar\u0131n koordinasyonunda g\u00fcvenli \u015fekilde y\u00fcr\u00fct\u00fcld\u00fc\u011f\u00fcn\u00fc ifade etti.<\/p>\n<p><strong>&#8220;IRAK&#8217;A NAKLED\u0130LECEK SON B\u0130R KAF\u0130LE KALDI&#8221;<\/strong><\/p>\n<p>Hol Kamp\u0131&#8217;n\u0131n tahliyesinin ba\u015far\u0131yla b\u00fcy\u00fck \u00f6l\u00e7\u00fcde tamamland\u0131\u011f\u0131n\u0131 kaydeden Ceyya\u015fi, Irak&#8217;a nakledilecek son bir kafilenin kald\u0131\u011f\u0131n\u0131 ifade etti.<\/p>\n<p>Ceyya\u015fi, kamptan getirilen ailelerle ilgilenmek \u00fczere uluslararas\u0131, ulusal ve h\u00fck\u00fcmet d\u00fczeyinde d\u00f6rt teknik grubun g\u00f6rev yapt\u0131\u011f\u0131n\u0131 belirtti.<\/p>\n<p><strong>\u00c7OCUKLARIN KORUNMASI KAPSAMINDA \u00c7ALI\u015eMALAR Y\u00dcR\u00dcT\u00dcL\u00dcYOR<\/strong><\/p>\n<p>Irak Y\u00fcksek Yarg\u0131 Konseyinin bu gruplardan birine liderlik etti\u011fini aktaran Ceyya\u015fi, G\u00f6\u00e7men ve \u00c7al\u0131\u015fma bakanl\u0131klar\u0131n\u0131n da birer gruba \u00f6nc\u00fcl\u00fck etti\u011fini s\u00f6yledi.<\/p>\n<p>Ceyya\u015fi, s\u00f6z konusu gruplar\u0131n \u00e7ocuklar\u0131n korunmas\u0131, hukuki i\u015flemler ve rehabilitasyon alanlar\u0131nda da \u00e7al\u0131\u015fmalar y\u00fcr\u00fctt\u00fc\u011f\u00fcn\u00fc aktard\u0131.<\/p>\n<p><strong>HOL KAMPI&#8217;NIN BO\u015eALTILDI\u011eI B\u0130LD\u0130R\u0130LM\u0130\u015eT\u0130<\/strong><\/p>\n<p>Suriye&#8217;nin Haseke ilinde, ge\u00e7en ay d\u00fczenlenen operasyonla ter\u00f6r \u00f6rg\u00fct\u00fc YPG&#8217;nin i\u015fgalinden kurtar\u0131lan Hol Kamp\u0131&#8217;n\u0131n bo\u015falt\u0131ld\u0131\u011f\u0131 bildirilmi\u015fti.<\/p>\n<p>Suriye D\u0131\u015fi\u015fleri Bakanl\u0131\u011f\u0131 yetkilisi Fadi el-Kas\u0131m, yapt\u0131\u011f\u0131 a\u00e7\u0131klamada, Hol Kamp\u0131&#8217;nda kalan son ki\u015filerin de tahliye edildi\u011fini s\u00f6ylemi\u015fti.<\/p>\n<p><img decoding=\"async\" src=\"https:\/\/bihavadis.com\/wp-content\/uploads\/2026\/03\/suriyedeki-hol-kampindan-22-bin-kisi-iraka-nakledildi-0-diblf9lh.jpg\"\/> <\/p>\n<div> <span><strong>Kaynak:<\/strong> Anadolu Ajans\u0131 (AA)<\/span> <\/div>\n","protected":false},"excerpt":{"rendered":"<p>ABD&#8217;nin 2003&#8217;te Irak&#8217;\u0131 i\u015fgaliyle ba\u015flayan \u00e7at\u0131\u015fmalardan ka\u00e7anlar i\u00e7in kurulan Hol Kamp\u0131, Suriye&#8217;nin do\u011fusundaki Haseke ilinde yer al\u0131yordu. Ter\u00f6r \u00f6rg\u00fct\u00fc YPG, bu kampta ter\u00f6r \u00f6rg\u00fct\u00fc DEA\u015e ile \u00e7at\u0131\u015fmalardan ka\u00e7an sivillerin yan\u0131 s\u0131ra teslim olan baz\u0131 &#8230;<\/p>\n","protected":false},"author":1,"featured_media":62326,"comment_status":"open","ping_status":"open","sticky":false,"template":"","format":"standard","meta":{"footnotes":""},"categories":[6],"tags":[6106,1317],"class_list":["post-62325","post","type-post","status-publish","format-standard","has-post-thumbnail","hentry","category-dunya","tag-hol","tag-irak"],"_links":{"self":[{"href":"https:\/\/bihavadis.com\/index.php\/wp-json\/wp\/v2\/posts\/62325","targetHints":{"allow":["GET"]}}],"collection":[{"href":"https:\/\/bihavadis.com\/index.php\/wp-json\/wp\/v2\/posts"}],"about":[{"href":"https:\/\/bihavadis.com\/index.php\/wp-json\/wp\/v2\/types\/post"}],"author":[{"embeddable":true,"href":"https:\/\/bihavadis.com\/index.php\/wp-json\/wp\/v2\/users\/1"}],"replies":[{"embeddable":true,"href":"https:\/\/bihavadis.com\/index.php\/wp-json\/wp\/v2\/comments?post=62325"}],"version-history":[{"count":1,"href":"https:\/\/bihavadis.com\/index.php\/wp-json\/wp\/v2\/posts\/62325\/revisions"}],"predecessor-version":[{"id":62328,"href":"https:\/\/bihavadis.com\/index.php\/wp-json\/wp\/v2\/posts\/62325\/revisions\/62328"}],"wp:featuredmedia":[{"embeddable":true,"href":"https:\/\/bihavadis.com\/index.php\/wp-json\/wp\/v2\/media\/62326"}],"wp:attachment":[{"href":"https:\/\/bihavadis.com\/index.php\/wp-json\/wp\/v2\/media?parent=62325"}],"wp:term":[{"taxonomy":"category","embeddable":true,"href":"https:\/\/bihavadis.com\/index.php\/wp-json\/wp\/v2\/categories?post=62325"},{"taxonomy":"post_tag","embeddable":true,"href":"https:\/\/bihavadis.com\/index.php\/wp-json\/wp\/v2\/tags?post=62325"}],"curies":[{"name":"wp","href":"https:\/\/api.w.org\/{rel}","templated":true}]}}