{"id":62380,"date":"2026-03-06T05:24:06","date_gmt":"2026-03-06T05:24:06","guid":{"rendered":"https:\/\/bihavadis.com\/?p=62380"},"modified":"2026-03-06T05:24:06","modified_gmt":"2026-03-06T05:24:06","slug":"6-subat-nigdede-fotograf-sergisiyle-anildi","status":"publish","type":"post","link":"https:\/\/bihavadis.com\/index.php\/2026\/03\/06\/6-subat-nigdede-fotograf-sergisiyle-anildi\/","title":{"rendered":"6 \u015eubat Ni\u011fde&#8217;de foto\u011fraf sergisiyle an\u0131ld\u0131"},"content":{"rendered":"<p>6 \u015eubat 2023&#8217;te meydana gelen ve &#8216;asr\u0131n felaketi&#8217; olarak haf\u0131zalara kaz\u0131nan Kahramanmara\u015f merkezli depremlerin \u00fc\u00e7\u00fcnc\u00fc y\u0131l d\u00f6n\u00fcm\u00fc dolay\u0131s\u0131yla Ni\u011fde&#8217;de anma program\u0131 kapsam\u0131nda \u015ead\u0131rvan Park&#8217;ta foto\u011fraf sergisi a\u00e7\u0131ld\u0131.<\/p>\n<p> AFAD taraf\u0131ndan d\u00fczenlenen ve 6 \u015eubat depremlerini konu alan foto\u011fraf sergisinin a\u00e7\u0131l\u0131\u015f\u0131na Ni\u011fde Valisi Nedim Ak\u015feme, AK Parti Ni\u011fde Milletvekili Cevahir Uzkurt, Ni\u011fde Belediye Ba\u015fkan\u0131 Emrah \u00d6zdemir, protokol \u00fcyeleri ile \u00e7ok say\u0131da vatanda\u015f kat\u0131ld\u0131. Sergide, depremin y\u0131k\u0131c\u0131 etkilerini ve ya\u015fanan ac\u0131lar\u0131 yans\u0131tan foto\u011fraflar yer ald\u0131. Anma program\u0131nda konu\u015fan Ni\u011fde Valisi Nedim Ak\u015feme, 6 \u015eubat 2023 tarihinde meydana gelen depremlerin T\u00fcrk milletinin haf\u0131zas\u0131nda derin izler b\u0131rakt\u0131\u011f\u0131n\u0131 belirterek, T\u00fcrkiye tarihinin en a\u011f\u0131r afetlerinden biri olan depremlerin 11 ilde yakla\u015f\u0131k 14 milyon vatanda\u015f\u0131 do\u011frudan etkiledi\u011fini, 50 bini a\u015fk\u0131n insan\u0131n hayat\u0131n\u0131 kaybetti\u011fini ifade etti.<\/p>\n<p>Depremin ilk an\u0131ndan itibaren devletin t\u00fcm imkanlar\u0131yla sahada yer ald\u0131\u011f\u0131n\u0131 belirten Ak\u015feme, arama kurtarma, bar\u0131nma, sa\u011fl\u0131k ve sosyal destek hizmetlerinin e\u015f zamanl\u0131 y\u00fcr\u00fct\u00fcld\u00fc\u011f\u00fcn\u00fc, yaralar\u0131n sar\u0131lmas\u0131 s\u00fcrecinin kararl\u0131l\u0131kla s\u00fcrd\u00fcr\u00fcld\u00fc\u011f\u00fcn\u00fc kaydetti. Vali Ak\u015feme, &#8220;Aziz milletimiz birlik, beraberlik ve dayan\u0131\u015fma ruhunun en g\u00fc\u00e7l\u00fc \u00f6rneklerinden birini sergilemi\u015f, 86 milyon tek y\u00fcrek olmu\u015ftur&#8221; dedi.<\/p>\n<p>Ni\u011fde&#8217;nin de deprem sonras\u0131nda Genel Hayata Etkili Afet B\u00f6lgesi ilan edildi\u011fini hat\u0131rlatan Ak\u015feme, il genelinde yap\u0131lan hasar tespit \u00e7al\u0131\u015fmalar\u0131na ili\u015fkin bilgi verdi.<\/p>\n<p>Bu kapsamda Ni\u011fde&#8217;de 304 binada ve 3 bin 366 ba\u011f\u0131ms\u0131z b\u00f6l\u00fcmde hasar tespiti yap\u0131ld\u0131\u011f\u0131n\u0131, depremden etkilenen vatanda\u015flara kira, ta\u015f\u0131nma ve nakdi destekler kapsam\u0131nda toplam 69 milyon 945 bin TL \u00f6deme ger\u00e7ekle\u015ftirildi\u011fini a\u00e7\u0131klad\u0131.<\/p>\n<p>Anma program\u0131nda konu\u015fan AK Parti Ni\u011fde Milletvekili Cevahir Uzkurt ise sergide yer alan foto\u011fraflar\u0131n, \u00fclkenin bizzat ya\u015fad\u0131\u011f\u0131 asr\u0131n felaketinin birer tan\u0131\u011f\u0131 oldu\u011funu belirterek, bu ac\u0131lar\u0131n bir daha ya\u015fanmamas\u0131n\u0131 temenni etti.<\/p>\n<p>Program kapsam\u0131nda serginin gezilmesinin ard\u0131ndan, anma etkinliklerine kat\u0131lan vatanda\u015flara \u00e7orba ikram\u0131nda bulunuldu. &#8211; N\u0130\u011eDE<\/p>\n","protected":false},"excerpt":{"rendered":"<p>6 \u015eubat 2023 Kahramanmara\u015f merkezli depremlerinin \u00fc\u00e7\u00fcnc\u00fc y\u0131l d\u00f6n\u00fcm\u00fc dolay\u0131s\u0131yla Ni\u011fde&#8217;de d\u00fczenlenen anma program\u0131nda, AFAD taraf\u0131ndan a\u00e7\u0131lan foto\u011fraf sergisi ile depremin y\u0131k\u0131c\u0131 etkileri ve kay\u0131plar hat\u0131rland\u0131. Vali Ak\u015feme, milletin dayan\u0131\u015fma ruhuna vurgu yapt\u0131.<\/p>\n","protected":false},"author":1,"featured_media":62381,"comment_status":"open","ping_status":"open","sticky":false,"template":"","format":"standard","meta":{"footnotes":""},"categories":[12],"tags":[60,2066],"class_list":["post-62380","post","type-post","status-publish","format-standard","has-post-thumbnail","hentry","category-siyaset","tag-deprem","tag-nigde"],"_links":{"self":[{"href":"https:\/\/bihavadis.com\/index.php\/wp-json\/wp\/v2\/posts\/62380","targetHints":{"allow":["GET"]}}],"collection":[{"href":"https:\/\/bihavadis.com\/index.php\/wp-json\/wp\/v2\/posts"}],"about":[{"href":"https:\/\/bihavadis.com\/index.php\/wp-json\/wp\/v2\/types\/post"}],"author":[{"embeddable":true,"href":"https:\/\/bihavadis.com\/index.php\/wp-json\/wp\/v2\/users\/1"}],"replies":[{"embeddable":true,"href":"https:\/\/bihavadis.com\/index.php\/wp-json\/wp\/v2\/comments?post=62380"}],"version-history":[{"count":1,"href":"https:\/\/bihavadis.com\/index.php\/wp-json\/wp\/v2\/posts\/62380\/revisions"}],"predecessor-version":[{"id":62382,"href":"https:\/\/bihavadis.com\/index.php\/wp-json\/wp\/v2\/posts\/62380\/revisions\/62382"}],"wp:featuredmedia":[{"embeddable":true,"href":"https:\/\/bihavadis.com\/index.php\/wp-json\/wp\/v2\/media\/62381"}],"wp:attachment":[{"href":"https:\/\/bihavadis.com\/index.php\/wp-json\/wp\/v2\/media?parent=62380"}],"wp:term":[{"taxonomy":"category","embeddable":true,"href":"https:\/\/bihavadis.com\/index.php\/wp-json\/wp\/v2\/categories?post=62380"},{"taxonomy":"post_tag","embeddable":true,"href":"https:\/\/bihavadis.com\/index.php\/wp-json\/wp\/v2\/tags?post=62380"}],"curies":[{"name":"wp","href":"https:\/\/api.w.org\/{rel}","templated":true}]}}