{"id":62391,"date":"2026-03-06T05:33:06","date_gmt":"2026-03-06T05:33:06","guid":{"rendered":"https:\/\/bihavadis.com\/?p=62391"},"modified":"2026-03-06T05:33:06","modified_gmt":"2026-03-06T05:33:06","slug":"talas-belediyesi-depremi-andi","status":"publish","type":"post","link":"https:\/\/bihavadis.com\/index.php\/2026\/03\/06\/talas-belediyesi-depremi-andi\/","title":{"rendered":"Talas Belediyesi Depremi And\u0131"},"content":{"rendered":"<p> Talas Belediyesi, Kahramanmara\u015f merkezli 6 \u015eubat 2023&#8217;teki depremlerin 3. y\u0131l\u0131 dolay\u0131s\u0131yla il\u00e7enin farkl\u0131 noktalar\u0131na as\u0131lan billboardlarda, depremde hayat\u0131n\u0131 kaybeden vatanda\u015flar\u0131 &#8220;H\u00fcz\u00fcnle, rahmetle&#8221; mesaj\u0131yla and\u0131.<\/p>\n<p>Belediyeden yap\u0131lan yaz\u0131l\u0131 a\u00e7\u0131klamaya g\u00f6re, siyah zemin \u00fczerine yerle\u015ftirilen \u00e7ocuk ve yeti\u015fkin ayakkab\u0131lar\u0131, yar\u0131m kalan hayatlar\u0131n sessiz sembol\u00fc olarak tasar\u0131m\u0131n merkezinde yer al\u0131yor.<\/p>\n<p>\u00dcst b\u00f6l\u00fcmde &#8220;6 \u015eubat&#8221; ifadesi, alt b\u00f6l\u00fcmde ise &#8220;H\u00fcz\u00fcnle, rahmetle&#8221; s\u00f6zleri yer alan bilboardlardaki siyah kurdele ise ortak yas\u0131n ve millet\u00e7e payla\u015f\u0131lan ac\u0131n\u0131n evrensel simgesi olarak dikkati \u00e7ekiyor.<\/p>\n<p>A\u00e7\u0131klamada g\u00f6r\u00fc\u015flerine yer verilen Talas Belediye Ba\u015fkan\u0131 Mustafa Yal\u00e7\u0131n, 6 \u015eubat&#8217;\u0131n milletin haf\u0131zas\u0131nda silinmeyecek bir iz b\u0131rakt\u0131\u011f\u0131n\u0131 belirtti.<\/p>\n<p>Kaybedilen her bir can\u0131 rahmetle and\u0131\u011f\u0131n\u0131 belirten Yal\u00e7\u0131n, &#8220;Bu ac\u0131y\u0131 unutmadan, birlik ve dayan\u0131\u015fma ruhumuzu daha da g\u00fc\u00e7lendirerek yolumuza devam edece\u011fiz. Rabbim milletimize bir daha b\u00f6yle ac\u0131lar ya\u015fatmas\u0131n.&#8221; ifadelerini kulland\u0131.<\/p>\n","protected":false},"excerpt":{"rendered":"<p>Talas, 6 \u015eubat depremlerinin 3. y\u0131l\u0131 i\u00e7in billboardlarda hayat\u0131n\u0131 kaybedenleri and\u0131.<\/p>\n","protected":false},"author":1,"featured_media":62392,"comment_status":"open","ping_status":"open","sticky":false,"template":"","format":"standard","meta":{"footnotes":""},"categories":[12],"tags":[],"class_list":["post-62391","post","type-post","status-publish","format-standard","has-post-thumbnail","hentry","category-siyaset"],"_links":{"self":[{"href":"https:\/\/bihavadis.com\/index.php\/wp-json\/wp\/v2\/posts\/62391","targetHints":{"allow":["GET"]}}],"collection":[{"href":"https:\/\/bihavadis.com\/index.php\/wp-json\/wp\/v2\/posts"}],"about":[{"href":"https:\/\/bihavadis.com\/index.php\/wp-json\/wp\/v2\/types\/post"}],"author":[{"embeddable":true,"href":"https:\/\/bihavadis.com\/index.php\/wp-json\/wp\/v2\/users\/1"}],"replies":[{"embeddable":true,"href":"https:\/\/bihavadis.com\/index.php\/wp-json\/wp\/v2\/comments?post=62391"}],"version-history":[{"count":1,"href":"https:\/\/bihavadis.com\/index.php\/wp-json\/wp\/v2\/posts\/62391\/revisions"}],"predecessor-version":[{"id":62393,"href":"https:\/\/bihavadis.com\/index.php\/wp-json\/wp\/v2\/posts\/62391\/revisions\/62393"}],"wp:featuredmedia":[{"embeddable":true,"href":"https:\/\/bihavadis.com\/index.php\/wp-json\/wp\/v2\/media\/62392"}],"wp:attachment":[{"href":"https:\/\/bihavadis.com\/index.php\/wp-json\/wp\/v2\/media?parent=62391"}],"wp:term":[{"taxonomy":"category","embeddable":true,"href":"https:\/\/bihavadis.com\/index.php\/wp-json\/wp\/v2\/categories?post=62391"},{"taxonomy":"post_tag","embeddable":true,"href":"https:\/\/bihavadis.com\/index.php\/wp-json\/wp\/v2\/tags?post=62391"}],"curies":[{"name":"wp","href":"https:\/\/api.w.org\/{rel}","templated":true}]}}