{"id":62403,"date":"2026-03-06T05:42:07","date_gmt":"2026-03-06T05:42:07","guid":{"rendered":"https:\/\/bihavadis.com\/?p=62403"},"modified":"2026-03-06T05:42:07","modified_gmt":"2026-03-06T05:42:07","slug":"baskan-er-malatya-daha-guvenli-daha-direncli-bir-sehir-oldu","status":"publish","type":"post","link":"https:\/\/bihavadis.com\/index.php\/2026\/03\/06\/baskan-er-malatya-daha-guvenli-daha-direncli-bir-sehir-oldu\/","title":{"rendered":"Ba\u015fkan Er, &#8221; Malatya daha g\u00fcvenli daha diren\u00e7li bir \u015fehir oldu&#8221;"},"content":{"rendered":"<p> Malatya B\u00fcy\u00fck\u015fehir Belediye Ba\u015fkan\u0131 Sami Er, Malatya&#8217;y\u0131 tek merkezli de\u011fil \u00e7ok merkezli bir \u015fehir olarak planlad\u0131klar\u0131n\u0131 ifade ederek, &#8220;Malatya daha g\u00fcvenli ve daha diren\u00e7li bir \u015fehir oldu&#8221; dedi.<\/p>\n<p>B\u00fcy\u00fck\u015fehir Belediye Ba\u015fkan\u0131 Sami Er, 6 \u015eubat depremlerinin y\u0131ld\u00f6n\u00fcm\u00fc dolay\u0131s\u0131yla Malatya Valili\u011fi taraf\u0131ndan d\u00fczenlenen anma program\u0131na kat\u0131ld\u0131. 6 \u015eubat Deprem \u015eehitleri An\u0131t\u0131&#8217;nda d\u00fczenlenen anma program\u0131 kapsam\u0131nda Kuran-\u0131 Kerim tilavetinin ard\u0131ndan dua edilmesi sonras\u0131 Ba\u015fkan Er, an\u0131ta deprem \u015fehitleri an\u0131s\u0131na karanfil b\u0131rakt\u0131. Vali Seddar Yavuz ile birlikte \u015fehitlerin kabirlerini de ziyaret eden Ba\u015fkan Er, ailelerin ac\u0131lar\u0131n\u0131 payla\u015ft\u0131.<\/p>\n<p>6 \u015eubat Deprem \u015eehitleri Anma program\u0131nda bir a\u00e7\u0131klama yapan B\u00fcy\u00fck\u015fehir Belediye Ba\u015fkan\u0131 Sami Er, &#8220;Asr\u0131n felaketi diyoruz ama belki de &#8216;As\u0131rlar\u0131n Felaketi&#8217; dememiz gerekir. Ger\u00e7ekten benzeri g\u00f6r\u00fclmemi\u015f bir afetti. 11 ili kapsayan \u00e7ok a\u011f\u0131r bir deprem ya\u015fad\u0131k. Malatya&#8217;da ise Allah&#8217;a hamdolsun, hasar b\u00fcy\u00fck olmas\u0131na ra\u011fmen can kayb\u0131 oran\u0131 di\u011fer baz\u0131 illere g\u00f6re daha azd\u0131. Ancak bu durum d\u0131\u015far\u0131dan bak\u0131ld\u0131\u011f\u0131nda Malatya&#8217;da \u00e7ok fazla y\u0131k\u0131m yokmu\u015f gibi bir alg\u0131 olu\u015fturdu. Oysa Malatya, Hatay&#8217;dan sonra en fazla yara alan ikinci il oldu. \u015eehitlerimize Allah&#8217;tan rahmet diliyorum, yak\u0131nlar\u0131na sab\u0131rlar temenni ediyorum. Hala tedavi ve rehabilitasyon s\u00fcrecinde olan karde\u015flerimize de acil \u015fifalar diliyorum&#8221; dedi.<\/p>\n<p>Malatya&#8217;n\u0131n \u00e7ok a\u011f\u0131r bir y\u0131k\u0131m ya\u015famas\u0131na ra\u011fmen yeniden aya\u011fa kalkmas\u0131n\u0131n \u015f\u00fckr\u00fcn\u00fc ya\u015fad\u0131\u011f\u0131n\u0131 dile getiren Ba\u015fkan Er, &#8220;Evet, \u00e7ok a\u011f\u0131r bir y\u0131k\u0131m ya\u015fad\u0131k. Ama Allah&#8217;a hamdolsun yeniden aya\u011fa kalkt\u0131k. 6 \u015eubat kalbimizde ac\u0131 bir hat\u0131ra olarak kald\u0131 fakat ayn\u0131 zamanda bize b\u00fcy\u00fck bir dayan\u0131\u015fmay\u0131, birlik ve beraberli\u011fi de g\u00f6sterdi. Devletimizin t\u00fcm kurumlar\u0131n\u0131 sahada g\u00f6rd\u00fck, hala da g\u00f6rmeye devam ediyoruz. Cumhurba\u015fkan\u0131m\u0131z\u0131n g\u00fc\u00e7l\u00fc liderli\u011fi, bakanlar\u0131m\u0131z\u0131n yo\u011fun destekleri \u00f6zellikle Murat Kurum Bakan\u0131m\u0131z ve \u0130\u00e7i\u015fleri Bakan\u0131m\u0131z Ali Yerlikaya ba\u015fta olmak \u00fczere t\u00fcm kurumlar\u0131n sahadaki gayreti ger\u00e7ekten \u00e7ok k\u0131ymetliydi. Yerelde Say\u0131n Valimizle, milletvekillerimizle, belediye ba\u015fkanlar\u0131m\u0131zla ve vatanda\u015flar\u0131m\u0131zla g\u00fc\u00e7l\u00fc bir sinerji olu\u015fturduk. Depremin ilk an\u0131nda canlar\u0131m\u0131z\u0131 kurtarmaya odakland\u0131k, ard\u0131ndan bar\u0131nma sorununu \u00e7\u00f6zmeye \u00e7al\u0131\u015ft\u0131k. Devlet-millet el ele vererek \u00e7ok b\u00fcy\u00fck bir dayan\u0131\u015fma ortaya koydu. B\u00f6yle bir birlikteli\u011fin ba\u015fka milletlerde kolay kolay g\u00f6r\u00fclemeyece\u011fini d\u00fc\u015f\u00fcn\u00fcyorum&#8221; \u015feklinde konu\u015ftu.<\/p>\n<p>Malatya&#8217;da 121 bin konutun in\u015fas\u0131n\u0131n tamamlama a\u015famas\u0131na geldi\u011fini ifade eden Ba\u015fkan Er, &#8220;Bunun 105 bini TOK\u0130 ve Emlak Konut eliyle, yakla\u015f\u0131k 17 bini ise yerinde d\u00f6n\u00fc\u015f\u00fcm projeleriyle yap\u0131l\u0131yor. Biz, iki y\u0131lda 121 bin ba\u011f\u0131ms\u0131z b\u00f6l\u00fcm\u00fc bitirme noktas\u0131na geldik. Bu b\u00fcy\u00fck afeti bir f\u0131rsata \u00e7evirmek istiyoruz. Ac\u0131lar\u0131m\u0131z\u0131 unutmayaca\u011f\u0131z ama s\u00fcrekli deprem vurgusuyla moral bozmak yerine daha diren\u00e7li ve ya\u015fanabilir bir \u015fehir kurmaya odaklan\u0131yoruz. \u015eu anda ger\u00e7ekten yeni bir Malatya in\u015fa ediyoruz. Art\u0131k Malatya&#8217;y\u0131 tek merkezli de\u011fil, \u00e7ok merkezli bir \u015fehir olarak planlad\u0131k. Yeni ya\u015fam merkezleri olu\u015ftu, baz\u0131lar\u0131 ileride il\u00e7e olabilecek potansiyele sahip. Bar\u0131nman\u0131n yan\u0131nda g\u00fc\u00e7l\u00fc altyap\u0131 da gerekiyor. Bu kapsamda yakla\u015f\u0131k 35 milyar liral\u0131k altyap\u0131 yat\u0131r\u0131m\u0131 yap\u0131yoruz. Altyap\u0131n\u0131n neredeyse tamam\u0131 yenileniyor. Bunun 20 milyar liras\u0131 TOK\u0130 ve Emlak Konut taraf\u0131ndan, 15 milyar liras\u0131 ise MASK\u0130 taraf\u0131ndan sa\u011flanan finansmanla ger\u00e7ekle\u015ftiriliyor. Ayr\u0131ca sosyal donat\u0131lar, ya\u015fam alanlar\u0131, e\u011fitim ve k\u00fclt\u00fcr tesisleri kuruyoruz. Malatya&#8217;y\u0131 &#8220;k\u00fct\u00fcphaneler \u015fehri&#8221; ve &#8220;sporun \u015fehri&#8221; yapma hedefi koyduk. B\u00f6lgenin en b\u00fcy\u00fck, 7\/24 a\u00e7\u0131k olacak k\u00fct\u00fcphanesini in\u015fa ediyoruz. Bunun yan\u0131nda 5 b\u00fcy\u00fck spor kompleksi ve yakla\u015f\u0131k 40 yeni spor alan\u0131 olu\u015fturuyoruz. Bu yat\u0131r\u0131mlar artt\u0131k\u00e7a Malatya \u00e7ok daha ya\u015fanabilir bir \u015fehir haline gelecek. Buradan g\u00f6\u00e7 etmi\u015f hem\u015fehrilerimize de seslenmek istiyorum. Gelip Malatya&#8217;y\u0131 yeniden g\u00f6r\u00fcn. Malatya art\u0131k eskisinden daha g\u00fczel, g\u00fcvenli ve diren\u00e7li bir \u015fehir oldu. \u00c7ar\u015f\u0131lar\u0131m\u0131z a\u00e7\u0131l\u0131yor, esnaf\u0131m\u0131z d\u00fckkanlar\u0131na kavu\u015fuyor, vatanda\u015flar\u0131m\u0131z evlerine yerle\u015fiyor. Bir d\u00f6nem 120 bin vatanda\u015f\u0131m\u0131z konteynerde ya\u015f\u0131yordu, bug\u00fcn bu say\u0131 36 bine d\u00fc\u015ft\u00fc. \u0130n\u015fallah 2026 y\u0131l\u0131 i\u00e7inde bu s\u00fcreci tamamen tamamlayaca\u011f\u0131z. T\u00fcm hem\u015fehrilerimizi yeniden Malatya&#8217;ya d\u00f6nmeye davet ediyorum. Yeni, farkl\u0131 ve daha umutlu bir Malatya&#8217;da birlikte ya\u015fayal\u0131m&#8221; diye konu\u015ftu. &#8211; MALATYA<\/p>\n","protected":false},"excerpt":{"rendered":"<p>Malatya B\u00fcy\u00fck\u015fehir Belediye Ba\u015fkan\u0131 Sami Er, Malatya&#8217;y\u0131 tek merkezli de\u011fil \u00e7ok merkezli bir \u015fehir olarak planlad\u0131klar\u0131n\u0131 ifade ederek, &#8220;Malatya daha g\u00fcvenli ve daha diren\u00e7li bir \u015fehir oldu&#8221; dedi.<\/p>\n","protected":false},"author":1,"featured_media":62404,"comment_status":"open","ping_status":"open","sticky":false,"template":"","format":"standard","meta":{"footnotes":""},"categories":[12],"tags":[516,60,2631,2454,7311],"class_list":["post-62403","post","type-post","status-publish","format-standard","has-post-thumbnail","hentry","category-siyaset","tag-baskan","tag-deprem","tag-er","tag-malatya","tag-sehitleri"],"_links":{"self":[{"href":"https:\/\/bihavadis.com\/index.php\/wp-json\/wp\/v2\/posts\/62403","targetHints":{"allow":["GET"]}}],"collection":[{"href":"https:\/\/bihavadis.com\/index.php\/wp-json\/wp\/v2\/posts"}],"about":[{"href":"https:\/\/bihavadis.com\/index.php\/wp-json\/wp\/v2\/types\/post"}],"author":[{"embeddable":true,"href":"https:\/\/bihavadis.com\/index.php\/wp-json\/wp\/v2\/users\/1"}],"replies":[{"embeddable":true,"href":"https:\/\/bihavadis.com\/index.php\/wp-json\/wp\/v2\/comments?post=62403"}],"version-history":[{"count":1,"href":"https:\/\/bihavadis.com\/index.php\/wp-json\/wp\/v2\/posts\/62403\/revisions"}],"predecessor-version":[{"id":62405,"href":"https:\/\/bihavadis.com\/index.php\/wp-json\/wp\/v2\/posts\/62403\/revisions\/62405"}],"wp:featuredmedia":[{"embeddable":true,"href":"https:\/\/bihavadis.com\/index.php\/wp-json\/wp\/v2\/media\/62404"}],"wp:attachment":[{"href":"https:\/\/bihavadis.com\/index.php\/wp-json\/wp\/v2\/media?parent=62403"}],"wp:term":[{"taxonomy":"category","embeddable":true,"href":"https:\/\/bihavadis.com\/index.php\/wp-json\/wp\/v2\/categories?post=62403"},{"taxonomy":"post_tag","embeddable":true,"href":"https:\/\/bihavadis.com\/index.php\/wp-json\/wp\/v2\/tags?post=62403"}],"curies":[{"name":"wp","href":"https:\/\/api.w.org\/{rel}","templated":true}]}}