{"id":62429,"date":"2026-03-06T05:57:07","date_gmt":"2026-03-06T05:57:07","guid":{"rendered":"https:\/\/bihavadis.com\/?p=62429"},"modified":"2026-03-06T05:57:07","modified_gmt":"2026-03-06T05:57:07","slug":"vali-celik-karliovada-incelemelerde-bulundu","status":"publish","type":"post","link":"https:\/\/bihavadis.com\/index.php\/2026\/03\/06\/vali-celik-karliovada-incelemelerde-bulundu\/","title":{"rendered":"Vali \u00c7elik Karl\u0131ova&#8217;da \u0130ncelemelerde Bulundu"},"content":{"rendered":"<p>Bing\u00f6l Valisi Cahit \u00c7elik, Karl\u0131ova il\u00e7esini ziyaret etti.<\/p>\n<p>\u00c7e\u015fitli temaslarda bulunmak \u00fczere Karl\u0131ova&#8217;ya giden Vali \u00c7elik Karl\u0131ova Kaymakaml\u0131\u011f\u0131na ge\u00e7ti.<\/p>\n<p>Vali \u00c7elik&#8217;i Kaymakam Abdulselam B\u0131\u00e7ak, Belediye Ba\u015fkan Vekili Mehmet Can Karabulak ve il\u00e7e protokol\u00fc kar\u015f\u0131lad\u0131.<\/p>\n<p>G\u00f6r\u00fc\u015fmede, Kaymakam B\u0131\u00e7ak&#8217;tan il\u00e7edeki \u00e7al\u0131\u015fmalarla ilgili bilgi alan \u00c7elik, bir s\u00fcre \u00f6nce hayat\u0131n\u0131 kaybeden Adem Acar&#8217;\u0131n ailesine taziye ziyaretinde bulundu.<\/p>\n<p>\u0130l\u00e7ede vatanda\u015flarla da g\u00f6r\u00fc\u015fen \u00c7elik, Karl\u0131ova \u00d6\u011fretmenevinin konferans salonunda d\u00fczenlenen toplant\u0131da muhtarlarla bir araya geldi.<\/p>\n<p>Daha sonra Toklular k\u00f6y\u00fcnde yaz aylar\u0131nda at yar\u0131\u015f\u0131 d\u00fczenlenen alana giden \u00c7elik, at sahipleri ve yar\u0131\u015flara kat\u0131lan ki\u015filerle g\u00f6r\u00fc\u015ft\u00fc.<\/p>\n<p>Vali \u00c7elik, k\u00f6ydeki taziyeevinde vatanda\u015flarla g\u00f6r\u00fc\u015ft\u00fc.<\/p>\n<p>???????<\/p>\n","protected":false},"excerpt":{"rendered":"<p>Bing\u00f6l Valisi Cahit \u00c7elik, Karl\u0131ova&#8217;da kaymakaml\u0131k ziyaretinde bulunup, vatanda\u015flarla g\u00f6r\u00fc\u015ft\u00fc.<\/p>\n","protected":false},"author":1,"featured_media":62430,"comment_status":"open","ping_status":"open","sticky":false,"template":"","format":"standard","meta":{"footnotes":""},"categories":[12],"tags":[881],"class_list":["post-62429","post","type-post","status-publish","format-standard","has-post-thumbnail","hentry","category-siyaset","tag-celik"],"_links":{"self":[{"href":"https:\/\/bihavadis.com\/index.php\/wp-json\/wp\/v2\/posts\/62429","targetHints":{"allow":["GET"]}}],"collection":[{"href":"https:\/\/bihavadis.com\/index.php\/wp-json\/wp\/v2\/posts"}],"about":[{"href":"https:\/\/bihavadis.com\/index.php\/wp-json\/wp\/v2\/types\/post"}],"author":[{"embeddable":true,"href":"https:\/\/bihavadis.com\/index.php\/wp-json\/wp\/v2\/users\/1"}],"replies":[{"embeddable":true,"href":"https:\/\/bihavadis.com\/index.php\/wp-json\/wp\/v2\/comments?post=62429"}],"version-history":[{"count":1,"href":"https:\/\/bihavadis.com\/index.php\/wp-json\/wp\/v2\/posts\/62429\/revisions"}],"predecessor-version":[{"id":62431,"href":"https:\/\/bihavadis.com\/index.php\/wp-json\/wp\/v2\/posts\/62429\/revisions\/62431"}],"wp:featuredmedia":[{"embeddable":true,"href":"https:\/\/bihavadis.com\/index.php\/wp-json\/wp\/v2\/media\/62430"}],"wp:attachment":[{"href":"https:\/\/bihavadis.com\/index.php\/wp-json\/wp\/v2\/media?parent=62429"}],"wp:term":[{"taxonomy":"category","embeddable":true,"href":"https:\/\/bihavadis.com\/index.php\/wp-json\/wp\/v2\/categories?post=62429"},{"taxonomy":"post_tag","embeddable":true,"href":"https:\/\/bihavadis.com\/index.php\/wp-json\/wp\/v2\/tags?post=62429"}],"curies":[{"name":"wp","href":"https:\/\/api.w.org\/{rel}","templated":true}]}}