{"id":62508,"date":"2026-03-06T07:06:11","date_gmt":"2026-03-06T07:06:11","guid":{"rendered":"https:\/\/bihavadis.com\/?p=62508"},"modified":"2026-03-06T07:06:11","modified_gmt":"2026-03-06T07:06:11","slug":"deprem-sehitleri-icin-mevlit-toreni","status":"publish","type":"post","link":"https:\/\/bihavadis.com\/index.php\/2026\/03\/06\/deprem-sehitleri-icin-mevlit-toreni\/","title":{"rendered":"Deprem \u015eehitleri \u0130\u00e7in Mevlit T\u00f6reni"},"content":{"rendered":"<p> Yozgat, Nev\u015fehir, K\u0131r\u015fehir ve Ni\u011fde&#8217;de, Kahramanmara\u015f merkezli 6 \u015eubat 2023&#8217;te meydana gelen depremlerde hayat\u0131n\u0131 kaybedenler i\u00e7in mevlit okutuldu.<\/p>\n<p>Yozgat \u00c7apano\u011flu B\u00fcy\u00fck Cami&#8217;de cuma namaz\u0131 \u00f6ncesi d\u00fczenlenen program, Kur&#8217;an-\u0131 Kerim tilavetiyle ba\u015flad\u0131.<\/p>\n<p>Mevlit okunmas\u0131yla devam eden programda, \u0130l M\u00fcft\u00fcs\u00fc Nihat K\u00f6k taraf\u0131ndan depremde hayat\u0131n\u0131 kaybedenler i\u00e7in dua edildi.<\/p>\n<p>\u00d6te yandan, AFAD \u0130l M\u00fcd\u00fcrl\u00fc\u011f\u00fcnce kentteki bir al\u0131\u015fveri\u015f merkezinde, deprem b\u00f6lgelerinde \u00e7ekilen foto\u011fraflardan olu\u015fan sergi a\u00e7\u0131ld\u0131.<\/p>\n<p>Nev\u015fehir<\/p>\n<p>Nev\u015fehir&#8217;de Valilik himayesinde AFAD \u0130l M\u00fcd\u00fcrl\u00fc\u011f\u00fc organizasyonunda Kur\u015funlu Camisi&#8217;nde d\u00fczenlenen programda, Kur&#8217;an-\u0131 Kerim ve mevlit okundu.<\/p>\n<p>\u0130l M\u00fcft\u00fcs\u00fc Kaz\u0131m G\u00fczel, depremde hayat\u0131n\u0131 kaybeden vatanda\u015flar i\u00e7in dua etti.<\/p>\n<p>Cami \u00e7\u0131k\u0131\u015f\u0131nda vatanda\u015flara helva ikram\u0131nda bulunuldu, deprem b\u00f6lgesinde \u00e7ekilen foto\u011fraflardan olu\u015fan sergi gezildi.<\/p>\n<p>K\u0131r\u015fehir<\/p>\n<p>K\u0131r\u015fehir Hoca Ahmet Yesevi Camisi&#8217;ndeki mevlit program\u0131nda, Kur&#8217;an-\u0131 Kerim okundu, dua edildi.<\/p>\n<p>Namaz\u0131n ard\u0131ndan cemaate ikramda bulunuldu.<\/p>\n<p>Programa, K\u0131r\u015fehir Valisi Murat Sefa Demiry\u00fcrek, il protokol\u00fc ve \u00e7ok say\u0131da vatanda\u015f kat\u0131ld\u0131.<\/p>\n<p>Ni\u011fde<\/p>\n<p>Ni\u011fde D\u0131\u015far\u0131 Camisi&#8217;nde depremlerde hayat\u0131n\u0131 kaybedenler i\u00e7in Kur&#8217;an-\u0131 Kerim okundu, dua edildi.<\/p>\n<p>\u015ead\u0131rvan Park\u0131&#8217;nda devam eden programda protokol \u00fcyeleri, \u0130l Milli E\u011fitim M\u00fcd\u00fcrl\u00fc\u011f\u00fc ve AFAD \u0130l M\u00fcd\u00fcrl\u00fc\u011f\u00fc taraf\u0131ndan a\u00e7\u0131lan 6 \u015eubat Depremleri Resim Sergisi&#8217;ni gezdi.<\/p>\n<p>Ni\u011fde Valisi Nedim Akme\u015fe, burada yapt\u0131\u011f\u0131 konu\u015fmada, \u00fclkede 3 y\u0131l \u00f6nce b\u00fcy\u00fck felaket ya\u015fand\u0131\u011f\u0131n\u0131 an\u0131msatarak, hayat\u0131n\u0131 kaybedenlere Allah&#8217;tan rahmet diledi.<\/p>\n<p>Programa, AK Parti Ni\u011fde Milletvekili Cevahir Uzkurt, Ni\u011fde Belediye Ba\u015fkan\u0131 Emrah \u00d6zdemir, \u0130l Emniyet M\u00fcd\u00fcr\u00fc Erdin\u00e7 Y\u00fcceer, \u0130l Jandarma Komutan\u0131 Albay G\u00fcrol Okyar ve \u0130l Milli E\u011fitim M\u00fcd\u00fcr\u00fc Elif \u00d6zbek kat\u0131ld\u0131.<\/p>\n","protected":false},"excerpt":{"rendered":"<p>Yozgat, Nev\u015fehir, K\u0131r\u015fehir ve Ni\u011fde&#8217;de depremde hayat\u0131n\u0131 kaybedenler i\u00e7in mevlit okutuldu.<\/p>\n","protected":false},"author":1,"featured_media":62509,"comment_status":"open","ping_status":"open","sticky":false,"template":"","format":"standard","meta":{"footnotes":""},"categories":[9,4,13],"tags":[1172,60,3417,2066],"class_list":["post-62508","post","type-post","status-publish","format-standard","has-post-thumbnail","hentry","category-genel","category-gundem","category-son-dakika","tag-cami","tag-deprem","tag-hayatini-kaybeden","tag-nigde"],"_links":{"self":[{"href":"https:\/\/bihavadis.com\/index.php\/wp-json\/wp\/v2\/posts\/62508","targetHints":{"allow":["GET"]}}],"collection":[{"href":"https:\/\/bihavadis.com\/index.php\/wp-json\/wp\/v2\/posts"}],"about":[{"href":"https:\/\/bihavadis.com\/index.php\/wp-json\/wp\/v2\/types\/post"}],"author":[{"embeddable":true,"href":"https:\/\/bihavadis.com\/index.php\/wp-json\/wp\/v2\/users\/1"}],"replies":[{"embeddable":true,"href":"https:\/\/bihavadis.com\/index.php\/wp-json\/wp\/v2\/comments?post=62508"}],"version-history":[{"count":1,"href":"https:\/\/bihavadis.com\/index.php\/wp-json\/wp\/v2\/posts\/62508\/revisions"}],"predecessor-version":[{"id":62510,"href":"https:\/\/bihavadis.com\/index.php\/wp-json\/wp\/v2\/posts\/62508\/revisions\/62510"}],"wp:featuredmedia":[{"embeddable":true,"href":"https:\/\/bihavadis.com\/index.php\/wp-json\/wp\/v2\/media\/62509"}],"wp:attachment":[{"href":"https:\/\/bihavadis.com\/index.php\/wp-json\/wp\/v2\/media?parent=62508"}],"wp:term":[{"taxonomy":"category","embeddable":true,"href":"https:\/\/bihavadis.com\/index.php\/wp-json\/wp\/v2\/categories?post=62508"},{"taxonomy":"post_tag","embeddable":true,"href":"https:\/\/bihavadis.com\/index.php\/wp-json\/wp\/v2\/tags?post=62508"}],"curies":[{"name":"wp","href":"https:\/\/api.w.org\/{rel}","templated":true}]}}