{"id":62514,"date":"2026-03-06T07:12:08","date_gmt":"2026-03-06T07:12:08","guid":{"rendered":"https:\/\/bihavadis.com\/?p=62514"},"modified":"2026-03-06T07:12:08","modified_gmt":"2026-03-06T07:12:08","slug":"hurriyetci-saglik-sen-calisana-uzanan-el-kamu-duzenine-uzanmistir","status":"publish","type":"post","link":"https:\/\/bihavadis.com\/index.php\/2026\/03\/06\/hurriyetci-saglik-sen-calisana-uzanan-el-kamu-duzenine-uzanmistir\/","title":{"rendered":"H\u00fcrriyet\u00e7i Sa\u011fl\u0131k Sen, \u201c\u00c7al\u0131\u015fana uzanan el, kamu d\u00fczenine uzanm\u0131\u015ft\u0131r\u201d"},"content":{"rendered":"<p><span>2 Mart 2026 Pazartesi g\u00fcn\u00fc Karam\u00fcrsel Devlet Hastanesi Cerrahi Servisinde g\u00f6rev yapan hem\u015fire, g\u00f6revi ba\u015f\u0131nda hasta yak\u0131n\u0131 taraf\u0131ndan ger\u00e7ekle\u015ftirilen fiili sald\u0131r\u0131n\u0131n hedefi olmu\u015ftur. H\u00fcrriyet\u00e7i Sa\u011fl\u0131k Sen Kocaeli \u015eube Ba\u015fkan\u0131 Serkan <\/span><span>K\u00f6kduman<\/span><span>hastane \u00f6n\u00fcnde bas\u0131n a\u00e7\u0131klamas\u0131 yapt\u0131. <\/span><span>K\u00f6kduman<\/span><span> \u201c<\/span><span>G\u00f6rev ba\u015f\u0131ndaki bir hem\u015fireye el kald\u0131rmak, kamu hizmetine, insan hayat\u0131na ve devlet otoritesine el kald\u0131rmakt\u0131r\u201d dedi.\u00a0<\/span><\/p>\n<p><b><span>\u201cBu olay m\u00fcnferit de\u011fildir\u201d<\/span><\/b><\/p>\n<p><span>H\u00fcrriyet\u00e7i Sa\u011fl\u0131k Sen Kocaeli \u015eube Ba\u015fkan\u0131 Serkan <\/span><span>K\u00f6kduman<\/span><span> hastane \u00f6n\u00fcnde yapm\u0131\u015f oldu\u011fu a\u00e7\u0131klamada \u00a0\u201c<\/span><span>2 Mart 2026 tarihinde Karam\u00fcrsel Devlet Hastanesi Cerrahi Servisinde g\u00f6rev yapan bir hem\u015fire arkada\u015f\u0131m\u0131z, g\u00f6revini yapt\u0131\u011f\u0131 i\u00e7in darp edilmi\u015ftir. <\/span><span>Bu olay m\u00fcnferit de\u011fildir. Sa\u011fl\u0131kta \u015fiddet art\u0131k \u201cola\u011fan\u201d hale getirilmek istenmektedir. G\u00f6rev ba\u015f\u0131ndaki bir hem\u015fireye el kald\u0131rmak; yaln\u0131zca bir \u00e7al\u0131\u015fana de\u011fil, kamu hizmetine, insan hayat\u0131na ve devlet otoritesine el kald\u0131rmakt\u0131r.<\/span> <span>Olay nettir:<\/span> <span>Refakat\u00e7i olarak bulunan bir ki\u015fi, doktor muayenesi olmadan ila\u00e7 talep etmi\u015f, hem\u015fire arkada\u015f\u0131m\u0131z mevzuat gere\u011fi hekimin talimat\u0131 olmadan ila\u00e7 <\/span><span>veremeyece\u011fini ifade etmi\u015ftir. <\/span><\/p>\n<p><b>\u201cKorsu i\u00e7inde \u00e7al\u0131\u015f\u0131yorlar\u201d<\/b><\/p>\n<p><span>Yani g\u00f6revini y<\/span><span>apm\u0131\u015ft\u0131r. Yani hukuka uymu\u015ftur. <\/span><span>Yani hasta g\u00fcvenli\u011fini korumu\u015ftur.<\/span> <span>Buna kar\u015f\u0131l\u0131k hakarete u\u011fram\u0131\u015f, tehdit edilmi\u015f ve ard\u0131ndan fiziki sald\u0131r\u0131ya maruz kalm\u0131\u015ft\u0131r.<\/span> <span>Bu sald\u0131r\u0131 yaln\u0131zca bir hem\u015fireye de\u011fil; devletin koydu\u011fu kurallara, kamu hizmetine ve insan hayat\u0131n\u0131 koruma sorumlulu\u011funa y\u00f6nelmi\u015ftir.<\/span> <span>Art\u0131k a\u00e7\u0131k konu\u015fuyoruz: <\/span><span>Sa\u011fl\u0131kta \u015fiddet \u201ck\u0131na<\/span><span>ma\u201d mesajlar\u0131yla bitmemektedir. <\/span><span>Her sald\u0131r\u0131dan sonra yap\u0131lan rutin <\/span><span>a\u00e7\u0131klamalar cayd\u0131r\u0131c\u0131 de\u011fildir. <\/span><span>Sald\u0131rganlar tutuksuz yarg\u0131lanmakta, sa\u011fl\u0131k \u00e7al\u0131\u015fanlar\u0131 ise korku i\u00e7inde \u00e7al\u0131\u015fmaktad\u0131r.<\/span><\/p>\n<p><b>\u201cBuradan a\u00e7\u0131k\u00e7a ilan ediyoruz\u201d<\/b><\/p>\n<p><span>G\u00f6revini yapan sa\u011fl\u0131k \u00e7al\u0131\u015fan\u0131na uzanan her el, kamu otoritesinin zafiyetinin sonucudur.<\/span><span>Ba\u015fta Sa\u011fl\u0131k Bakanl\u0131\u011f\u0131 olmak \u00fczere t\u00fcm yetkililer;<\/span> <span>Sa\u011fl\u0131kta \u015fiddeti ger\u00e7ekten durduracak <\/span><span>a\u011f\u0131r ve ertelenemez cezai d\u00fczenlemeleri<\/span><span> derhal hayata ge\u00e7irmek,<\/span> <span>Tutuksuz yarg\u0131lama prati\u011fine son verecek yasal giri\u015fimleri ba\u015flatmak,<\/span> <span>Sa\u011fl\u0131k kurumlar\u0131nda kal\u0131c\u0131 g\u00fcvenlik tedbirlerini art\u0131rmak,<\/span><span>Sald\u0131r\u0131ya u\u011frayan personelin arkas\u0131nda ko\u015fulsuz durmak zorundad\u0131r.<\/span> <span>Sa\u011fl\u0131k \u00e7al\u0131\u015fan\u0131na uzanan her el, kamu d\u00fczenine uzanm\u0131\u015ft\u0131r.<\/span><\/p>\n<p><b><span>\u201cArt\u0131k sabr\u0131m\u0131z t\u00fckenmi\u015ftir\u201d<\/span><\/b><\/p>\n<p><span>Aksi halde ya\u015fanacak her yeni sald\u0131r\u0131n\u0131n sorumlulu\u011fu yaln\u0131zca sald\u0131rgana de\u011fil, gerekli \u00f6nlemleri almayan idari iradeye de ait olacakt\u0131r.<\/span> <span>Sa\u011fl\u0131k \u00e7al\u0131\u015fan\u0131 do<\/span><span>ktor emri olmadan ila\u00e7 veremez. <\/span><span>Bu bir terc<\/span><span>ih de\u011fil, kanuni zorunluluktur. <\/span><span>Kurala uyan\u0131n darp edildi\u011fi, sald\u0131rgan\u0131n cesaret buldu\u011fu bir d\u00fczen kabul edilemez.<\/span> <span>Art\u0131k sabr\u0131m\u0131z t\u00fckenmi\u015ftir.<\/span> <span>Sa\u011fl\u0131k \u00e7al\u0131\u015fan\u0131 sahipsiz <\/span><span>de\u011fildir. <\/span><span>\u015eiddeti normal<\/span><span>le\u015ftiren anlay\u0131\u015f\u0131 reddediyoruz. <\/span><span>Cayd\u0131r\u0131c\u0131, uygulanabilir ve sonu\u00e7 do\u011furan yasal d\u00fczenlemeler derhal \u00e7\u0131kar\u0131lmal\u0131d\u0131r.<\/span><\/p>\n<p><b>Susmayaca\u011f\u0131z\u2026<\/b><\/p>\n<p><span>Aksi halde susmayaca\u011f\u0131z. <\/span><span>Hukuki, idari ve demokratik t\u00fcm haklar\u0131m\u0131z\u0131 sonuna kadar kullanaca\u011f\u0131z. <\/span><span>Hem\u015firemize ge\u00e7mi\u015f olsun dileklerimizi iletiyor; g\u00f6revi ba\u015f\u0131nda \u015fiddete u\u011frayan t\u00fcm \u00e7al\u0131\u015fanlar\u0131n yan\u0131nday\u0131z.<\/span><span> Sa\u011fl\u0131k Sosyal Hizmet \u00c7al\u0131\u015fanlar\u0131 sahipsiz de\u011fildir<\/span><span>..<\/span><span>H\u00fcrriyet\u00e7i Sa\u011fl\u0131k Sen olarak 7\/24 \u00e7al\u0131\u015fanlar\u0131n yan\u0131nda olaca\u011f\u0131z.<\/span><span> Kamuoyuna sayg\u0131yla <\/span><span>duyurulur.\u201d Diyerek s\u00f6zlerini sonland\u0131rd\u0131.<\/span> <span>Bas\u0131n a\u00e7\u0131klamas\u0131n T.<\/span><span> Ta\u015fk\u0131ran<\/span><span> ve \u015e.<\/span> <span>\u00c7avu\u015fo\u011flu darp edilen hem\u015fire. Burhan Danac\u0131 il\u00e7e T<\/span><span>emsilcisi, Hasan Erkan T\u00fcrkmen i\u015f yeri Ba\u015f Temsilci, Bet\u00fcl <\/span><span>Cevirgen<\/span> <span>Temsici<\/span><span>. Arzu G\u00fcm\u00fc\u015f Kad\u0131nlar Kolu Ba\u015fkan <\/span><span>Yard\u0131mc\u0131s\u0131<\/span><span> kat\u0131ld\u0131. (BSHA \u2013 Bilim ve Sa\u011fl\u0131k Haber Ajans\u0131)\u00a0<\/span><\/p>\n","protected":false},"excerpt":{"rendered":"<p>H\u00fcrriyet\u00e7i Sa\u011fl\u0131k Sen, Karam\u00fcrsel Devlet Hastanesi&#8217;nde bir hem\u015firenin hasta yak\u0131n\u0131 taraf\u0131ndan fiili sald\u0131r\u0131ya u\u011framas\u0131na tepki g\u00f6sterdi.<\/p>\n","protected":false},"author":1,"featured_media":62515,"comment_status":"open","ping_status":"open","sticky":false,"template":"","format":"standard","meta":{"footnotes":""},"categories":[11],"tags":[469,1159,358,157,794],"class_list":["post-62514","post","type-post","status-publish","format-standard","has-post-thumbnail","hentry","category-saglik","tag-bas","tag-gorev","tag-hemsire","tag-saglik","tag-saldiri"],"_links":{"self":[{"href":"https:\/\/bihavadis.com\/index.php\/wp-json\/wp\/v2\/posts\/62514","targetHints":{"allow":["GET"]}}],"collection":[{"href":"https:\/\/bihavadis.com\/index.php\/wp-json\/wp\/v2\/posts"}],"about":[{"href":"https:\/\/bihavadis.com\/index.php\/wp-json\/wp\/v2\/types\/post"}],"author":[{"embeddable":true,"href":"https:\/\/bihavadis.com\/index.php\/wp-json\/wp\/v2\/users\/1"}],"replies":[{"embeddable":true,"href":"https:\/\/bihavadis.com\/index.php\/wp-json\/wp\/v2\/comments?post=62514"}],"version-history":[{"count":1,"href":"https:\/\/bihavadis.com\/index.php\/wp-json\/wp\/v2\/posts\/62514\/revisions"}],"predecessor-version":[{"id":62516,"href":"https:\/\/bihavadis.com\/index.php\/wp-json\/wp\/v2\/posts\/62514\/revisions\/62516"}],"wp:featuredmedia":[{"embeddable":true,"href":"https:\/\/bihavadis.com\/index.php\/wp-json\/wp\/v2\/media\/62515"}],"wp:attachment":[{"href":"https:\/\/bihavadis.com\/index.php\/wp-json\/wp\/v2\/media?parent=62514"}],"wp:term":[{"taxonomy":"category","embeddable":true,"href":"https:\/\/bihavadis.com\/index.php\/wp-json\/wp\/v2\/categories?post=62514"},{"taxonomy":"post_tag","embeddable":true,"href":"https:\/\/bihavadis.com\/index.php\/wp-json\/wp\/v2\/tags?post=62514"}],"curies":[{"name":"wp","href":"https:\/\/api.w.org\/{rel}","templated":true}]}}