{"id":62524,"date":"2026-03-06T07:21:06","date_gmt":"2026-03-06T07:21:06","guid":{"rendered":"https:\/\/bihavadis.com\/?p=62524"},"modified":"2026-03-06T07:21:06","modified_gmt":"2026-03-06T07:21:06","slug":"baskan-altay-belediye-birimlerini-ziyaret-ederek-calisanlarla-bulustu","status":"publish","type":"post","link":"https:\/\/bihavadis.com\/index.php\/2026\/03\/06\/baskan-altay-belediye-birimlerini-ziyaret-ederek-calisanlarla-bulustu\/","title":{"rendered":"Ba\u015fkan Altay, Belediye Birimlerini Ziyaret Ederek \u00c7al\u0131\u015fanlarla Bulu\u015ftu"},"content":{"rendered":"<p><strong>Konya B\u00fcy\u00fck\u015fehir Belediye Ba\u015fkan\u0131 U\u011fur \u0130brahim Altay, Konya B\u00fcy\u00fck\u015fehir Belediyesi\u2019ne ba\u011fl\u0131 daire birimlerinde g\u00f6revi ba\u015f\u0131nda bulunan personelle bir araya geldi ve \u00f6zverili \u00e7al\u0131\u015fmalar\u0131ndan dolay\u0131 te\u015fekk\u00fcr etti.<\/strong><\/p>\n<hr\/>\n<p>Konya B\u00fcy\u00fck\u015fehir Belediye Ba\u015fkan\u0131 U\u011fur \u0130brahim Altay, B\u00fcy\u00fck\u015fehir Belediyesi\u2019ne ba\u011fl\u0131 daire birimlerini ziyaret ederek g\u00f6revi ba\u015f\u0131nda bulunan personelle bir araya geldi.\u00a0<\/p>\n<p>Akyoku\u015f mevkiinde bulunan KOSK\u0130 Merkez \u0130\u00e7me Suyu Ar\u0131tma Tesisleri\u2019ni incelemeyle ba\u015flayan ziyaretler kapsam\u0131nda Ba\u015fkan Altay; \u0130klim De\u011fi\u015fikli\u011fi ve S\u0131f\u0131r At\u0131k; Gen\u00e7lik, Spor ve E\u011fitim Hizmetleri; K\u00fclt\u00fcr, Sanat ve Sosyal \u0130\u015fler ile D\u0131\u015f \u0130li\u015fkiler dairesi ba\u015fkanl\u0131klar\u0131n\u0131 ziyaret etti.<\/p>\n<p>Birimlerde g\u00f6revli personele kolayl\u0131k dileyen Ba\u015fkan Altay, belediye hizmetlerinin vatanda\u015flara en iyi \u015fekilde ula\u015ft\u0131r\u0131lmas\u0131nda \u00e7al\u0131\u015fanlar\u0131n eme\u011finin b\u00fcy\u00fck oldu\u011funu vurgulad\u0131. Konya B\u00fcy\u00fck\u015fehir Belediyesi\u2019nin \u201cKonya Modeli Belediyecilik\u201d anlay\u0131\u015f\u0131yla \u015fehre de\u011fer katan \u00e7al\u0131\u015fmalar y\u00fcr\u00fctt\u00fc\u011f\u00fcn\u00fc ifade eden Ba\u015fkan Altay, t\u00fcm personele \u00f6zverili \u00e7al\u0131\u015fmalar\u0131ndan dolay\u0131 te\u015fekk\u00fcr ederek ba\u015far\u0131lar diledi.<br \/>\u00a0<\/p>\n<p>\u00a0<\/p>\n<p>Kaynak: (BYZHA) Beyaz Haber Ajans\u0131<\/p>\n","protected":false},"excerpt":{"rendered":"<p>Konya B\u00fcy\u00fck\u015fehir Belediye Ba\u015fkan\u0131 U\u011fur \u0130brahim Altay, Konya B\u00fcy\u00fck\u015fehir Belediyesi\u2019ne ba\u011fl\u0131 daire birimlerinde g\u00f6revi ba\u015f\u0131nda bulunan personelle bir araya geldi ve \u00f6zverili \u00e7al\u0131\u015fmalar\u0131ndan dolay\u0131 te\u015fekk\u00fcr etti.<\/p>\n","protected":false},"author":1,"featured_media":62525,"comment_status":"open","ping_status":"open","sticky":false,"template":"","format":"standard","meta":{"footnotes":""},"categories":[4],"tags":[516,1448,426],"class_list":["post-62524","post","type-post","status-publish","format-standard","has-post-thumbnail","hentry","category-gundem","tag-baskan","tag-buyuksehir-belediye","tag-konya"],"_links":{"self":[{"href":"https:\/\/bihavadis.com\/index.php\/wp-json\/wp\/v2\/posts\/62524","targetHints":{"allow":["GET"]}}],"collection":[{"href":"https:\/\/bihavadis.com\/index.php\/wp-json\/wp\/v2\/posts"}],"about":[{"href":"https:\/\/bihavadis.com\/index.php\/wp-json\/wp\/v2\/types\/post"}],"author":[{"embeddable":true,"href":"https:\/\/bihavadis.com\/index.php\/wp-json\/wp\/v2\/users\/1"}],"replies":[{"embeddable":true,"href":"https:\/\/bihavadis.com\/index.php\/wp-json\/wp\/v2\/comments?post=62524"}],"version-history":[{"count":1,"href":"https:\/\/bihavadis.com\/index.php\/wp-json\/wp\/v2\/posts\/62524\/revisions"}],"predecessor-version":[{"id":62526,"href":"https:\/\/bihavadis.com\/index.php\/wp-json\/wp\/v2\/posts\/62524\/revisions\/62526"}],"wp:featuredmedia":[{"embeddable":true,"href":"https:\/\/bihavadis.com\/index.php\/wp-json\/wp\/v2\/media\/62525"}],"wp:attachment":[{"href":"https:\/\/bihavadis.com\/index.php\/wp-json\/wp\/v2\/media?parent=62524"}],"wp:term":[{"taxonomy":"category","embeddable":true,"href":"https:\/\/bihavadis.com\/index.php\/wp-json\/wp\/v2\/categories?post=62524"},{"taxonomy":"post_tag","embeddable":true,"href":"https:\/\/bihavadis.com\/index.php\/wp-json\/wp\/v2\/tags?post=62524"}],"curies":[{"name":"wp","href":"https:\/\/api.w.org\/{rel}","templated":true}]}}