{"id":62527,"date":"2026-03-06T07:24:13","date_gmt":"2026-03-06T07:24:13","guid":{"rendered":"https:\/\/bihavadis.com\/?p=62527"},"modified":"2026-03-06T07:24:13","modified_gmt":"2026-03-06T07:24:13","slug":"acilen-bosaltilma-karari-olan-bir-hastanede-gorev-yapmak-istemiyoruz","status":"publish","type":"post","link":"https:\/\/bihavadis.com\/index.php\/2026\/03\/06\/acilen-bosaltilma-karari-olan-bir-hastanede-gorev-yapmak-istemiyoruz\/","title":{"rendered":"\u201cAcilen bo\u015falt\u0131lma karar\u0131 olan bir hastanede g\u00f6rev yapmak istemiyoruz\u201d"},"content":{"rendered":"<p>\u00d6lmek istemiyoruz\u2026. \u0130zmir E\u011fitim Di\u015f Hastanesi \u00f6n\u00fcnde sendika y\u00f6neticileri ve \u00fcyeleri ile birlikte bas\u0131n a\u00e7\u0131klamas\u0131 yapan Birlik Sa\u011fl\u0131k Sen Genel Ba\u015fkan\u0131 Ahmet Do\u011fruyol, \u00f6nemli bir \u00e7a\u011fr\u0131da bulundu.<\/p>\n<p><b>\u201cAyn\u0131 felaketleri yeniden ya\u015famak istemiyoruz\u201d<\/b><\/p>\n<p>Do\u011fruyol, konu\u015fmas\u0131nda, \u201cAcil bo\u015falt\u0131lma karar\u0131 olan \u015fu \u00f6n\u00fcnde bulundu\u011fumuz \u0130zmir E\u011fitim Di\u015f Hastanesinde oldu\u011fu gibi, ba\u015fta \u0130zmir \u0130limiz olmak \u00fczere, \u00fclkemizin pek \u00e7ok ilinde bulunan sa\u011fl\u0131k kurulu\u015flar\u0131m\u0131z\u0131n depreme dayan\u0131ks\u0131z olmas\u0131, \u00f6ncelikle \u00e7al\u0131\u015fanlar\u0131m\u0131z\u0131n can g\u00fcvenli\u011fini tehlikeye atmakta, moral ve motivasyonunu bozmakta ve i\u015f verimini d\u00fc\u015f\u00fcrmektedir. Pek \u00e7ok hastanenin depreme dayan\u0131ks\u0131z oldu\u011funun tespiti y\u0131llar \u00f6nce yap\u0131lmas\u0131na ra\u011fmen, binalar\u0131n halen yenilenmemi\u015f olmas\u0131 \u00fcz\u00fcc\u00fc ve d\u00fc\u015f\u00fcnd\u00fcr\u00fcc\u00fcd\u00fcr. Can g\u00fcvenli\u011fi her \u015feyden \u00f6nce gelmelidir. 30 Ekim 2020\u2019de meydana gelen 6,6 b\u00fcy\u00fckl\u00fc\u011f\u00fcndeki \u0130zmir depreminde hayat\u0131n\u0131 kaybeden 117 vatanda\u015f\u0131m\u0131z\u0131, 6 \u015eubat 2023 tarihinde Kahramanmara\u015f merkezli olup, 11 ilimizi etkileyen ve tarihimizin en b\u00fcy\u00fck depremlerinden biri olan felakette hayat\u0131n\u0131 kaybeden 53 binden fazla insan\u0131, depremde sa\u011fl\u0131k kurulu\u015flar\u0131n\u0131n y\u0131k\u0131lmas\u0131 \u00fczerine hastanelerde g\u00f6revlerinin ba\u015f\u0131nda hayat\u0131n\u0131 kaybeden sa\u011fl\u0131k \u00e7al\u0131\u015fanlar\u0131m\u0131z\u0131 unutmad\u0131k. Unutmayaca\u011f\u0131z. Ve Ayn\u0131 felaketleri bir kez daha ya\u015famak istemiyoruz. On binlerce vatanda\u015f\u0131m\u0131z hayat\u0131n\u0131 kaybederken, y\u00fcz binlerce vatanda\u015f\u0131m\u0131z\u0131n da yaralanmas\u0131, uzuvlar\u0131n\u0131 kaybeden vatanda\u015flar\u0131m\u0131z\u0131n protezlerle hayat\u0131n\u0131 devam ettirmek zorunda kalmas\u0131n\u0131 unutmad\u0131k. Unutmayaca\u011f\u0131z. Ya\u015fanan bu ac\u0131 kay\u0131plar\u0131n nedenine bakt\u0131\u011f\u0131m\u0131zda g\u00f6r\u00fcyoruz ki, zaman i\u00e7inde gerek b\u00fcrokrasinin gerekse siyaset\u00e7ilerin ald\u0131\u011f\u0131 kararlar veya almad\u0131\u011f\u0131 \u00f6nlemler oldu\u011fu alenen ortadad\u0131r\u201d ifadelerine yer verdi.<\/p>\n<p><img decoding=\"async\" src=\"https:\/\/bihavadis.com\/wp-content\/uploads\/2026\/03\/acilen-bosaltilma-karari-olan-bir-hastanede-gorev-yapmak-istemiyoruz-0-bwv9Sd1F.jpeg\"\/><\/p>\n<p><b>Y\u0131llarca uyard\u0131k, Uyarmaya devam ediyoruz<\/b><\/p>\n<p>Do\u011fruyol \u015funlar\u0131 s\u00f6yledi, \u201c\u00dclkemizin deprem ku\u015fa\u011f\u0131nda olmas\u0131ndan dolay\u0131, olas\u0131 bir depremde felaketi ya\u015famamak i\u00e7in, gerekli her t\u00fcrl\u00fc tedbir acilen al\u0131nmal\u0131d\u0131r. \u00d6zellikle ve \u00f6ncelikle bir felakette vatanda\u015f\u0131m\u0131za yard\u0131m i\u00e7in \u00f6n planda olacak olan askerimizin, polisimizin, sa\u011fl\u0131k \u00e7al\u0131\u015fanlar\u0131m\u0131z\u0131n kulland\u0131\u011f\u0131 binalar\u0131n normal binalardan \u00e7ok daha sa\u011flan olmas\u0131n\u0131n tedbirleri al\u0131nmal\u0131 ve ikamet ettikleri binalar bile kendi inisiyatiflerine b\u0131rak\u0131lmamal\u0131d\u0131r ki, vatanda\u015flar\u0131m\u0131za yard\u0131mc\u0131 olabilecek meslek guruplar\u0131 alanda olabilsin. \u015eu \u00f6n\u00fcnde bulundu\u011fumuz bina gibi, depreme dayan\u0131ks\u0131z hastanelerin faaliyette tutulmas\u0131 hastane enkazlar\u0131nda y\u00fczlerce \u00e7al\u0131\u015fan\u0131m\u0131z\u0131n \u00f6lmesine sebep oldu\u011fu gibi, enkazdan kurtulup yard\u0131m alamad\u0131klar\u0131 i\u00e7in hayatlar\u0131n\u0131 kaybetmelerine de neden olacakt\u0131r. Maalesef bug\u00fcn bu ya\u015fanan ac\u0131 tablolardan dan ders \u00e7\u0131kard\u0131k m\u0131? Tabi ki HAYIR. Ders \u00e7\u0131karm\u0131\u015f olsayd\u0131k bu g\u00fcn bu hastanenin \u00f6n\u00fcnde olmazd\u0131k. Mevcut durumda bir\u00e7ok ilimizde depreme dayan\u0131ks\u0131z hatta y\u0131k\u0131m karar\u0131 olan hastanelerimiz faaliyette tutulmaktad\u0131r Unutulmamal\u0131d\u0131r ki \u00f6nlem al\u0131nmad\u0131\u011f\u0131 i\u00e7in her bir insan\u0131m\u0131z cinayete kurban gitmi\u015ftir. Biz acilen bo\u015falt\u0131lma karar\u0131 olan bir hastanede g\u00f6rev yapmak istemiyoruz. Depreme dayan\u0131ks\u0131z olan bu ve di\u011fer hastanelerin, sa\u011fl\u0131k kurulu\u015flar\u0131n\u0131n acilen yenilenmesini istiyoruz. Biz Birlik Sa\u011fl\u0131k Sen olarak her daim bilimin \u0131\u015f\u0131\u011f\u0131nda m\u00fccadelemizi vermeye, her platformda sesimizi y\u00fckseltmeye devam edece\u011fiz. Buradan sa\u011fl\u0131k bakanl\u0131\u011f\u0131na sesleniyoruz deprem an\u0131nda t\u00fcm insanlar\u0131n ihtiyac\u0131 olaca\u011f\u0131 tek \u015fey olan hastanelerimizi biran \u00f6nce depreme dayan\u0131kl\u0131 hale getirmelisiniz\u201d (BSHA \u2013 Bilim ve Sa\u011fl\u0131k Haber Ajans\u0131)<\/p>\n","protected":false},"excerpt":{"rendered":"<p>Birlik Sa\u011fl\u0131k Sen Genel Ba\u015fkan\u0131 Ahmet Do\u011fruyol, acil bo\u015faltma karar\u0131 bulunan \u0130zmir E\u011fitim Di\u015f Hastanesi&#8217;nde g\u00f6rev yapmak istemediklerini s\u00f6yledi.<\/p>\n","protected":false},"author":1,"featured_media":62528,"comment_status":"open","ping_status":"open","sticky":false,"template":"","format":"standard","meta":{"footnotes":""},"categories":[11],"tags":[1656,60,1747,2835,157],"class_list":["post-62527","post","type-post","status-publish","format-standard","has-post-thumbnail","hentry","category-saglik","tag-bina","tag-deprem","tag-hastane","tag-hayatini","tag-saglik"],"_links":{"self":[{"href":"https:\/\/bihavadis.com\/index.php\/wp-json\/wp\/v2\/posts\/62527","targetHints":{"allow":["GET"]}}],"collection":[{"href":"https:\/\/bihavadis.com\/index.php\/wp-json\/wp\/v2\/posts"}],"about":[{"href":"https:\/\/bihavadis.com\/index.php\/wp-json\/wp\/v2\/types\/post"}],"author":[{"embeddable":true,"href":"https:\/\/bihavadis.com\/index.php\/wp-json\/wp\/v2\/users\/1"}],"replies":[{"embeddable":true,"href":"https:\/\/bihavadis.com\/index.php\/wp-json\/wp\/v2\/comments?post=62527"}],"version-history":[{"count":1,"href":"https:\/\/bihavadis.com\/index.php\/wp-json\/wp\/v2\/posts\/62527\/revisions"}],"predecessor-version":[{"id":62530,"href":"https:\/\/bihavadis.com\/index.php\/wp-json\/wp\/v2\/posts\/62527\/revisions\/62530"}],"wp:featuredmedia":[{"embeddable":true,"href":"https:\/\/bihavadis.com\/index.php\/wp-json\/wp\/v2\/media\/62528"}],"wp:attachment":[{"href":"https:\/\/bihavadis.com\/index.php\/wp-json\/wp\/v2\/media?parent=62527"}],"wp:term":[{"taxonomy":"category","embeddable":true,"href":"https:\/\/bihavadis.com\/index.php\/wp-json\/wp\/v2\/categories?post=62527"},{"taxonomy":"post_tag","embeddable":true,"href":"https:\/\/bihavadis.com\/index.php\/wp-json\/wp\/v2\/tags?post=62527"}],"curies":[{"name":"wp","href":"https:\/\/api.w.org\/{rel}","templated":true}]}}