{"id":62570,"date":"2026-03-06T07:54:11","date_gmt":"2026-03-06T07:54:11","guid":{"rendered":"https:\/\/bihavadis.com\/?p=62570"},"modified":"2026-03-06T07:54:11","modified_gmt":"2026-03-06T07:54:11","slug":"antalyada-alacak-kavgasindan-1-kisiyi-olduren-supheli-tutuklandi","status":"publish","type":"post","link":"https:\/\/bihavadis.com\/index.php\/2026\/03\/06\/antalyada-alacak-kavgasindan-1-kisiyi-olduren-supheli-tutuklandi\/","title":{"rendered":"Antalya&#8217;da alacak kavgas\u0131ndan 1 ki\u015fiyi \u00f6ld\u00fcren \u015f\u00fcpheli tutukland\u0131"},"content":{"rendered":"<p>Antalya&#8217;da alacak verecek kavgas\u0131 can ald\u0131&#8230;<\/p>\n<p>Muratpa\u015fa il\u00e7esinde, Yakup \u00d6nal ile Y\u00fccel Nam\u0131k Kiri\u015f aras\u0131nda &#8216;alacak&#8217; nedeniyle tart\u0131\u015fma \u00e7\u0131kt\u0131.<\/p>\n<p><strong>SALDIRGAN \u00dc\u00c7 EL ATE\u015e ETT\u0130<\/strong><\/p>\n<p>Tart\u0131\u015fma b\u00fcy\u00fcy\u00fcp kavgaya d\u00f6n\u00fc\u015ft\u00fc, Y\u00fccel Nam\u0131k Kiri\u015f yan\u0131ndaki tabancayla Yakup \u00d6nal&#8217;a 3 el ate\u015f etti.<\/p>\n<p>Kur\u015funlardan 2&#8217;si \u00d6nal&#8217;a isabet etti, Kiri\u015f ka\u00e7t\u0131.<\/p>\n<p><strong>1 \u015eAHIS HAYATINI KAYBETT\u0130<\/strong><\/p>\n<p>\u0130hbarla adrese sevk edilen ekipler, \u00d6nal&#8217;\u0131n hayat\u0131n\u0131 kaybetti\u011fini belirledi.<\/p>\n<p>\u00d6nal&#8217;\u0131n cans\u0131z bedeni, otopsi i\u00e7in Antalya Adli T\u0131p Kurumu&#8217;nun morguna g\u00f6nderildi.<\/p>\n<p><img decoding=\"async\" src=\"https:\/\/bihavadis.com\/wp-content\/uploads\/2026\/03\/antalyada-alacak-kavgasindan-1-kisiyi-olduren-supheli-tutuklandi-0-BxrBHhBd.jpg\"\/><\/p>\n<p><strong>TAKS\u0130YLE GEL\u0130P, Y\u00dcR\u00dcYEREK KA\u00c7TI<\/strong><\/p>\n<p>Asayi\u015f \u015eube M\u00fcd\u00fcrl\u00fc\u011f\u00fc Cinayet B\u00fcro Amirli\u011fi ekipleri, g\u00fcvenlik kameralar\u0131n\u0131 inceleyip, kahvede bulunanlar\u0131n ifadesine ba\u015fvurdu.<\/p>\n<p>Ekiplerin ilk incelemesine g\u00f6re, Y\u00fccel Nam\u0131k Kiri\u015f&#8217;in taksiyle gelip i\u00e7eriye girdi\u011fi ve olay\u0131 ger\u00e7ekle\u015ftirdikten sonra yaya olarak uzakla\u015ft\u0131\u011f\u0131 belirtildi.<\/p>\n<p><strong>C\u0130NAYET ZANLISI TUTUKLANARAK CEZAEV\u0130NE G\u00d6NDER\u0130LD\u0130<\/strong><\/p>\n<p>\u015e\u00fcphelinin yakalanmas\u0131 i\u00e7in \u00e7al\u0131\u015fmalar\u0131n\u0131 s\u00fcrd\u00fcren ekipler, d\u00fcn gece bulundu\u011fu yeri belirledi.<\/p>\n<p>Operasyonla g\u00f6zalt\u0131na al\u0131nan Y\u00fccel Nam\u0131k Kiri\u015f, ifadesi i\u00e7in polis merkezine g\u00f6t\u00fcr\u00fcld\u00fc.<\/p>\n<p>Bug\u00fcn i\u015flemlerinin ard\u0131ndan sa\u011fl\u0131k kontrol\u00fcnden ge\u00e7irilen Kiri\u015f, adliyeye sevk edildi.<\/p>\n<p>Savc\u0131l\u0131k ifadesi sonras\u0131 Y\u00fccel Nam\u0131k Kiri\u015f, \u00e7\u0131kar\u0131ld\u0131\u011f\u0131 sulh ceza hakimli\u011fi taraf\u0131ndan &#8216;kasten \u00f6ld\u00fcrme&#8217; su\u00e7undan tutukland\u0131.<\/p>\n<p><img decoding=\"async\" src=\"https:\/\/bihavadis.com\/wp-content\/uploads\/2026\/03\/antalyada-alacak-kavgasindan-1-kisiyi-olduren-supheli-tutuklandi-1-HDqRDE1b.jpg\"\/><\/p>\n<p><img decoding=\"async\" src=\"https:\/\/bihavadis.com\/wp-content\/uploads\/2026\/03\/antalyada-alacak-kavgasindan-1-kisiyi-olduren-supheli-tutuklandi-2-xYjDrsbf.jpg\"\/> <\/p>\n<div> <span><strong>Kaynak:<\/strong> Demir\u00f6ren Haber Ajans\u0131 (DHA)<\/span> <\/div>\n","protected":false},"excerpt":{"rendered":"<p>Antalya&#8217;da alacak verecek kavgas\u0131 can ald\u0131&#8230; Muratpa\u015fa il\u00e7esinde, Yakup \u00d6nal ile Y\u00fccel Nam\u0131k Kiri\u015f aras\u0131nda &#8216;alacak&#8217; nedeniyle tart\u0131\u015fma \u00e7\u0131kt\u0131. SALDIRGAN \u00dc\u00c7 EL ATE\u015e ETT\u0130 Tart\u0131\u015fma b\u00fcy\u00fcy\u00fcp kavgaya d\u00f6n\u00fc\u015ft\u00fc, Y\u00fccel Nam\u0131k Kiri\u015f yan\u0131ndaki tabancayla Yakup &#8230;<\/p>\n","protected":false},"author":1,"featured_media":62571,"comment_status":"open","ping_status":"open","sticky":false,"template":"","format":"standard","meta":{"footnotes":""},"categories":[4,13],"tags":[5037],"class_list":["post-62570","post","type-post","status-publish","format-standard","has-post-thumbnail","hentry","category-gundem","category-son-dakika","tag-onal"],"_links":{"self":[{"href":"https:\/\/bihavadis.com\/index.php\/wp-json\/wp\/v2\/posts\/62570","targetHints":{"allow":["GET"]}}],"collection":[{"href":"https:\/\/bihavadis.com\/index.php\/wp-json\/wp\/v2\/posts"}],"about":[{"href":"https:\/\/bihavadis.com\/index.php\/wp-json\/wp\/v2\/types\/post"}],"author":[{"embeddable":true,"href":"https:\/\/bihavadis.com\/index.php\/wp-json\/wp\/v2\/users\/1"}],"replies":[{"embeddable":true,"href":"https:\/\/bihavadis.com\/index.php\/wp-json\/wp\/v2\/comments?post=62570"}],"version-history":[{"count":1,"href":"https:\/\/bihavadis.com\/index.php\/wp-json\/wp\/v2\/posts\/62570\/revisions"}],"predecessor-version":[{"id":62575,"href":"https:\/\/bihavadis.com\/index.php\/wp-json\/wp\/v2\/posts\/62570\/revisions\/62575"}],"wp:featuredmedia":[{"embeddable":true,"href":"https:\/\/bihavadis.com\/index.php\/wp-json\/wp\/v2\/media\/62571"}],"wp:attachment":[{"href":"https:\/\/bihavadis.com\/index.php\/wp-json\/wp\/v2\/media?parent=62570"}],"wp:term":[{"taxonomy":"category","embeddable":true,"href":"https:\/\/bihavadis.com\/index.php\/wp-json\/wp\/v2\/categories?post=62570"},{"taxonomy":"post_tag","embeddable":true,"href":"https:\/\/bihavadis.com\/index.php\/wp-json\/wp\/v2\/tags?post=62570"}],"curies":[{"name":"wp","href":"https:\/\/api.w.org\/{rel}","templated":true}]}}