{"id":62712,"date":"2026-03-06T09:54:12","date_gmt":"2026-03-06T09:54:12","guid":{"rendered":"https:\/\/bihavadis.com\/?p=62712"},"modified":"2026-03-06T09:54:12","modified_gmt":"2026-03-06T09:54:12","slug":"yalovada-baba-ve-kizini-darbeden-suphelinin-kardesi-burnundaki-kani-kizin-uzerine-akitti","status":"publish","type":"post","link":"https:\/\/bihavadis.com\/index.php\/2026\/03\/06\/yalovada-baba-ve-kizini-darbeden-suphelinin-kardesi-burnundaki-kani-kizin-uzerine-akitti\/","title":{"rendered":"Yalova&#8217;da baba ve k\u0131z\u0131n\u0131 darbeden \u015f\u00fcphelinin karde\u015fi: Burnundaki kan\u0131 k\u0131z\u0131n \u00fczerine ak\u0131tt\u0131"},"content":{"rendered":"<p>Yalova&#8217;n\u0131n \u00c7\u0131narc\u0131k il\u00e7esinin Esenk\u00f6y beldesinde kom\u015fular aras\u0131nda \u00e7\u0131kan kavga sonras\u0131 yaralanan 14 ayl\u0131k \u0130kra Baca taburcu edildi.<\/p>\n<p>Olayla ilgili g\u00f6zalt\u0131na al\u0131nan \u015f\u00fcphelilerden \u015eener Ergin tutuklan\u0131rken, Servet Ergin savc\u0131l\u0131k sorgusunun ard\u0131ndan serbest b\u0131rak\u0131ld\u0131.<\/p>\n<p><strong>G\u00dcR\u00dcLT\u00dc NEDEN\u0130YLE S\u00dcREN HUSUMET KAVGAYA D\u00d6ND\u00dc<\/strong><\/p>\n<p>Yakla\u015f\u0131k bir y\u0131l \u00f6nce Esenk\u00f6y\u2019deki bir apartmana ta\u015f\u0131nan 4 \u00e7ocuklu Baca ailesi ile ayn\u0131 binada oturan Ergin ailesi aras\u0131nda g\u00fcr\u00fclt\u00fc nedeniyle uzun s\u00fcredir anla\u015fmazl\u0131k ya\u015fand\u0131\u011f\u0131 \u00f6ne s\u00fcr\u00fcld\u00fc.<\/p>\n<p>\u0130ddiaya g\u00f6re 20 \u015eubat ak\u015fam\u0131 Muhammet Baca, evine d\u00f6nerken bina yak\u0131n\u0131nda kom\u015fusu \u015eener Ergin ile kar\u015f\u0131la\u015ft\u0131. Taraflar aras\u0131nda ba\u015flayan s\u00f6zl\u00fc tart\u0131\u015fma k\u0131sa s\u00fcrede b\u00fcy\u00fcd\u00fc.<\/p>\n<p>Baca\u2019n\u0131n ihbar\u0131 \u00fczerine olay yerine jandarma ekipleri sevk edildi. Bu s\u0131rada Muhammet Baca\u2019n\u0131n 14 ayl\u0131k k\u0131z\u0131 \u0130kra\u2019y\u0131 kuca\u011f\u0131na ald\u0131\u011f\u0131, \u00e7\u0131kan arbedede baba ile bebe\u011fin yaraland\u0131\u011f\u0131 belirtildi.<\/p>\n<p>Muhammet Baca\u2019n\u0131n burnunun k\u0131r\u0131ld\u0131\u011f\u0131, \u0130kra Baca\u2019n\u0131n ise ba\u015f\u0131nda \u00fc\u00e7 \u00e7atlak ve sa\u011f g\u00f6z\u00fcnde yaralanma olu\u015ftu\u011fu tespit edildi.<\/p>\n<p>Baba ve k\u0131z\u0131, Yalova E\u011fitim ve Ara\u015ft\u0131rma Hastanesi\u2019ne kald\u0131r\u0131ld\u0131. Tedavilerinin ard\u0131ndan hayati tehlikelerinin bulunmad\u0131\u011f\u0131 a\u00e7\u0131kland\u0131.<\/p>\n<p><img decoding=\"async\" src=\"https:\/\/bihavadis.com\/wp-content\/uploads\/2026\/03\/yalovada-baba-ve-kizini-darbeden-suphelinin-kardesi-burnundaki-kani-kizin-uzerine-akitti-0-9uG7S75r.jpg\"\/><\/p>\n<p><strong>A\u011eABEY TUTUKLU KARDE\u015e SERBEST<\/strong><\/p>\n<p>Olay sonras\u0131 g\u00f6zalt\u0131na al\u0131nan \u015eener Ergin \u00e7\u0131kar\u0131ld\u0131\u011f\u0131 mahkemece tutuklan\u0131rken, Servet Ergin savc\u0131l\u0131ktaki ifadesinin ard\u0131ndan serbest b\u0131rak\u0131ld\u0131.<\/p>\n<p>Servet Ergin, iddialar\u0131 reddederek, \u0130kra bebe\u011fin annesinin kuca\u011f\u0131ndan merdivenlere d\u00fc\u015ft\u00fc\u011f\u00fcn\u00fc \u00f6ne s\u00fcrd\u00fc.<\/p>\n<p>Ergin, Muhammet Baca\u2019n\u0131n burnu kanad\u0131ktan sonra \u00e7ocu\u011fu kuca\u011f\u0131na alarak kan\u0131 \u00fczerine ak\u0131tt\u0131\u011f\u0131n\u0131 ve<b><em> \u201c\u00c7ocu\u011fumu darbettiler\u201d <\/em><\/b>diye ba\u011f\u0131rd\u0131\u011f\u0131n\u0131 iddia etti.<\/p>\n<p>Muhammet Baca&#8217;n\u0131n aralar\u0131ndaki husumet nedeniyle Servet Ergin hakk\u0131nda kap\u0131s\u0131na mermi b\u0131rakt\u0131\u011f\u0131 iddias\u0131yla uzakla\u015ft\u0131rma karar\u0131 \u00e7\u0131kard\u0131\u011f\u0131 da \u00f6\u011frenildi. \u0130ddialar\u0131 yalanlayan Ergin, tehdit mesajlar\u0131 ald\u0131\u011f\u0131n\u0131 \u00f6ne s\u00fcrd\u00fc.<\/p>\n<p>Servet Ergin, o g\u00fcn eve geciken \u00e7ocuklar\u0131n\u0131 aramaya \u00e7\u0131kt\u0131\u011f\u0131n\u0131 ve olay s\u0131ras\u0131nda da \u0130kra bebe\u011fin annesinin kuca\u011f\u0131ndan merdivenlere d\u00fc\u015ft\u00fc\u011f\u00fcn\u00fc s\u00f6yleyerek, \u015f\u00f6yle konu\u015ftu:<\/p>\n<p>Ben a\u015fa\u011f\u0131 inerken Muhammet Baca denen ki\u015fi arabas\u0131yla kar\u015f\u0131dan geliyordu. Ben onu ge\u00e7tikten sonra, bana ge\u00e7erken camdan parmak sallayarak k\u00fcf\u00fcrler etti. Ben durdum, \u2018Hay\u0131rd\u0131r\u2019 diye seslendim. \u2018Sana hay\u0131rd\u0131r\u2019 diye ba\u011f\u0131r\u0131p, \u00e7a\u011f\u0131rd\u0131. Ben Muhammet Baca\u2019y\u0131 iyi k\u00f6t\u00fc bildi\u011fim i\u00e7in, biraz da tak\u0131nt\u0131l\u0131 oldu\u011fu i\u00e7in, bast\u0131m gittim. Ben gittikten sonra \u00e7ocuklar\u0131 buldum. Eve d\u00f6nerken bakt\u0131m yine jandarmay\u0131 \u00e7a\u011f\u0131rm\u0131\u015f. Orada bir \u015feyler anlat\u0131yor. Yine ba\u011f\u0131r\u0131yor, \u00e7a\u011f\u0131r\u0131yor. Muhammet Baca orada bana sald\u0131rd\u0131. Kolluk kuvvetleri araya girdi. Muhammet Baca benim karde\u015fim \u015eener Ergin&#8217;e k\u00fcf\u00fcrler ederek sald\u0131rm\u0131\u015ft\u0131r. Sald\u0131r\u0131rken birbirlerine vurmaya ba\u015flad\u0131lar. Biz araya girdik, jandarma ile ay\u0131rd\u0131k. Elinde k\u00fc\u00e7\u00fck bir \u00e7ocuk vard\u0131. Sonra \u00e7ocuk annesi Bilge Baca&#8217;n\u0131n kollar\u0131ndayken olay esnas\u0131nda yere d\u00fc\u015ft\u00fc. Yere d\u00fc\u015ferken Muhammet Baca\u2019n\u0131n burnu kanad\u0131\u011f\u0131nda \u00e7ocu\u011fu kuca\u011f\u0131na al\u0131p, kan\u0131 \u00e7ocu\u011fun \u00fczerine ak\u0131tarak, \u2018\u00c7ocu\u011fumu darbettiler\u2019 diye ba\u011f\u0131rmaya ba\u015flad\u0131.<\/p>\n<p><img decoding=\"async\" src=\"https:\/\/bihavadis.com\/wp-content\/uploads\/2026\/03\/yalovada-baba-ve-kizini-darbeden-suphelinin-kardesi-burnundaki-kani-kizin-uzerine-akitti-1-4T2rGMyM.jpg\"\/><\/p>\n<p><strong>YALOVA VAL\u0130L\u0130\u011e\u0130: H\u0130\u00c7B\u0130R SU\u00c7 CEZASIZ KALMAYACAK<\/strong><\/p>\n<p>Yalova Valisi Ahmet Hamdi Usta, hastanede baba ve bebe\u011fi ziyaret etti. Yalova Valili\u011fi taraf\u0131ndan yap\u0131lan yaz\u0131l\u0131 a\u00e7\u0131klamada, olay\u0131n sosyal medyada yans\u0131t\u0131ld\u0131\u011f\u0131 gibi m\u00fcnferit bir sald\u0131r\u0131 de\u011fil, iki kom\u015fu aras\u0131nda ge\u00e7mi\u015fe dayal\u0131 ki\u015fisel anla\u015fmazl\u0131k sonucu meydana geldi\u011fi belirtildi.<\/p>\n<p>A\u00e7\u0131klamada, olay\u0131n Valilik taraf\u0131ndan titizlikle takip edildi\u011fi, jandarma ekiplerince b\u00f6lgede g\u00fcvenlik \u00f6nlemlerinin al\u0131nd\u0131\u011f\u0131 vurgulanarak, <b><em>\u201c\u00dclkemiz bir hukuk devletidir, hi\u00e7bir su\u00e7 ve su\u00e7lu cezas\u0131z kalmayacakt\u0131r\u201d <\/em><\/b>denildi.<\/p>\n<p><img decoding=\"async\" src=\"https:\/\/bihavadis.com\/wp-content\/uploads\/2026\/03\/yalovada-baba-ve-kizini-darbeden-suphelinin-kardesi-burnundaki-kani-kizin-uzerine-akitti-2-Y8ATu5LG.jpg\"\/><\/p>\n<p><strong>SORU\u015eTURMA S\u00dcR\u00dcYOR<\/strong><\/p>\n<p>Olayla ilgili adli soru\u015fturma devam ederken, tedavisi tamamlanan 14 ayl\u0131k \u0130kra Baca\u2019n\u0131n hastaneden taburcu edildi\u011fi bildirildi.<\/p>\n<p><img decoding=\"async\" src=\"https:\/\/bihavadis.com\/wp-content\/uploads\/2026\/03\/yalovada-baba-ve-kizini-darbeden-suphelinin-kardesi-burnundaki-kani-kizin-uzerine-akitti-3-97uAqniS.jpg\"\/><\/p>\n<p><img decoding=\"async\" src=\"https:\/\/bihavadis.com\/wp-content\/uploads\/2026\/03\/yalovada-baba-ve-kizini-darbeden-suphelinin-kardesi-burnundaki-kani-kizin-uzerine-akitti-4-NKHw6vkP.jpg\"\/> <\/p>\n<div> <span><strong>Kaynak:<\/strong> Demir\u00f6ren Haber Ajans\u0131 (DHA)<\/span> <\/div>\n","protected":false},"excerpt":{"rendered":"<p>Yalova&#8217;n\u0131n \u00c7\u0131narc\u0131k il\u00e7esinin Esenk\u00f6y beldesinde kom\u015fular aras\u0131nda \u00e7\u0131kan kavga sonras\u0131 yaralanan 14 ayl\u0131k \u0130kra Baca taburcu edildi. Olayla ilgili g\u00f6zalt\u0131na al\u0131nan \u015f\u00fcphelilerden \u015eener Ergin tutuklan\u0131rken, Servet Ergin savc\u0131l\u0131k sorgusunun ard\u0131ndan &#8230;<\/p>\n","protected":false},"author":1,"featured_media":62713,"comment_status":"open","ping_status":"open","sticky":false,"template":"","format":"standard","meta":{"footnotes":""},"categories":[4,13],"tags":[7151,242,4701,7327,256],"class_list":["post-62712","post","type-post","status-publish","format-standard","has-post-thumbnail","hentry","category-gundem","category-son-dakika","tag-baca","tag-cocuk","tag-ergin","tag-ikra","tag-olay"],"_links":{"self":[{"href":"https:\/\/bihavadis.com\/index.php\/wp-json\/wp\/v2\/posts\/62712","targetHints":{"allow":["GET"]}}],"collection":[{"href":"https:\/\/bihavadis.com\/index.php\/wp-json\/wp\/v2\/posts"}],"about":[{"href":"https:\/\/bihavadis.com\/index.php\/wp-json\/wp\/v2\/types\/post"}],"author":[{"embeddable":true,"href":"https:\/\/bihavadis.com\/index.php\/wp-json\/wp\/v2\/users\/1"}],"replies":[{"embeddable":true,"href":"https:\/\/bihavadis.com\/index.php\/wp-json\/wp\/v2\/comments?post=62712"}],"version-history":[{"count":1,"href":"https:\/\/bihavadis.com\/index.php\/wp-json\/wp\/v2\/posts\/62712\/revisions"}],"predecessor-version":[{"id":62719,"href":"https:\/\/bihavadis.com\/index.php\/wp-json\/wp\/v2\/posts\/62712\/revisions\/62719"}],"wp:featuredmedia":[{"embeddable":true,"href":"https:\/\/bihavadis.com\/index.php\/wp-json\/wp\/v2\/media\/62713"}],"wp:attachment":[{"href":"https:\/\/bihavadis.com\/index.php\/wp-json\/wp\/v2\/media?parent=62712"}],"wp:term":[{"taxonomy":"category","embeddable":true,"href":"https:\/\/bihavadis.com\/index.php\/wp-json\/wp\/v2\/categories?post=62712"},{"taxonomy":"post_tag","embeddable":true,"href":"https:\/\/bihavadis.com\/index.php\/wp-json\/wp\/v2\/tags?post=62712"}],"curies":[{"name":"wp","href":"https:\/\/api.w.org\/{rel}","templated":true}]}}